{"id":31255,"date":"2020-01-30T22:01:00","date_gmt":"2020-01-30T21:01:00","guid":{"rendered":"https:\/\/unser-quartier.de\/stadt-bergheim\/?p=31255"},"modified":"2020-01-30T22:04:07","modified_gmt":"2020-01-30T21:04:07","slug":"erfolgreiche-integrationsarbeit-in-bergheim","status":"publish","type":"post","link":"https:\/\/unser-quartier.de\/stadt-bergheim\/2020\/01\/erfolgreiche-integrationsarbeit-in-bergheim\/","title":{"rendered":"Erfolgreiche Integrationsarbeit in Bergheim"},"content":{"rendered":"<p><img data-recalc-dims=\"1\" loading=\"lazy\" decoding=\"async\" data-attachment-id=\"31256\" data-permalink=\"https:\/\/unser-quartier.de\/stadt-bergheim\/2020\/01\/erfolgreiche-integrationsarbeit-in-bergheim\/eef6a6fc-e4eb-4ff2-bc47-d484d953581d\/\" data-orig-file=\"https:\/\/i0.wp.com\/unser-quartier.de\/stadt-bergheim\/files\/2020\/01\/EEF6A6FC-E4EB-4FF2-BC47-D484D953581D.jpeg?fit=768%2C1024&amp;ssl=1\" data-orig-size=\"768,1024\" data-comments-opened=\"0\" data-image-meta=\"{&quot;aperture&quot;:&quot;0&quot;,&quot;credit&quot;:&quot;&quot;,&quot;camera&quot;:&quot;&quot;,&quot;caption&quot;:&quot;&quot;,&quot;created_timestamp&quot;:&quot;0&quot;,&quot;copyright&quot;:&quot;&quot;,&quot;focal_length&quot;:&quot;0&quot;,&quot;iso&quot;:&quot;0&quot;,&quot;shutter_speed&quot;:&quot;0&quot;,&quot;title&quot;:&quot;&quot;,&quot;orientation&quot;:&quot;0&quot;}\" data-image-title=\"EEF6A6FC-E4EB-4FF2-BC47-D484D953581D\" data-image-description=\"\" data-image-caption=\"\" data-medium-file=\"https:\/\/i0.wp.com\/unser-quartier.de\/stadt-bergheim\/files\/2020\/01\/EEF6A6FC-E4EB-4FF2-BC47-D484D953581D.jpeg?fit=225%2C300&amp;ssl=1\" data-large-file=\"https:\/\/i0.wp.com\/unser-quartier.de\/stadt-bergheim\/files\/2020\/01\/EEF6A6FC-E4EB-4FF2-BC47-D484D953581D.jpeg?fit=768%2C1024&amp;ssl=1\" class=\"alignnone size-full wp-image-31256\" src=\"https:\/\/i0.wp.com\/unser-quartier.de\/stadt-bergheim\/files\/2020\/01\/EEF6A6FC-E4EB-4FF2-BC47-D484D953581D.jpeg?resize=768%2C1024&#038;ssl=1\" alt=\"\" width=\"768\" height=\"1024\" srcset=\"https:\/\/i0.wp.com\/unser-quartier.de\/stadt-bergheim\/files\/2020\/01\/EEF6A6FC-E4EB-4FF2-BC47-D484D953581D.jpeg?w=768&amp;ssl=1 768w, https:\/\/i0.wp.com\/unser-quartier.de\/stadt-bergheim\/files\/2020\/01\/EEF6A6FC-E4EB-4FF2-BC47-D484D953581D.jpeg?resize=225%2C300&amp;ssl=1 225w, https:\/\/i0.wp.com\/unser-quartier.de\/stadt-bergheim\/files\/2020\/01\/EEF6A6FC-E4EB-4FF2-BC47-D484D953581D.jpeg?resize=113%2C150&amp;ssl=1 113w\" sizes=\"auto, (max-width: 768px) 100vw, 768px\" \/><\/p>\n<p><span style=\"font-size: 20px;font-family: arial, helvetica, sans-serif\">Staatssekret\u00e4rin G\u00fcler besuchte am 29. Januar 2020 die Kreisstadt Bergheim.\u00a0Erfolgreiche Integrationsarbeit in den Bergheimer Stadtteilen<br \/>\n<\/span><\/p>\n<p><span style=\"font-size: 20px;font-family: arial, helvetica, sans-serif\">Die Bev\u00f6lkerungsstruktur hat sich in den Kommunen stark ver\u00e4ndert, auch in der Kreisstadt Bergheim. Die kulturelle und ethnische Vielfalt ist gro\u00df. Und das stellt alle vor besondere Herausforderungen, um ein Miteinander und nicht ein Nebeneinander in den Wohnorten zu schaffen. \u201eWir setzen uns nicht erst seit heute mit diesem Thema auseinander. Wir arbeiten seit mehreren Jahren mit Projekten und konkreten Ma\u00dfnahmen daran, dass das Zusammenleben in unseren Orten funktioniert. Ich freue mich, dass sich die Staatssekret\u00e4rin Serap G\u00fcler bei ihrem heutigen Besuch unserer Kita \u201eDie kleinen Strolche\u201c und des Quartiersb\u00fcros in unserem Stadtteil Ahe sowie unseres B\u00fcrgertreffs Gleis 11 in Quadrath- Ichendorf selbst ein Bild von unserer erfolgreichen Integrationsarbeit machen konnte. Sie ist das Ergebnis intensiver professioneller Arbeit vor Ort, eines gro\u00dfen Engagements vieler Beteiligter und einer intensiven Netzwerkarbeit,\u201c so B\u00fcrgermeister Volker Mie\u00dfeler anl\u00e4sslich des Besuches.\u00a0Integrationsarbeit muss bereits bei den J\u00fcngsten beginnen. Der Besuch der Kita in Ahe \u201edie kleinen Strolche\u201c war daf\u00fcr ein beeindruckendes Beispiel. Die Kita ist zugleich ein Familienzentrum, um die Kinder und Familien im Ort mit gezielten Angeboten in ihrem Lebensalltag und bei der gesellschaftlichen Integration zu unterst\u00fctzen und zu begleiten. Sprachbarrieren zu beseitigen, gleich von Anfang an.<\/span><\/p>\n<p><span style=\"font-size: 20px;font-family: arial, helvetica, sans-serif\"> Das geh\u00f6rt mit zum\u00a0Konzept der Kita, die auch als Sprach-Kita bekannt ist, weil hier ein starker Fokus auf der Sprachf\u00f6rderung liegt.\u00a0Eine weitere wichtige Voraussetzung f\u00fcr die erfolgreiche Stadtteilarbeit in Ahe war und ist die F\u00f6rderung von 1,5 Stellen. Dadurch konnten ein Schulsozialarbeiter und mit einer halben Stelle ein Streetworker eingestellt werden. Da der Streetworker Romanesk spricht, hatte er gleich Zugang zu der in Ahe lebenden gro\u00dfen Gruppe der Roma.\u00a0F\u00fcr die Integrationsarbeit sind Anlaufstellen im Wohnort wichtig. Eine solche Anlaufstelle ist das Quartiersb\u00fcro in Ahe, das im M\u00e4rz 2018 geschaffen wurde. Es st\u00e4rkt die Vernetzung der Akteure vor Ort, unterst\u00fctzt und initiiert Projekte und Ideen.<br \/>\n\u201eWeniger Kinder und Jugendliche fehlen in der Schule, die Anwohnerbeschwerden im Aher Wohnpark sind deutlich zur\u00fcckgegangen, die Anmeldungen in der Kita und in der Schule sind gestiegen, Kontakte wurden unter den B\u00fcrgerinnen und B\u00fcrgern gekn\u00fcpft, Vertrauen hat sich entwickelt. Diese Fakten dokumentieren den Erfolg unserer Integrationsarbeit in Ahe. <\/span><\/p>\n<p><span style=\"font-size: 20px;font-family: arial, helvetica, sans-serif\">Grunds\u00e4tzlich ist die Integrationsarbeit in unseren Stadtteilen immer durch eine deutliche N\u00e4he zu den B\u00fcrgerinnen und B\u00fcrgern, ihre Beteiligung und Einbindung gekennzeichnet. Davon konnte sich die Staatssekret\u00e4rin auch bei der letzten Station des Besuches, dem B\u00fcrgertreff Gleis 11 in Quadrath- Ichendorf, \u00fcberzeugen\u201c, erkl\u00e4rt B\u00fcrgermeister Mie\u00dfeler.<\/span><\/p>\n<p><img data-recalc-dims=\"1\" loading=\"lazy\" decoding=\"async\" data-attachment-id=\"31257\" data-permalink=\"https:\/\/unser-quartier.de\/stadt-bergheim\/2020\/01\/erfolgreiche-integrationsarbeit-in-bergheim\/74afb3c9-fe27-4579-8f10-e533fac9c96b\/\" data-orig-file=\"https:\/\/i0.wp.com\/unser-quartier.de\/stadt-bergheim\/files\/2020\/01\/74AFB3C9-FE27-4579-8F10-E533FAC9C96B.jpeg?fit=1024%2C768&amp;ssl=1\" data-orig-size=\"1024,768\" data-comments-opened=\"0\" data-image-meta=\"{&quot;aperture&quot;:&quot;0&quot;,&quot;credit&quot;:&quot;&quot;,&quot;camera&quot;:&quot;&quot;,&quot;caption&quot;:&quot;&quot;,&quot;created_timestamp&quot;:&quot;0&quot;,&quot;copyright&quot;:&quot;&quot;,&quot;focal_length&quot;:&quot;0&quot;,&quot;iso&quot;:&quot;0&quot;,&quot;shutter_speed&quot;:&quot;0&quot;,&quot;title&quot;:&quot;&quot;,&quot;orientation&quot;:&quot;0&quot;}\" data-image-title=\"74AFB3C9-FE27-4579-8F10-E533FAC9C96B\" data-image-description=\"\" data-image-caption=\"\" data-medium-file=\"https:\/\/i0.wp.com\/unser-quartier.de\/stadt-bergheim\/files\/2020\/01\/74AFB3C9-FE27-4579-8F10-E533FAC9C96B.jpeg?fit=300%2C225&amp;ssl=1\" data-large-file=\"https:\/\/i0.wp.com\/unser-quartier.de\/stadt-bergheim\/files\/2020\/01\/74AFB3C9-FE27-4579-8F10-E533FAC9C96B.jpeg?fit=770%2C578&amp;ssl=1\" class=\"alignnone size-full wp-image-31257\" src=\"https:\/\/i0.wp.com\/unser-quartier.de\/stadt-bergheim\/files\/2020\/01\/74AFB3C9-FE27-4579-8F10-E533FAC9C96B.jpeg?resize=770%2C578&#038;ssl=1\" alt=\"\" width=\"770\" height=\"578\" srcset=\"https:\/\/i0.wp.com\/unser-quartier.de\/stadt-bergheim\/files\/2020\/01\/74AFB3C9-FE27-4579-8F10-E533FAC9C96B.jpeg?w=1024&amp;ssl=1 1024w, https:\/\/i0.wp.com\/unser-quartier.de\/stadt-bergheim\/files\/2020\/01\/74AFB3C9-FE27-4579-8F10-E533FAC9C96B.jpeg?resize=300%2C225&amp;ssl=1 300w, https:\/\/i0.wp.com\/unser-quartier.de\/stadt-bergheim\/files\/2020\/01\/74AFB3C9-FE27-4579-8F10-E533FAC9C96B.jpeg?resize=150%2C113&amp;ssl=1 150w, https:\/\/i0.wp.com\/unser-quartier.de\/stadt-bergheim\/files\/2020\/01\/74AFB3C9-FE27-4579-8F10-E533FAC9C96B.jpeg?resize=768%2C576&amp;ssl=1 768w\" sizes=\"auto, (max-width: 770px) 100vw, 770px\" \/><\/p>\n","protected":false},"excerpt":{"rendered":"<\/p>\n<p>Staatssekret\u00e4rin G\u00fcler besuchte am 29. Januar 2020 die Kreisstadt Bergheim.\u00a0Erfolgreiche Integrationsarbeit in den Bergheimer Stadtteilen <\/p>\n<p>Die Bev\u00f6lkerungsstruktur hat sich in den Kommunen stark ver\u00e4ndert, auch in der Kreisstadt Bergheim. Die kulturelle und ethnische Vielfalt ist gro\u00df. Und das stellt alle vor besondere Herausforderungen, um ein Miteinander und nicht ein Nebeneinander in den Wohnorten &hellip; <\/p>\n<p><a class=\"more-link btn\" href=\"https:\/\/unser-quartier.de\/stadt-bergheim\/2020\/01\/erfolgreiche-integrationsarbeit-in-bergheim\/\">Weiterlesen<\/a><\/p>\n","protected":false},"author":48,"featured_media":31257,"comment_status":"closed","ping_status":"closed","sticky":false,"template":"","format":"standard","meta":{"_bbp_topic_count":0,"_bbp_reply_count":0,"_bbp_total_topic_count":0,"_bbp_total_reply_count":0,"_bbp_voice_count":0,"_bbp_anonymous_reply_count":0,"_bbp_topic_count_hidden":0,"_bbp_reply_count_hidden":0,"_bbp_forum_subforum_count":0,"jetpack_post_was_ever_published":false,"_jetpack_newsletter_access":"","_jetpack_dont_email_post_to_subs":false,"_jetpack_newsletter_tier_id":0,"_jetpack_memberships_contains_paywalled_content":false,"_jetpack_memberships_contains_paid_content":false,"footnotes":""},"categories":[1],"tags":[],"class_list":["post-31255","post","type-post","status-publish","format-standard","has-post-thumbnail","hentry","category-allgemein","item-wrap"],"jetpack_sharing_enabled":true,"jetpack_featured_media_url":"https:\/\/i0.wp.com\/unser-quartier.de\/stadt-bergheim\/files\/2020\/01\/74AFB3C9-FE27-4579-8F10-E533FAC9C96B.jpeg?fit=1024%2C768&ssl=1","jetpack_shortlink":"https:\/\/wp.me\/p3vhfJ-887","jetpack_likes_enabled":true,"_links":{"self":[{"href":"https:\/\/unser-quartier.de\/stadt-bergheim\/wp-json\/wp\/v2\/posts\/31255","targetHints":{"allow":["GET"]}}],"collection":[{"href":"https:\/\/unser-quartier.de\/stadt-bergheim\/wp-json\/wp\/v2\/posts"}],"about":[{"href":"https:\/\/unser-quartier.de\/stadt-bergheim\/wp-json\/wp\/v2\/types\/post"}],"author":[{"embeddable":true,"href":"https:\/\/unser-quartier.de\/stadt-bergheim\/wp-json\/wp\/v2\/users\/48"}],"replies":[{"embeddable":true,"href":"https:\/\/unser-quartier.de\/stadt-bergheim\/wp-json\/wp\/v2\/comments?post=31255"}],"version-history":[{"count":0,"href":"https:\/\/unser-quartier.de\/stadt-bergheim\/wp-json\/wp\/v2\/posts\/31255\/revisions"}],"wp:featuredmedia":[{"embeddable":true,"href":"https:\/\/unser-quartier.de\/stadt-bergheim\/wp-json\/wp\/v2\/media\/31257"}],"wp:attachment":[{"href":"https:\/\/unser-quartier.de\/stadt-bergheim\/wp-json\/wp\/v2\/media?parent=31255"}],"wp:term":[{"taxonomy":"category","embeddable":true,"href":"https:\/\/unser-quartier.de\/stadt-bergheim\/wp-json\/wp\/v2\/categories?post=31255"},{"taxonomy":"post_tag","embeddable":true,"href":"https:\/\/unser-quartier.de\/stadt-bergheim\/wp-json\/wp\/v2\/tags?post=31255"}],"curies":[{"name":"wp","href":"https:\/\/api.w.org\/{rel}","templated":true}]}}