{"id":31259,"date":"2020-02-01T01:53:51","date_gmt":"2020-02-01T00:53:51","guid":{"rendered":"https:\/\/unser-quartier.de\/stadt-bergheim\/?p=31259"},"modified":"2020-02-01T02:00:28","modified_gmt":"2020-02-01T01:00:28","slug":"neues-von-der-erftbahn-rb-38","status":"publish","type":"post","link":"https:\/\/unser-quartier.de\/stadt-bergheim\/2020\/02\/neues-von-der-erftbahn-rb-38\/","title":{"rendered":"Neues von der Erftbahn RB 38"},"content":{"rendered":"<p><span style=\"font-size: 20px;font-family: arial, helvetica, sans-serif\">Neues von der Erftbahn RB 38, der Erft-S-Bahn und der Stadtbahnverl\u00e4ngerung<br \/>\n\u00dcber die Bauarbeiten, die ab Sommer dieses Jahres die Unterbrechung der durchgehenden Verbindung der RB 38 zwischen Bergheim und K\u00f6ln in Horrem erfordert, wurde in den letzten Wochen viel diskutiert. Nach dem Bekanntwerden wurde als Erstes im November letzten Jahres eine Resolution im Rat der Kreisstadt Bergheim gefasst, die zum Ziel hatte, noch einmal nach L\u00f6sungen zu suchen, die eine teilweise Aufrechterhaltung des Fahrbetriebes erm\u00f6glichen. In der Folge gab es eine von der Kreisstadt Bergheim initiierte Unterschriftenaktion und sogar eine Sondersitzung des Verkehrsausschusses des Rhein-Erft-Kreises.\u00a0Nun haben der B\u00fcrgermeister der Kreisstadt Bergheim, Volker Mie\u00dfeler, und der Gesch\u00e4ftsf\u00fchrer des Nahverkehr Rheinland, Dr. Norbert Reinkober, noch einmal alle Aspekte dieses f\u00fcr alle Beteiligte nur wenig zufriedenstellenden Verfahrens im Bergheimer Rathaus er\u00f6rtert.<br \/>\nIn dem in guter und partnerschaftlicher Atmosph\u00e4re gef\u00fchrten Gespr\u00e4ch wurde noch einmal der Fokus darauf gelegt, wie der unvermeidliche Umstieg in Horrem von der RB 38 auf die S-Bahn und den Regionalexpress bestm\u00f6glich gestaltet wird. Klargestellt wurde, dass alle Z\u00fcge der RB 38 nicht auf dem etwas abseits gelegenen Kurvenbahnsteig halten sondern auf dem nahe dem weiteren Bahnsteigen gelegenen Gleis 11. Von Horrem aus werden 8 Verbindungen je Stunde nach K\u00f6ln zur Verf\u00fcgung gestellt und insbesondere die von Sindorf kommenden S-Bahnen werden ausreichend Platz f\u00fcr die zus\u00e4tzlichen Fahrg\u00e4ste der RB 38 bieten. Au\u00dferdem werden demn\u00e4chst die neuen RRX-Z\u00fcge eingesetzt, die 20% mehr Kapazit\u00e4t gegen\u00fcber den bisherigen Regionalexpress-Z\u00fcgen bieten. F\u00fcr Umsteiger nach Bergheim (und Bedburg) wird sichergestellt, dass in Horrem immer ein Zug zum Einstieg bereit steht, um Wartezeiten so angenehm wie m\u00f6glich zu gestalten. Auch die Errichtung einer \u00dcberdachung des Gleises 11 in Horrem ist bei der DB angefragt, ist zum jetzigen Zeitpunkt aber noch nicht abschlie\u00dfend gekl\u00e4rt. Zuk\u00fcnftig soll auch das Baustellenmanagement \u2013 insbesondere die Kommunikation \u2013 deutlich optimiert werden: der NVR stellt 2 neue Mitarbeiter ein, die sich mit diesem Thema besch\u00e4ftigen werden.\u00a0Mit diesen Verbesserungen, so sind sich B\u00fcrgermeister Mie\u00dfeler und Dr. Reinkober einig, wird zumindest einiges f\u00fcr den Komfort der Fahrg\u00e4ste der RB 38 erreicht.<br \/>\nB\u00fcrgermeister Volker Mie\u00dfeler hierzu: \u201eIch h\u00e4tte mir gew\u00fcnscht, dass es gelingt, die RB 38 wenigstens teilweise morgens und abends unterbrechungsfrei fahren zu lassen, musste mich aber \u00fcberzeugen lassen, dass es hierzu technische M\u00f6glichkeiten nur zu Lasten anderer Bahnstrecken gegeben h\u00e4tte. Mit dem nunmehr Erreichten kann und muss man aber unter Ber\u00fccksichtigung der Umst\u00e4nde zufrieden sein.<\/span><\/p>\n<p><span style=\"font-size: 20px\">Zum Ausbau der Strecke der RB 38 zur Erft-S-Bahn konnte Dr. Reinkober Erfreuliches berichten: die Planungsstufen 1 und 2 sind weitgehend abgeschlossen und werden DB Netz \u00fcbermittelt. Die Planungsstufen 3 und 4 werden vom NVR finanziert und kurzfristig auf den Weg gebracht. Die in Aussicht stehenden Mittel zur Strukturf\u00f6rderung im Rahmen des Kohleausstieges wirken sich f\u00fcr die Umsetzung sehr positiv aus!\u201c Dr. Reinkober hierzu: \u201eWir wollen die derzeitige Regionalbahnlinie zwischen Horrem und Bedburg zu einer vollwertigen S-Bahn-Linie ausbauen. Das ist das Ziel aller Beteiligten. Damit w\u00fcrden wir in punkto Kapazit\u00e4t und Attraktivit\u00e4t neue Ma\u00dfst\u00e4be setzen und viele Pendler von der Stra\u00dfe auf die Schiene bringen.\u201c\u00a0Abschlie\u00dfend wurde auch noch die Verl\u00e4ngerung der Stadtbahn von K\u00f6ln \u00fcber Brauweiler nach Niederau\u00dfem angesprochen. Die Stadt K\u00f6ln ist \u2013 so sieht es aus \u2013 stark an dieser Linienverl\u00e4ngerung interessiert. F\u00fcr dieses Projekt wird zun\u00e4chst eine Machbarkeitsstudie erforderlich. Die Stadtbahnverl\u00e4ngerung wurde bereits durch den NVR bei der Zukunftsagentur Rheinische Revier zur F\u00f6rderung angemeldet.<\/span><br \/>\n<span style=\"font-size: 20px\">B\u00fcrgermeister Volker Mie\u00dfeler und Gesch\u00e4ftsf\u00fchrer Dr. Norbert Reinkober vereinbarten, dieses im Interesse der gesamten Region liegende Projekt des Nahverkehrs partnerschaftlich und in gegenseitiger Information und Abstimmung vorantreiben zu wollen. B\u00fcrgermeister Mie\u00dfeler wird hierzu als Erstes den Landrat und Dr. Reinkober zu einem Abstimmungsgespr\u00e4ch einladen.<\/span><\/p>\n<p>&nbsp;<\/p>\n","protected":false},"excerpt":{"rendered":"<p>Neues von der Erftbahn RB 38, der Erft-S-Bahn und der Stadtbahnverl\u00e4ngerung \u00dcber die Bauarbeiten, die ab Sommer dieses Jahres die Unterbrechung der durchgehenden Verbindung der RB 38 zwischen Bergheim und K\u00f6ln in Horrem erfordert, wurde in den letzten Wochen viel diskutiert. Nach dem Bekanntwerden wurde als Erstes im November letzten Jahres eine Resolution im Rat &hellip; <\/p>\n<p><a class=\"more-link btn\" href=\"https:\/\/unser-quartier.de\/stadt-bergheim\/2020\/02\/neues-von-der-erftbahn-rb-38\/\">Weiterlesen<\/a><\/p>\n","protected":false},"author":48,"featured_media":0,"comment_status":"closed","ping_status":"closed","sticky":false,"template":"","format":"standard","meta":{"_bbp_topic_count":0,"_bbp_reply_count":0,"_bbp_total_topic_count":0,"_bbp_total_reply_count":0,"_bbp_voice_count":0,"_bbp_anonymous_reply_count":0,"_bbp_topic_count_hidden":0,"_bbp_reply_count_hidden":0,"_bbp_forum_subforum_count":0,"jetpack_post_was_ever_published":false,"_jetpack_newsletter_access":"","_jetpack_dont_email_post_to_subs":false,"_jetpack_newsletter_tier_id":0,"_jetpack_memberships_contains_paywalled_content":false,"_jetpack_memberships_contains_paid_content":false,"footnotes":""},"categories":[1],"tags":[],"class_list":["post-31259","post","type-post","status-publish","format-standard","hentry","category-allgemein","item-wrap"],"jetpack_sharing_enabled":true,"jetpack_featured_media_url":"","jetpack_shortlink":"https:\/\/wp.me\/p3vhfJ-88b","jetpack_likes_enabled":true,"_links":{"self":[{"href":"https:\/\/unser-quartier.de\/stadt-bergheim\/wp-json\/wp\/v2\/posts\/31259","targetHints":{"allow":["GET"]}}],"collection":[{"href":"https:\/\/unser-quartier.de\/stadt-bergheim\/wp-json\/wp\/v2\/posts"}],"about":[{"href":"https:\/\/unser-quartier.de\/stadt-bergheim\/wp-json\/wp\/v2\/types\/post"}],"author":[{"embeddable":true,"href":"https:\/\/unser-quartier.de\/stadt-bergheim\/wp-json\/wp\/v2\/users\/48"}],"replies":[{"embeddable":true,"href":"https:\/\/unser-quartier.de\/stadt-bergheim\/wp-json\/wp\/v2\/comments?post=31259"}],"version-history":[{"count":0,"href":"https:\/\/unser-quartier.de\/stadt-bergheim\/wp-json\/wp\/v2\/posts\/31259\/revisions"}],"wp:attachment":[{"href":"https:\/\/unser-quartier.de\/stadt-bergheim\/wp-json\/wp\/v2\/media?parent=31259"}],"wp:term":[{"taxonomy":"category","embeddable":true,"href":"https:\/\/unser-quartier.de\/stadt-bergheim\/wp-json\/wp\/v2\/categories?post=31259"},{"taxonomy":"post_tag","embeddable":true,"href":"https:\/\/unser-quartier.de\/stadt-bergheim\/wp-json\/wp\/v2\/tags?post=31259"}],"curies":[{"name":"wp","href":"https:\/\/api.w.org\/{rel}","templated":true}]}}