{"id":31264,"date":"2020-02-02T12:18:06","date_gmt":"2020-02-02T11:18:06","guid":{"rendered":"https:\/\/unser-quartier.de\/stadt-bergheim\/?p=31264"},"modified":"2020-02-02T12:27:12","modified_gmt":"2020-02-02T11:27:12","slug":"was-sagt-ihnen-maria-lichtmess","status":"publish","type":"post","link":"https:\/\/unser-quartier.de\/stadt-bergheim\/2020\/02\/was-sagt-ihnen-maria-lichtmess\/","title":{"rendered":"Was sagt Ihnen &#8220;Maria Lichtmess&#8221;?"},"content":{"rendered":"<p><img data-recalc-dims=\"1\" loading=\"lazy\" decoding=\"async\" data-attachment-id=\"31265\" data-permalink=\"https:\/\/unser-quartier.de\/stadt-bergheim\/2020\/02\/was-sagt-ihnen-maria-lichtmess\/3f745202-1db4-48e3-a31c-7934d934c863\/\" data-orig-file=\"https:\/\/i0.wp.com\/unser-quartier.de\/stadt-bergheim\/files\/2020\/02\/3F745202-1DB4-48E3-A31C-7934D934C863.jpeg?fit=750%2C473&amp;ssl=1\" data-orig-size=\"750,473\" data-comments-opened=\"0\" data-image-meta=\"{&quot;aperture&quot;:&quot;0&quot;,&quot;credit&quot;:&quot;&quot;,&quot;camera&quot;:&quot;&quot;,&quot;caption&quot;:&quot;&quot;,&quot;created_timestamp&quot;:&quot;0&quot;,&quot;copyright&quot;:&quot;&quot;,&quot;focal_length&quot;:&quot;0&quot;,&quot;iso&quot;:&quot;0&quot;,&quot;shutter_speed&quot;:&quot;0&quot;,&quot;title&quot;:&quot;&quot;,&quot;orientation&quot;:&quot;1&quot;}\" data-image-title=\"3F745202-1DB4-48E3-A31C-7934D934C863\" data-image-description=\"\" data-image-caption=\"\" data-medium-file=\"https:\/\/i0.wp.com\/unser-quartier.de\/stadt-bergheim\/files\/2020\/02\/3F745202-1DB4-48E3-A31C-7934D934C863.jpeg?fit=300%2C189&amp;ssl=1\" data-large-file=\"https:\/\/i0.wp.com\/unser-quartier.de\/stadt-bergheim\/files\/2020\/02\/3F745202-1DB4-48E3-A31C-7934D934C863.jpeg?fit=750%2C473&amp;ssl=1\" class=\"alignnone size-full wp-image-31265\" src=\"https:\/\/i0.wp.com\/unser-quartier.de\/stadt-bergheim\/files\/2020\/02\/3F745202-1DB4-48E3-A31C-7934D934C863.jpeg?resize=750%2C473&#038;ssl=1\" alt=\"\" width=\"750\" height=\"473\" srcset=\"https:\/\/i0.wp.com\/unser-quartier.de\/stadt-bergheim\/files\/2020\/02\/3F745202-1DB4-48E3-A31C-7934D934C863.jpeg?w=750&amp;ssl=1 750w, https:\/\/i0.wp.com\/unser-quartier.de\/stadt-bergheim\/files\/2020\/02\/3F745202-1DB4-48E3-A31C-7934D934C863.jpeg?resize=300%2C189&amp;ssl=1 300w, https:\/\/i0.wp.com\/unser-quartier.de\/stadt-bergheim\/files\/2020\/02\/3F745202-1DB4-48E3-A31C-7934D934C863.jpeg?resize=150%2C95&amp;ssl=1 150w\" sizes=\"auto, (max-width: 750px) 100vw, 750px\" \/><\/p>\n<p><span style=\"font-size: 20px;font-family: arial, helvetica, sans-serif\">Heute, am 40. Tag nach Weihnachten, endet in der katholischen Kirche offiziell die Weihnachtszeit mit dem Kirchenfest &#8220;Maria Lichtmess&#8221;. Dieses Fest geht auf einen alten j\u00fcdischen Brauch zur\u00fcck. 40 Tage nach der Geburt wurde der erstgeborene Sohn in den Tempel gebracht, um ihn Jahwe zu weihen. Gleichzeitig endete f\u00fcr die Mutter die Zeit der Unreinheit, in der sie von ihrem Mann nicht &#8220;ber\u00fchrt&#8221; werden durfte. Die Christen weihten sp\u00e4ter diesen Tag Maria. An diesem Tag wurden dann auch die Kerzen f\u00fcr das kommende Jahr in einer heiligen Messe geweiht und so entstand der Name &#8220;Maria Lichtmess&#8221;.<\/span><\/p>\n<p>von Lothar Imhoff<\/p>\n<p><img data-recalc-dims=\"1\" loading=\"lazy\" decoding=\"async\" data-attachment-id=\"31265\" data-permalink=\"https:\/\/unser-quartier.de\/stadt-bergheim\/2020\/02\/was-sagt-ihnen-maria-lichtmess\/3f745202-1db4-48e3-a31c-7934d934c863\/\" data-orig-file=\"https:\/\/i0.wp.com\/unser-quartier.de\/stadt-bergheim\/files\/2020\/02\/3F745202-1DB4-48E3-A31C-7934D934C863.jpeg?fit=750%2C473&amp;ssl=1\" data-orig-size=\"750,473\" data-comments-opened=\"0\" data-image-meta=\"{&quot;aperture&quot;:&quot;0&quot;,&quot;credit&quot;:&quot;&quot;,&quot;camera&quot;:&quot;&quot;,&quot;caption&quot;:&quot;&quot;,&quot;created_timestamp&quot;:&quot;0&quot;,&quot;copyright&quot;:&quot;&quot;,&quot;focal_length&quot;:&quot;0&quot;,&quot;iso&quot;:&quot;0&quot;,&quot;shutter_speed&quot;:&quot;0&quot;,&quot;title&quot;:&quot;&quot;,&quot;orientation&quot;:&quot;1&quot;}\" data-image-title=\"3F745202-1DB4-48E3-A31C-7934D934C863\" data-image-description=\"\" data-image-caption=\"\" data-medium-file=\"https:\/\/i0.wp.com\/unser-quartier.de\/stadt-bergheim\/files\/2020\/02\/3F745202-1DB4-48E3-A31C-7934D934C863.jpeg?fit=300%2C189&amp;ssl=1\" data-large-file=\"https:\/\/i0.wp.com\/unser-quartier.de\/stadt-bergheim\/files\/2020\/02\/3F745202-1DB4-48E3-A31C-7934D934C863.jpeg?fit=750%2C473&amp;ssl=1\" class=\"alignnone size-full wp-image-31265\" src=\"https:\/\/i0.wp.com\/unser-quartier.de\/stadt-bergheim\/files\/2020\/02\/3F745202-1DB4-48E3-A31C-7934D934C863.jpeg?resize=750%2C473&#038;ssl=1\" alt=\"\" width=\"750\" height=\"473\" srcset=\"https:\/\/i0.wp.com\/unser-quartier.de\/stadt-bergheim\/files\/2020\/02\/3F745202-1DB4-48E3-A31C-7934D934C863.jpeg?w=750&amp;ssl=1 750w, https:\/\/i0.wp.com\/unser-quartier.de\/stadt-bergheim\/files\/2020\/02\/3F745202-1DB4-48E3-A31C-7934D934C863.jpeg?resize=300%2C189&amp;ssl=1 300w, https:\/\/i0.wp.com\/unser-quartier.de\/stadt-bergheim\/files\/2020\/02\/3F745202-1DB4-48E3-A31C-7934D934C863.jpeg?resize=150%2C95&amp;ssl=1 150w\" sizes=\"auto, (max-width: 750px) 100vw, 750px\" \/><\/p>\n","protected":false},"excerpt":{"rendered":"<\/p>\n<p>Heute, am 40. Tag nach Weihnachten, endet in der katholischen Kirche offiziell die Weihnachtszeit mit dem Kirchenfest &#8220;Maria Lichtmess&#8221;. Dieses Fest geht auf einen alten j\u00fcdischen Brauch zur\u00fcck. 40 Tage nach der Geburt wurde der erstgeborene Sohn in den Tempel gebracht, um ihn Jahwe zu weihen. Gleichzeitig endete f\u00fcr die Mutter die Zeit der &hellip; <\/p>\n<p><a class=\"more-link btn\" href=\"https:\/\/unser-quartier.de\/stadt-bergheim\/2020\/02\/was-sagt-ihnen-maria-lichtmess\/\">Weiterlesen<\/a><\/p>\n","protected":false},"author":48,"featured_media":31265,"comment_status":"closed","ping_status":"closed","sticky":false,"template":"","format":"standard","meta":{"_bbp_topic_count":0,"_bbp_reply_count":0,"_bbp_total_topic_count":0,"_bbp_total_reply_count":0,"_bbp_voice_count":0,"_bbp_anonymous_reply_count":0,"_bbp_topic_count_hidden":0,"_bbp_reply_count_hidden":0,"_bbp_forum_subforum_count":0,"jetpack_post_was_ever_published":false,"_jetpack_newsletter_access":"","_jetpack_dont_email_post_to_subs":false,"_jetpack_newsletter_tier_id":0,"_jetpack_memberships_contains_paywalled_content":false,"_jetpack_memberships_contains_paid_content":false,"footnotes":""},"categories":[1],"tags":[],"class_list":["post-31264","post","type-post","status-publish","format-standard","has-post-thumbnail","hentry","category-allgemein","item-wrap"],"jetpack_sharing_enabled":true,"jetpack_featured_media_url":"https:\/\/i0.wp.com\/unser-quartier.de\/stadt-bergheim\/files\/2020\/02\/3F745202-1DB4-48E3-A31C-7934D934C863.jpeg?fit=750%2C473&ssl=1","jetpack_shortlink":"https:\/\/wp.me\/p3vhfJ-88g","jetpack_likes_enabled":true,"_links":{"self":[{"href":"https:\/\/unser-quartier.de\/stadt-bergheim\/wp-json\/wp\/v2\/posts\/31264","targetHints":{"allow":["GET"]}}],"collection":[{"href":"https:\/\/unser-quartier.de\/stadt-bergheim\/wp-json\/wp\/v2\/posts"}],"about":[{"href":"https:\/\/unser-quartier.de\/stadt-bergheim\/wp-json\/wp\/v2\/types\/post"}],"author":[{"embeddable":true,"href":"https:\/\/unser-quartier.de\/stadt-bergheim\/wp-json\/wp\/v2\/users\/48"}],"replies":[{"embeddable":true,"href":"https:\/\/unser-quartier.de\/stadt-bergheim\/wp-json\/wp\/v2\/comments?post=31264"}],"version-history":[{"count":0,"href":"https:\/\/unser-quartier.de\/stadt-bergheim\/wp-json\/wp\/v2\/posts\/31264\/revisions"}],"wp:featuredmedia":[{"embeddable":true,"href":"https:\/\/unser-quartier.de\/stadt-bergheim\/wp-json\/wp\/v2\/media\/31265"}],"wp:attachment":[{"href":"https:\/\/unser-quartier.de\/stadt-bergheim\/wp-json\/wp\/v2\/media?parent=31264"}],"wp:term":[{"taxonomy":"category","embeddable":true,"href":"https:\/\/unser-quartier.de\/stadt-bergheim\/wp-json\/wp\/v2\/categories?post=31264"},{"taxonomy":"post_tag","embeddable":true,"href":"https:\/\/unser-quartier.de\/stadt-bergheim\/wp-json\/wp\/v2\/tags?post=31264"}],"curies":[{"name":"wp","href":"https:\/\/api.w.org\/{rel}","templated":true}]}}