{"id":31321,"date":"2020-02-07T07:15:43","date_gmt":"2020-02-07T06:15:43","guid":{"rendered":"https:\/\/unser-quartier.de\/stadt-bergheim\/?p=31321"},"modified":"2020-02-07T07:15:49","modified_gmt":"2020-02-07T06:15:49","slug":"humor-ist-wenn-man-trotzdem-lacht-2","status":"publish","type":"post","link":"https:\/\/unser-quartier.de\/stadt-bergheim\/2020\/02\/humor-ist-wenn-man-trotzdem-lacht-2\/","title":{"rendered":"Humor ist wenn man trotzdem lacht"},"content":{"rendered":"<p><img data-recalc-dims=\"1\" loading=\"lazy\" decoding=\"async\" data-attachment-id=\"31322\" data-permalink=\"https:\/\/unser-quartier.de\/stadt-bergheim\/2020\/02\/humor-ist-wenn-man-trotzdem-lacht-2\/28bc588a-5125-4cbd-8097-844154a8800e\/\" data-orig-file=\"https:\/\/i0.wp.com\/unser-quartier.de\/stadt-bergheim\/files\/2020\/02\/28BC588A-5125-4CBD-8097-844154A8800E.jpeg?fit=960%2C644&amp;ssl=1\" data-orig-size=\"960,644\" data-comments-opened=\"0\" data-image-meta=\"{&quot;aperture&quot;:&quot;0&quot;,&quot;credit&quot;:&quot;&quot;,&quot;camera&quot;:&quot;&quot;,&quot;caption&quot;:&quot;&quot;,&quot;created_timestamp&quot;:&quot;0&quot;,&quot;copyright&quot;:&quot;&quot;,&quot;focal_length&quot;:&quot;0&quot;,&quot;iso&quot;:&quot;0&quot;,&quot;shutter_speed&quot;:&quot;0&quot;,&quot;title&quot;:&quot;&quot;,&quot;orientation&quot;:&quot;0&quot;}\" data-image-title=\"28BC588A-5125-4CBD-8097-844154A8800E\" data-image-description=\"\" data-image-caption=\"\" data-medium-file=\"https:\/\/i0.wp.com\/unser-quartier.de\/stadt-bergheim\/files\/2020\/02\/28BC588A-5125-4CBD-8097-844154A8800E.jpeg?fit=300%2C201&amp;ssl=1\" data-large-file=\"https:\/\/i0.wp.com\/unser-quartier.de\/stadt-bergheim\/files\/2020\/02\/28BC588A-5125-4CBD-8097-844154A8800E.jpeg?fit=770%2C517&amp;ssl=1\" class=\"alignnone size-full wp-image-31322\" src=\"https:\/\/i0.wp.com\/unser-quartier.de\/stadt-bergheim\/files\/2020\/02\/28BC588A-5125-4CBD-8097-844154A8800E.jpeg?resize=770%2C517&#038;ssl=1\" alt=\"\" width=\"770\" height=\"517\" srcset=\"https:\/\/i0.wp.com\/unser-quartier.de\/stadt-bergheim\/files\/2020\/02\/28BC588A-5125-4CBD-8097-844154A8800E.jpeg?w=960&amp;ssl=1 960w, https:\/\/i0.wp.com\/unser-quartier.de\/stadt-bergheim\/files\/2020\/02\/28BC588A-5125-4CBD-8097-844154A8800E.jpeg?resize=300%2C201&amp;ssl=1 300w, https:\/\/i0.wp.com\/unser-quartier.de\/stadt-bergheim\/files\/2020\/02\/28BC588A-5125-4CBD-8097-844154A8800E.jpeg?resize=150%2C101&amp;ssl=1 150w, https:\/\/i0.wp.com\/unser-quartier.de\/stadt-bergheim\/files\/2020\/02\/28BC588A-5125-4CBD-8097-844154A8800E.jpeg?resize=768%2C515&amp;ssl=1 768w\" sizes=\"auto, (max-width: 770px) 100vw, 770px\" \/><\/p>\n<p><span style=\"font-size: 20px;font-family: arial, helvetica, sans-serif\"><br \/>\nDas ist nett ausgedr\u00fcckt, die F\u00e4higkeit eines Menschen, auch auf nicht so\u00a0angenehme Dinge im Alltag heiter und gelassen zu reagieren. Ich bin mir\u00a0sicher, dass auch Gott Humor hat. Wie sollte er sonst auf die Menschheit\u00a0schauen k\u00f6nnen mit all den Unzul\u00e4nglichkeiten. Die Gutes tun m\u00f6chte und\u00a0B\u00f6ses schafft. Die hin und her schwankt zwischen dem Tanz um das goldene\u00a0Kalb und dem Streben nach Seligkeit. Die gegen Krieg demonstriert, aber in\u00a0der Familie keinen Frieden h\u00e4lt.\u00a0Wir brauchen Humor, um nicht zu verzweifeln. Humor rettet uns davor, dass<br \/>\nuns \u00fcbertriebene Sorgen erdr\u00fccken. Dar\u00fcber hinaus kann Humor auch ein\u00a0Ausdruck der Fr\u00f6hlichkeit sein. Wer Spa\u00df versteht und andere Menschen zum\u00a0Lachen bringen kann ist entsprechend beliebt.<br \/>\nMit Humor wird unser Herz weit.<br \/>\n.<br \/>\nvon Annemarie Esser<\/span><\/p>\n","protected":false},"excerpt":{"rendered":"<\/p>\n<p> Das ist nett ausgedr\u00fcckt, die F\u00e4higkeit eines Menschen, auch auf nicht so\u00a0angenehme Dinge im Alltag heiter und gelassen zu reagieren. Ich bin mir\u00a0sicher, dass auch Gott Humor hat. Wie sollte er sonst auf die Menschheit\u00a0schauen k\u00f6nnen mit all den Unzul\u00e4nglichkeiten. Die Gutes tun m\u00f6chte und\u00a0B\u00f6ses schafft. Die hin und her schwankt zwischen dem &hellip; <\/p>\n<p><a class=\"more-link btn\" href=\"https:\/\/unser-quartier.de\/stadt-bergheim\/2020\/02\/humor-ist-wenn-man-trotzdem-lacht-2\/\">Weiterlesen<\/a><\/p>\n","protected":false},"author":48,"featured_media":31322,"comment_status":"closed","ping_status":"closed","sticky":false,"template":"","format":"standard","meta":{"_bbp_topic_count":0,"_bbp_reply_count":0,"_bbp_total_topic_count":0,"_bbp_total_reply_count":0,"_bbp_voice_count":0,"_bbp_anonymous_reply_count":0,"_bbp_topic_count_hidden":0,"_bbp_reply_count_hidden":0,"_bbp_forum_subforum_count":0,"jetpack_post_was_ever_published":false,"_jetpack_newsletter_access":"","_jetpack_dont_email_post_to_subs":false,"_jetpack_newsletter_tier_id":0,"_jetpack_memberships_contains_paywalled_content":false,"_jetpack_memberships_contains_paid_content":false,"footnotes":""},"categories":[1],"tags":[],"class_list":["post-31321","post","type-post","status-publish","format-standard","has-post-thumbnail","hentry","category-allgemein","item-wrap"],"jetpack_sharing_enabled":true,"jetpack_featured_media_url":"https:\/\/i0.wp.com\/unser-quartier.de\/stadt-bergheim\/files\/2020\/02\/28BC588A-5125-4CBD-8097-844154A8800E.jpeg?fit=960%2C644&ssl=1","jetpack_shortlink":"https:\/\/wp.me\/p3vhfJ-89b","jetpack_likes_enabled":true,"_links":{"self":[{"href":"https:\/\/unser-quartier.de\/stadt-bergheim\/wp-json\/wp\/v2\/posts\/31321","targetHints":{"allow":["GET"]}}],"collection":[{"href":"https:\/\/unser-quartier.de\/stadt-bergheim\/wp-json\/wp\/v2\/posts"}],"about":[{"href":"https:\/\/unser-quartier.de\/stadt-bergheim\/wp-json\/wp\/v2\/types\/post"}],"author":[{"embeddable":true,"href":"https:\/\/unser-quartier.de\/stadt-bergheim\/wp-json\/wp\/v2\/users\/48"}],"replies":[{"embeddable":true,"href":"https:\/\/unser-quartier.de\/stadt-bergheim\/wp-json\/wp\/v2\/comments?post=31321"}],"version-history":[{"count":0,"href":"https:\/\/unser-quartier.de\/stadt-bergheim\/wp-json\/wp\/v2\/posts\/31321\/revisions"}],"wp:featuredmedia":[{"embeddable":true,"href":"https:\/\/unser-quartier.de\/stadt-bergheim\/wp-json\/wp\/v2\/media\/31322"}],"wp:attachment":[{"href":"https:\/\/unser-quartier.de\/stadt-bergheim\/wp-json\/wp\/v2\/media?parent=31321"}],"wp:term":[{"taxonomy":"category","embeddable":true,"href":"https:\/\/unser-quartier.de\/stadt-bergheim\/wp-json\/wp\/v2\/categories?post=31321"},{"taxonomy":"post_tag","embeddable":true,"href":"https:\/\/unser-quartier.de\/stadt-bergheim\/wp-json\/wp\/v2\/tags?post=31321"}],"curies":[{"name":"wp","href":"https:\/\/api.w.org\/{rel}","templated":true}]}}