{"id":31362,"date":"2020-02-16T15:42:51","date_gmt":"2020-02-16T14:42:51","guid":{"rendered":"https:\/\/unser-quartier.de\/stadt-bergheim\/?p=31362"},"modified":"2020-02-16T17:59:28","modified_gmt":"2020-02-16T16:59:28","slug":"glessen-fuehlt-sich-disco","status":"publish","type":"post","link":"https:\/\/unser-quartier.de\/stadt-bergheim\/2020\/02\/glessen-fuehlt-sich-disco\/","title":{"rendered":"Glessen f\u00fchlt sich Disco"},"content":{"rendered":"<p><strong>Wieder mal \u201eklaafe \u2013 fiere \u2013 danze\u201c bei der M\u00fcttersitzung der kfd<br \/>\n<\/strong><\/p>\n<p>Hinter jeder starken Frau steht ein starker Mann und r\u00e4umt auf. Bei der traditionellen M\u00fcttersitzung der kfd Glessen konnte sich das neue Vorstandsteam um Dr. Signe Berger-Klapper jedenfalls nicht beschweren \u2013 ihre Kerle packten brav im Hintergrund mit an und sorgten daf\u00fcr, dass ihre M\u00e4dels zwei Tage lang die Mehrzweckhalle mit jeweils rund 400 Zuschauern rocken konnten. W\u00e4hrend zur Generalprobe am Freitag auch M\u00e4nner im Publikum geduldet sind, sind die Glessener M\u00e4dchen am Samstag bis auf den unvermeidlichen geistigen Beistand unter sich. \u201eKlaafe \u2013 fiere \u2013 danze\u201c oder besser \u201eKeine Frau daheim\u201c \u2013 das Motto der Katholischen Frauen ist alle zwei Jahre Programm.<\/p>\n<div class=\"tiled-gallery type-rectangular tiled-gallery-unresized\" data-original-width=\"770\" data-carousel-extra='{&quot;blog_id&quot;:38,&quot;permalink&quot;:&quot;https:\\\/\\\/unser-quartier.de\\\/stadt-bergheim\\\/2020\\\/02\\\/glessen-fuehlt-sich-disco\\\/&quot;,&quot;likes_blog_id&quot;:51783499}' itemscope itemtype=\"http:\/\/schema.org\/ImageGallery\" > <div class=\"gallery-row\" style=\"width: 770px; height: 645px;\" data-original-width=\"770\" data-original-height=\"645\" > <div class=\"gallery-group images-1\" style=\"width: 485px; height: 645px;\" data-original-width=\"485\" data-original-height=\"645\" > <div class=\"tiled-gallery-item tiled-gallery-item-large\" itemprop=\"associatedMedia\" itemscope itemtype=\"http:\/\/schema.org\/ImageObject\"> <a href=\"https:\/\/unser-quartier.de\/stadt-bergheim\/2020\/02\/glessen-fuehlt-sich-disco\/img_9427\/\" border=\"0\" itemprop=\"url\"> <meta itemprop=\"width\" content=\"481\"> <meta itemprop=\"height\" content=\"641\"> <img decoding=\"async\" class=\"\" data-attachment-id=\"31363\" data-orig-file=\"https:\/\/unser-quartier.de\/stadt-bergheim\/files\/2020\/02\/IMG_9427.jpg\" data-orig-size=\"768,1024\" data-comments-opened=\"\" data-image-meta=\"{&quot;aperture&quot;:&quot;1.8&quot;,&quot;credit&quot;:&quot;&quot;,&quot;camera&quot;:&quot;iPhone XR&quot;,&quot;caption&quot;:&quot;&quot;,&quot;created_timestamp&quot;:&quot;1581802595&quot;,&quot;copyright&quot;:&quot;&quot;,&quot;focal_length&quot;:&quot;4.25&quot;,&quot;iso&quot;:&quot;200&quot;,&quot;shutter_speed&quot;:&quot;0.021739130434783&quot;,&quot;title&quot;:&quot;&quot;,&quot;orientation&quot;:&quot;1&quot;}\" data-image-title=\"IMG_9427\" data-image-description=\"\" data-medium-file=\"https:\/\/i0.wp.com\/unser-quartier.de\/stadt-bergheim\/files\/2020\/02\/IMG_9427.jpg?fit=225%2C300&#038;ssl=1\" data-large-file=\"https:\/\/i0.wp.com\/unser-quartier.de\/stadt-bergheim\/files\/2020\/02\/IMG_9427.jpg?fit=768%2C1024&#038;ssl=1\" src=\"https:\/\/i0.wp.com\/unser-quartier.de\/stadt-bergheim\/files\/2020\/02\/IMG_9427.jpg?w=481&#038;h=641&#038;ssl=1\" srcset=\"https:\/\/i0.wp.com\/unser-quartier.de\/stadt-bergheim\/files\/2020\/02\/IMG_9427.jpg?w=768&amp;ssl=1 768w, https:\/\/i0.wp.com\/unser-quartier.de\/stadt-bergheim\/files\/2020\/02\/IMG_9427.jpg?resize=225%2C300&amp;ssl=1 225w, https:\/\/i0.wp.com\/unser-quartier.de\/stadt-bergheim\/files\/2020\/02\/IMG_9427.jpg?resize=113%2C150&amp;ssl=1 113w\" width=\"481\" height=\"641\" loading=\"lazy\" data-original-width=\"481\" data-original-height=\"641\" itemprop=\"http:\/\/schema.org\/image\" title=\"IMG_9427\" alt=\"Signe Berger-Klapper\" style=\"width: 481px; height: 641px;\" \/> <\/a> <div class=\"tiled-gallery-caption\" itemprop=\"caption description\"> Signe Berger-Klapper <\/div> <\/div> <\/div> <!-- close group --> <div class=\"gallery-group images-3\" style=\"width: 285px; height: 645px;\" data-original-width=\"285\" data-original-height=\"645\" > <div class=\"tiled-gallery-item tiled-gallery-item-large\" itemprop=\"associatedMedia\" itemscope itemtype=\"http:\/\/schema.org\/ImageObject\"> <a href=\"https:\/\/unser-quartier.de\/stadt-bergheim\/2020\/02\/glessen-fuehlt-sich-disco\/img_9431\/\" border=\"0\" itemprop=\"url\"> <meta itemprop=\"width\" content=\"281\"> <meta itemprop=\"height\" content=\"211\"> <img decoding=\"async\" class=\"\" data-attachment-id=\"31365\" data-orig-file=\"https:\/\/unser-quartier.de\/stadt-bergheim\/files\/2020\/02\/IMG_9431.jpg\" data-orig-size=\"1024,768\" data-comments-opened=\"\" data-image-meta=\"{&quot;aperture&quot;:&quot;1.8&quot;,&quot;credit&quot;:&quot;&quot;,&quot;camera&quot;:&quot;iPhone XR&quot;,&quot;caption&quot;:&quot;&quot;,&quot;created_timestamp&quot;:&quot;1581804917&quot;,&quot;copyright&quot;:&quot;&quot;,&quot;focal_length&quot;:&quot;4.25&quot;,&quot;iso&quot;:&quot;200&quot;,&quot;shutter_speed&quot;:&quot;0.02&quot;,&quot;title&quot;:&quot;&quot;,&quot;orientation&quot;:&quot;1&quot;}\" data-image-title=\"IMG_9431\" data-image-description=\"\" data-medium-file=\"https:\/\/i0.wp.com\/unser-quartier.de\/stadt-bergheim\/files\/2020\/02\/IMG_9431.jpg?fit=300%2C225&#038;ssl=1\" data-large-file=\"https:\/\/i0.wp.com\/unser-quartier.de\/stadt-bergheim\/files\/2020\/02\/IMG_9431.jpg?fit=770%2C578&#038;ssl=1\" src=\"https:\/\/i0.wp.com\/unser-quartier.de\/stadt-bergheim\/files\/2020\/02\/IMG_9431.jpg?w=281&#038;h=211&#038;ssl=1\" srcset=\"https:\/\/i0.wp.com\/unser-quartier.de\/stadt-bergheim\/files\/2020\/02\/IMG_9431.jpg?w=1024&amp;ssl=1 1024w, https:\/\/i0.wp.com\/unser-quartier.de\/stadt-bergheim\/files\/2020\/02\/IMG_9431.jpg?resize=300%2C225&amp;ssl=1 300w, https:\/\/i0.wp.com\/unser-quartier.de\/stadt-bergheim\/files\/2020\/02\/IMG_9431.jpg?resize=150%2C113&amp;ssl=1 150w, https:\/\/i0.wp.com\/unser-quartier.de\/stadt-bergheim\/files\/2020\/02\/IMG_9431.jpg?resize=768%2C576&amp;ssl=1 768w\" width=\"281\" height=\"211\" loading=\"lazy\" data-original-width=\"281\" data-original-height=\"211\" itemprop=\"http:\/\/schema.org\/image\" title=\"IMG_9431\" alt=\"Im Di\u00e4t-Restaurant\" style=\"width: 281px; height: 211px;\" \/> <\/a> <div class=\"tiled-gallery-caption\" itemprop=\"caption description\"> Im Di\u00e4t-Restaurant <\/div> <\/div> <div class=\"tiled-gallery-item tiled-gallery-item-large\" itemprop=\"associatedMedia\" itemscope itemtype=\"http:\/\/schema.org\/ImageObject\"> <a href=\"https:\/\/unser-quartier.de\/stadt-bergheim\/2020\/02\/glessen-fuehlt-sich-disco\/img_9435\/\" border=\"0\" itemprop=\"url\"> <meta itemprop=\"width\" content=\"281\"> <meta itemprop=\"height\" content=\"211\"> <img decoding=\"async\" class=\"\" data-attachment-id=\"31366\" data-orig-file=\"https:\/\/unser-quartier.de\/stadt-bergheim\/files\/2020\/02\/IMG_9435.jpg\" data-orig-size=\"1024,768\" data-comments-opened=\"\" data-image-meta=\"{&quot;aperture&quot;:&quot;1.8&quot;,&quot;credit&quot;:&quot;&quot;,&quot;camera&quot;:&quot;iPhone XR&quot;,&quot;caption&quot;:&quot;&quot;,&quot;created_timestamp&quot;:&quot;1581805758&quot;,&quot;copyright&quot;:&quot;&quot;,&quot;focal_length&quot;:&quot;4.25&quot;,&quot;iso&quot;:&quot;160&quot;,&quot;shutter_speed&quot;:&quot;0.02&quot;,&quot;title&quot;:&quot;&quot;,&quot;orientation&quot;:&quot;1&quot;}\" data-image-title=\"IMG_9435\" data-image-description=\"\" data-medium-file=\"https:\/\/i0.wp.com\/unser-quartier.de\/stadt-bergheim\/files\/2020\/02\/IMG_9435.jpg?fit=300%2C225&#038;ssl=1\" data-large-file=\"https:\/\/i0.wp.com\/unser-quartier.de\/stadt-bergheim\/files\/2020\/02\/IMG_9435.jpg?fit=770%2C578&#038;ssl=1\" src=\"https:\/\/i0.wp.com\/unser-quartier.de\/stadt-bergheim\/files\/2020\/02\/IMG_9435.jpg?w=281&#038;h=211&#038;ssl=1\" srcset=\"https:\/\/i0.wp.com\/unser-quartier.de\/stadt-bergheim\/files\/2020\/02\/IMG_9435.jpg?w=1024&amp;ssl=1 1024w, https:\/\/i0.wp.com\/unser-quartier.de\/stadt-bergheim\/files\/2020\/02\/IMG_9435.jpg?resize=300%2C225&amp;ssl=1 300w, https:\/\/i0.wp.com\/unser-quartier.de\/stadt-bergheim\/files\/2020\/02\/IMG_9435.jpg?resize=150%2C113&amp;ssl=1 150w, https:\/\/i0.wp.com\/unser-quartier.de\/stadt-bergheim\/files\/2020\/02\/IMG_9435.jpg?resize=768%2C576&amp;ssl=1 768w\" width=\"281\" height=\"211\" loading=\"lazy\" data-original-width=\"281\" data-original-height=\"211\" itemprop=\"http:\/\/schema.org\/image\" title=\"IMG_9435\" alt=\"Ladykracher 2.0\" style=\"width: 281px; height: 211px;\" \/> <\/a> <div class=\"tiled-gallery-caption\" itemprop=\"caption description\"> Ladykracher 2.0 <\/div> <\/div> <div class=\"tiled-gallery-item tiled-gallery-item-large\" itemprop=\"associatedMedia\" itemscope itemtype=\"http:\/\/schema.org\/ImageObject\"> <a href=\"https:\/\/unser-quartier.de\/stadt-bergheim\/2020\/02\/glessen-fuehlt-sich-disco\/img_9445\/\" border=\"0\" itemprop=\"url\"> <meta itemprop=\"width\" content=\"281\"> <meta itemprop=\"height\" content=\"211\"> <img decoding=\"async\" class=\"\" data-attachment-id=\"31367\" data-orig-file=\"https:\/\/unser-quartier.de\/stadt-bergheim\/files\/2020\/02\/IMG_9445.jpg\" data-orig-size=\"1024,768\" data-comments-opened=\"\" data-image-meta=\"{&quot;aperture&quot;:&quot;1.8&quot;,&quot;credit&quot;:&quot;&quot;,&quot;camera&quot;:&quot;iPhone XR&quot;,&quot;caption&quot;:&quot;&quot;,&quot;created_timestamp&quot;:&quot;1581806406&quot;,&quot;copyright&quot;:&quot;&quot;,&quot;focal_length&quot;:&quot;4.25&quot;,&quot;iso&quot;:&quot;250&quot;,&quot;shutter_speed&quot;:&quot;0.02&quot;,&quot;title&quot;:&quot;&quot;,&quot;orientation&quot;:&quot;1&quot;}\" data-image-title=\"IMG_9445\" data-image-description=\"\" data-medium-file=\"https:\/\/i0.wp.com\/unser-quartier.de\/stadt-bergheim\/files\/2020\/02\/IMG_9445.jpg?fit=300%2C225&#038;ssl=1\" data-large-file=\"https:\/\/i0.wp.com\/unser-quartier.de\/stadt-bergheim\/files\/2020\/02\/IMG_9445.jpg?fit=770%2C578&#038;ssl=1\" src=\"https:\/\/i0.wp.com\/unser-quartier.de\/stadt-bergheim\/files\/2020\/02\/IMG_9445.jpg?w=281&#038;h=211&#038;ssl=1\" srcset=\"https:\/\/i0.wp.com\/unser-quartier.de\/stadt-bergheim\/files\/2020\/02\/IMG_9445.jpg?w=1024&amp;ssl=1 1024w, https:\/\/i0.wp.com\/unser-quartier.de\/stadt-bergheim\/files\/2020\/02\/IMG_9445.jpg?resize=300%2C225&amp;ssl=1 300w, https:\/\/i0.wp.com\/unser-quartier.de\/stadt-bergheim\/files\/2020\/02\/IMG_9445.jpg?resize=150%2C113&amp;ssl=1 150w, https:\/\/i0.wp.com\/unser-quartier.de\/stadt-bergheim\/files\/2020\/02\/IMG_9445.jpg?resize=768%2C576&amp;ssl=1 768w\" width=\"281\" height=\"211\" loading=\"lazy\" data-original-width=\"281\" data-original-height=\"211\" itemprop=\"http:\/\/schema.org\/image\" title=\"IMG_9445\" alt=\"Glessener Dorftratsch\" style=\"width: 281px; height: 211px;\" \/> <\/a> <div class=\"tiled-gallery-caption\" itemprop=\"caption description\"> Glessener Dorftratsch <\/div> <\/div> <\/div> <!-- close group --> <\/div> <!-- close row --> <div class=\"gallery-row\" style=\"width: 770px; height: 386px;\" data-original-width=\"770\" data-original-height=\"386\" > <div class=\"gallery-group images-1\" style=\"width: 514px; height: 386px;\" data-original-width=\"514\" data-original-height=\"386\" > <div class=\"tiled-gallery-item tiled-gallery-item-large\" itemprop=\"associatedMedia\" itemscope itemtype=\"http:\/\/schema.org\/ImageObject\"> <a href=\"https:\/\/unser-quartier.de\/stadt-bergheim\/2020\/02\/glessen-fuehlt-sich-disco\/img_9454\/\" border=\"0\" itemprop=\"url\"> <meta itemprop=\"width\" content=\"510\"> <meta itemprop=\"height\" content=\"382\"> <img decoding=\"async\" class=\"\" data-attachment-id=\"31368\" data-orig-file=\"https:\/\/unser-quartier.de\/stadt-bergheim\/files\/2020\/02\/IMG_9454.jpg\" data-orig-size=\"1024,768\" data-comments-opened=\"\" data-image-meta=\"{&quot;aperture&quot;:&quot;1.8&quot;,&quot;credit&quot;:&quot;&quot;,&quot;camera&quot;:&quot;iPhone XR&quot;,&quot;caption&quot;:&quot;&quot;,&quot;created_timestamp&quot;:&quot;1581807456&quot;,&quot;copyright&quot;:&quot;&quot;,&quot;focal_length&quot;:&quot;4.25&quot;,&quot;iso&quot;:&quot;200&quot;,&quot;shutter_speed&quot;:&quot;0.02&quot;,&quot;title&quot;:&quot;&quot;,&quot;orientation&quot;:&quot;1&quot;}\" data-image-title=\"IMG_9454\" data-image-description=\"\" data-medium-file=\"https:\/\/i0.wp.com\/unser-quartier.de\/stadt-bergheim\/files\/2020\/02\/IMG_9454.jpg?fit=300%2C225&#038;ssl=1\" data-large-file=\"https:\/\/i0.wp.com\/unser-quartier.de\/stadt-bergheim\/files\/2020\/02\/IMG_9454.jpg?fit=770%2C578&#038;ssl=1\" src=\"https:\/\/i0.wp.com\/unser-quartier.de\/stadt-bergheim\/files\/2020\/02\/IMG_9454.jpg?w=510&#038;h=382&#038;ssl=1\" srcset=\"https:\/\/i0.wp.com\/unser-quartier.de\/stadt-bergheim\/files\/2020\/02\/IMG_9454.jpg?w=1024&amp;ssl=1 1024w, https:\/\/i0.wp.com\/unser-quartier.de\/stadt-bergheim\/files\/2020\/02\/IMG_9454.jpg?resize=300%2C225&amp;ssl=1 300w, https:\/\/i0.wp.com\/unser-quartier.de\/stadt-bergheim\/files\/2020\/02\/IMG_9454.jpg?resize=150%2C113&amp;ssl=1 150w, https:\/\/i0.wp.com\/unser-quartier.de\/stadt-bergheim\/files\/2020\/02\/IMG_9454.jpg?resize=768%2C576&amp;ssl=1 768w\" width=\"510\" height=\"382\" loading=\"lazy\" data-original-width=\"510\" data-original-height=\"382\" itemprop=\"http:\/\/schema.org\/image\" title=\"IMG_9454\" alt=\"Die Chillisisters\" style=\"width: 510px; height: 382px;\" \/> <\/a> <div class=\"tiled-gallery-caption\" itemprop=\"caption description\"> Die Chillisisters <\/div> <\/div> <\/div> <!-- close group --> <div class=\"gallery-group images-2\" style=\"width: 256px; height: 386px;\" data-original-width=\"256\" data-original-height=\"386\" > <div class=\"tiled-gallery-item tiled-gallery-item-large\" itemprop=\"associatedMedia\" itemscope itemtype=\"http:\/\/schema.org\/ImageObject\"> <a href=\"https:\/\/unser-quartier.de\/stadt-bergheim\/2020\/02\/glessen-fuehlt-sich-disco\/img_9456\/\" border=\"0\" itemprop=\"url\"> <meta itemprop=\"width\" content=\"252\"> <meta itemprop=\"height\" content=\"189\"> <img decoding=\"async\" class=\"\" data-attachment-id=\"31369\" data-orig-file=\"https:\/\/unser-quartier.de\/stadt-bergheim\/files\/2020\/02\/IMG_9456.jpg\" data-orig-size=\"1024,768\" data-comments-opened=\"\" data-image-meta=\"{&quot;aperture&quot;:&quot;1.8&quot;,&quot;credit&quot;:&quot;&quot;,&quot;camera&quot;:&quot;iPhone XR&quot;,&quot;caption&quot;:&quot;&quot;,&quot;created_timestamp&quot;:&quot;1581808184&quot;,&quot;copyright&quot;:&quot;&quot;,&quot;focal_length&quot;:&quot;4.25&quot;,&quot;iso&quot;:&quot;160&quot;,&quot;shutter_speed&quot;:&quot;0.02&quot;,&quot;title&quot;:&quot;&quot;,&quot;orientation&quot;:&quot;1&quot;}\" data-image-title=\"IMG_9456\" data-image-description=\"\" data-medium-file=\"https:\/\/i0.wp.com\/unser-quartier.de\/stadt-bergheim\/files\/2020\/02\/IMG_9456.jpg?fit=300%2C225&#038;ssl=1\" data-large-file=\"https:\/\/i0.wp.com\/unser-quartier.de\/stadt-bergheim\/files\/2020\/02\/IMG_9456.jpg?fit=770%2C578&#038;ssl=1\" src=\"https:\/\/i0.wp.com\/unser-quartier.de\/stadt-bergheim\/files\/2020\/02\/IMG_9456.jpg?w=252&#038;h=189&#038;ssl=1\" srcset=\"https:\/\/i0.wp.com\/unser-quartier.de\/stadt-bergheim\/files\/2020\/02\/IMG_9456.jpg?w=1024&amp;ssl=1 1024w, https:\/\/i0.wp.com\/unser-quartier.de\/stadt-bergheim\/files\/2020\/02\/IMG_9456.jpg?resize=300%2C225&amp;ssl=1 300w, https:\/\/i0.wp.com\/unser-quartier.de\/stadt-bergheim\/files\/2020\/02\/IMG_9456.jpg?resize=150%2C113&amp;ssl=1 150w, https:\/\/i0.wp.com\/unser-quartier.de\/stadt-bergheim\/files\/2020\/02\/IMG_9456.jpg?resize=768%2C576&amp;ssl=1 768w\" width=\"252\" height=\"189\" loading=\"lazy\" data-original-width=\"252\" data-original-height=\"189\" itemprop=\"http:\/\/schema.org\/image\" title=\"IMG_9456\" alt=\"Anne Keller und Karla Reiz\" style=\"width: 252px; height: 189px;\" \/> <\/a> <div class=\"tiled-gallery-caption\" itemprop=\"caption description\"> Anne Keller und Karla Reiz <\/div> <\/div> <div class=\"tiled-gallery-item tiled-gallery-item-large\" itemprop=\"associatedMedia\" itemscope itemtype=\"http:\/\/schema.org\/ImageObject\"> <a href=\"https:\/\/unser-quartier.de\/stadt-bergheim\/2020\/02\/glessen-fuehlt-sich-disco\/img_9463\/\" border=\"0\" itemprop=\"url\"> <meta itemprop=\"width\" content=\"252\"> <meta itemprop=\"height\" content=\"189\"> <img decoding=\"async\" class=\"\" data-attachment-id=\"31370\" data-orig-file=\"https:\/\/unser-quartier.de\/stadt-bergheim\/files\/2020\/02\/IMG_9463.jpg\" data-orig-size=\"1024,768\" data-comments-opened=\"\" data-image-meta=\"{&quot;aperture&quot;:&quot;1.8&quot;,&quot;credit&quot;:&quot;&quot;,&quot;camera&quot;:&quot;iPhone XR&quot;,&quot;caption&quot;:&quot;&quot;,&quot;created_timestamp&quot;:&quot;1581809636&quot;,&quot;copyright&quot;:&quot;&quot;,&quot;focal_length&quot;:&quot;4.25&quot;,&quot;iso&quot;:&quot;250&quot;,&quot;shutter_speed&quot;:&quot;0.02&quot;,&quot;title&quot;:&quot;&quot;,&quot;orientation&quot;:&quot;1&quot;}\" data-image-title=\"IMG_9463\" data-image-description=\"\" data-medium-file=\"https:\/\/i0.wp.com\/unser-quartier.de\/stadt-bergheim\/files\/2020\/02\/IMG_9463.jpg?fit=300%2C225&#038;ssl=1\" data-large-file=\"https:\/\/i0.wp.com\/unser-quartier.de\/stadt-bergheim\/files\/2020\/02\/IMG_9463.jpg?fit=770%2C578&#038;ssl=1\" src=\"https:\/\/i0.wp.com\/unser-quartier.de\/stadt-bergheim\/files\/2020\/02\/IMG_9463.jpg?w=252&#038;h=189&#038;ssl=1\" srcset=\"https:\/\/i0.wp.com\/unser-quartier.de\/stadt-bergheim\/files\/2020\/02\/IMG_9463.jpg?w=1024&amp;ssl=1 1024w, https:\/\/i0.wp.com\/unser-quartier.de\/stadt-bergheim\/files\/2020\/02\/IMG_9463.jpg?resize=300%2C225&amp;ssl=1 300w, https:\/\/i0.wp.com\/unser-quartier.de\/stadt-bergheim\/files\/2020\/02\/IMG_9463.jpg?resize=150%2C113&amp;ssl=1 150w, https:\/\/i0.wp.com\/unser-quartier.de\/stadt-bergheim\/files\/2020\/02\/IMG_9463.jpg?resize=768%2C576&amp;ssl=1 768w\" width=\"252\" height=\"189\" loading=\"lazy\" data-original-width=\"252\" data-original-height=\"189\" itemprop=\"http:\/\/schema.org\/image\" title=\"IMG_9463\" alt=\"Badenixen\" style=\"width: 252px; height: 189px;\" \/> <\/a> <div class=\"tiled-gallery-caption\" itemprop=\"caption description\"> Badenixen <\/div> <\/div> <\/div> <!-- close group --> <\/div> <!-- close row --> <div class=\"gallery-row\" style=\"width: 770px; height: 357px;\" data-original-width=\"770\" data-original-height=\"357\" > <div class=\"gallery-group images-2\" style=\"width: 237px; height: 357px;\" data-original-width=\"237\" data-original-height=\"357\" > <div class=\"tiled-gallery-item tiled-gallery-item-small\" itemprop=\"associatedMedia\" itemscope itemtype=\"http:\/\/schema.org\/ImageObject\"> <a href=\"https:\/\/unser-quartier.de\/stadt-bergheim\/2020\/02\/glessen-fuehlt-sich-disco\/img_9465-3\/\" border=\"0\" itemprop=\"url\"> <meta itemprop=\"width\" content=\"233\"> <meta itemprop=\"height\" content=\"175\"> <img decoding=\"async\" class=\"\" data-attachment-id=\"31371\" data-orig-file=\"https:\/\/unser-quartier.de\/stadt-bergheim\/files\/2020\/02\/IMG_9465.jpg\" data-orig-size=\"1024,768\" data-comments-opened=\"\" data-image-meta=\"{&quot;aperture&quot;:&quot;1.8&quot;,&quot;credit&quot;:&quot;&quot;,&quot;camera&quot;:&quot;iPhone XR&quot;,&quot;caption&quot;:&quot;&quot;,&quot;created_timestamp&quot;:&quot;1581809758&quot;,&quot;copyright&quot;:&quot;&quot;,&quot;focal_length&quot;:&quot;4.25&quot;,&quot;iso&quot;:&quot;160&quot;,&quot;shutter_speed&quot;:&quot;0.02&quot;,&quot;title&quot;:&quot;&quot;,&quot;orientation&quot;:&quot;1&quot;}\" data-image-title=\"IMG_9465\" data-image-description=\"\" data-medium-file=\"https:\/\/i0.wp.com\/unser-quartier.de\/stadt-bergheim\/files\/2020\/02\/IMG_9465.jpg?fit=300%2C225&#038;ssl=1\" data-large-file=\"https:\/\/i0.wp.com\/unser-quartier.de\/stadt-bergheim\/files\/2020\/02\/IMG_9465.jpg?fit=770%2C578&#038;ssl=1\" src=\"https:\/\/i0.wp.com\/unser-quartier.de\/stadt-bergheim\/files\/2020\/02\/IMG_9465.jpg?w=233&#038;h=175&#038;ssl=1\" srcset=\"https:\/\/i0.wp.com\/unser-quartier.de\/stadt-bergheim\/files\/2020\/02\/IMG_9465.jpg?w=1024&amp;ssl=1 1024w, https:\/\/i0.wp.com\/unser-quartier.de\/stadt-bergheim\/files\/2020\/02\/IMG_9465.jpg?resize=300%2C225&amp;ssl=1 300w, https:\/\/i0.wp.com\/unser-quartier.de\/stadt-bergheim\/files\/2020\/02\/IMG_9465.jpg?resize=150%2C113&amp;ssl=1 150w, https:\/\/i0.wp.com\/unser-quartier.de\/stadt-bergheim\/files\/2020\/02\/IMG_9465.jpg?resize=768%2C576&amp;ssl=1 768w\" width=\"233\" height=\"175\" loading=\"lazy\" data-original-width=\"233\" data-original-height=\"175\" itemprop=\"http:\/\/schema.org\/image\" title=\"IMG_9465\" alt=\"IMG_9465\" style=\"width: 233px; height: 175px;\" \/> <\/a> <\/div> <div class=\"tiled-gallery-item tiled-gallery-item-small\" itemprop=\"associatedMedia\" itemscope itemtype=\"http:\/\/schema.org\/ImageObject\"> <a href=\"https:\/\/unser-quartier.de\/stadt-bergheim\/2020\/02\/glessen-fuehlt-sich-disco\/img_9472\/\" border=\"0\" itemprop=\"url\"> <meta itemprop=\"width\" content=\"233\"> <meta itemprop=\"height\" content=\"174\"> <img decoding=\"async\" class=\"\" data-attachment-id=\"31372\" data-orig-file=\"https:\/\/unser-quartier.de\/stadt-bergheim\/files\/2020\/02\/IMG_9472.jpg\" data-orig-size=\"1024,768\" data-comments-opened=\"\" data-image-meta=\"{&quot;aperture&quot;:&quot;1.8&quot;,&quot;credit&quot;:&quot;&quot;,&quot;camera&quot;:&quot;iPhone XR&quot;,&quot;caption&quot;:&quot;&quot;,&quot;created_timestamp&quot;:&quot;1581810308&quot;,&quot;copyright&quot;:&quot;&quot;,&quot;focal_length&quot;:&quot;4.25&quot;,&quot;iso&quot;:&quot;160&quot;,&quot;shutter_speed&quot;:&quot;0.02&quot;,&quot;title&quot;:&quot;&quot;,&quot;orientation&quot;:&quot;1&quot;}\" data-image-title=\"IMG_9472\" data-image-description=\"\" data-medium-file=\"https:\/\/i0.wp.com\/unser-quartier.de\/stadt-bergheim\/files\/2020\/02\/IMG_9472.jpg?fit=300%2C225&#038;ssl=1\" data-large-file=\"https:\/\/i0.wp.com\/unser-quartier.de\/stadt-bergheim\/files\/2020\/02\/IMG_9472.jpg?fit=770%2C578&#038;ssl=1\" src=\"https:\/\/i0.wp.com\/unser-quartier.de\/stadt-bergheim\/files\/2020\/02\/IMG_9472.jpg?w=233&#038;h=174&#038;ssl=1\" srcset=\"https:\/\/i0.wp.com\/unser-quartier.de\/stadt-bergheim\/files\/2020\/02\/IMG_9472.jpg?w=1024&amp;ssl=1 1024w, https:\/\/i0.wp.com\/unser-quartier.de\/stadt-bergheim\/files\/2020\/02\/IMG_9472.jpg?resize=300%2C225&amp;ssl=1 300w, https:\/\/i0.wp.com\/unser-quartier.de\/stadt-bergheim\/files\/2020\/02\/IMG_9472.jpg?resize=150%2C113&amp;ssl=1 150w, https:\/\/i0.wp.com\/unser-quartier.de\/stadt-bergheim\/files\/2020\/02\/IMG_9472.jpg?resize=768%2C576&amp;ssl=1 768w\" width=\"233\" height=\"174\" loading=\"lazy\" data-original-width=\"233\" data-original-height=\"174\" itemprop=\"http:\/\/schema.org\/image\" title=\"IMG_9472\" alt=\"Ulla Wegener\" style=\"width: 233px; height: 174px;\" \/> <\/a> <div class=\"tiled-gallery-caption\" itemprop=\"caption description\"> Ulla Wegener <\/div> <\/div> <\/div> <!-- close group --> <div class=\"gallery-group images-1\" style=\"width: 533px; height: 357px;\" data-original-width=\"533\" data-original-height=\"357\" > <div class=\"tiled-gallery-item tiled-gallery-item-large\" itemprop=\"associatedMedia\" itemscope itemtype=\"http:\/\/schema.org\/ImageObject\"> <a href=\"https:\/\/unser-quartier.de\/stadt-bergheim\/2020\/02\/glessen-fuehlt-sich-disco\/dsc02620\/\" border=\"0\" itemprop=\"url\"> <meta itemprop=\"width\" content=\"529\"> <meta itemprop=\"height\" content=\"353\"> <img decoding=\"async\" class=\"\" data-attachment-id=\"31374\" data-orig-file=\"https:\/\/unser-quartier.de\/stadt-bergheim\/files\/2020\/02\/DSC02620.jpg\" data-orig-size=\"1024,683\" data-comments-opened=\"\" data-image-meta=\"{&quot;aperture&quot;:&quot;5.6&quot;,&quot;credit&quot;:&quot;&quot;,&quot;camera&quot;:&quot;ILCE-6000&quot;,&quot;caption&quot;:&quot;&quot;,&quot;created_timestamp&quot;:&quot;1581801788&quot;,&quot;copyright&quot;:&quot;&quot;,&quot;focal_length&quot;:&quot;42&quot;,&quot;iso&quot;:&quot;800&quot;,&quot;shutter_speed&quot;:&quot;0.00625&quot;,&quot;title&quot;:&quot;&quot;,&quot;orientation&quot;:&quot;1&quot;}\" data-image-title=\"DSC02620\" data-image-description=\"\" data-medium-file=\"https:\/\/i0.wp.com\/unser-quartier.de\/stadt-bergheim\/files\/2020\/02\/DSC02620.jpg?fit=300%2C200&#038;ssl=1\" data-large-file=\"https:\/\/i0.wp.com\/unser-quartier.de\/stadt-bergheim\/files\/2020\/02\/DSC02620.jpg?fit=770%2C514&#038;ssl=1\" src=\"https:\/\/i0.wp.com\/unser-quartier.de\/stadt-bergheim\/files\/2020\/02\/DSC02620.jpg?w=529&#038;h=353&#038;ssl=1\" srcset=\"https:\/\/i0.wp.com\/unser-quartier.de\/stadt-bergheim\/files\/2020\/02\/DSC02620.jpg?w=1024&amp;ssl=1 1024w, https:\/\/i0.wp.com\/unser-quartier.de\/stadt-bergheim\/files\/2020\/02\/DSC02620.jpg?resize=300%2C200&amp;ssl=1 300w, https:\/\/i0.wp.com\/unser-quartier.de\/stadt-bergheim\/files\/2020\/02\/DSC02620.jpg?resize=150%2C100&amp;ssl=1 150w, https:\/\/i0.wp.com\/unser-quartier.de\/stadt-bergheim\/files\/2020\/02\/DSC02620.jpg?resize=768%2C512&amp;ssl=1 768w\" width=\"529\" height=\"353\" loading=\"lazy\" data-original-width=\"529\" data-original-height=\"353\" itemprop=\"http:\/\/schema.org\/image\" title=\"DSC02620\" alt=\"Auf dem Amt\" style=\"width: 529px; height: 353px;\" \/> <\/a> <div class=\"tiled-gallery-caption\" itemprop=\"caption description\"> Auf dem Amt <\/div> <\/div> <\/div> <!-- close group --> <\/div> <!-- close row --> <div class=\"gallery-row\" style=\"width: 770px; height: 229px;\" data-original-width=\"770\" data-original-height=\"229\" > <div class=\"gallery-group images-1\" style=\"width: 304px; height: 229px;\" data-original-width=\"304\" data-original-height=\"229\" > <div class=\"tiled-gallery-item tiled-gallery-item-large\" itemprop=\"associatedMedia\" itemscope itemtype=\"http:\/\/schema.org\/ImageObject\"> <a href=\"https:\/\/unser-quartier.de\/stadt-bergheim\/2020\/02\/glessen-fuehlt-sich-disco\/img_9425\/\" border=\"0\" itemprop=\"url\"> <meta itemprop=\"width\" content=\"300\"> <meta itemprop=\"height\" content=\"225\"> <img decoding=\"async\" class=\"\" data-attachment-id=\"31393\" data-orig-file=\"https:\/\/unser-quartier.de\/stadt-bergheim\/files\/2020\/02\/IMG_9425.jpg\" data-orig-size=\"1024,768\" data-comments-opened=\"\" data-image-meta=\"{&quot;aperture&quot;:&quot;1.8&quot;,&quot;credit&quot;:&quot;&quot;,&quot;camera&quot;:&quot;iPhone XR&quot;,&quot;caption&quot;:&quot;&quot;,&quot;created_timestamp&quot;:&quot;1581802368&quot;,&quot;copyright&quot;:&quot;&quot;,&quot;focal_length&quot;:&quot;4.25&quot;,&quot;iso&quot;:&quot;200&quot;,&quot;shutter_speed&quot;:&quot;0.02&quot;,&quot;title&quot;:&quot;&quot;,&quot;orientation&quot;:&quot;1&quot;}\" data-image-title=\"IMG_9425\" data-image-description=\"\" data-medium-file=\"https:\/\/i0.wp.com\/unser-quartier.de\/stadt-bergheim\/files\/2020\/02\/IMG_9425.jpg?fit=300%2C225&#038;ssl=1\" data-large-file=\"https:\/\/i0.wp.com\/unser-quartier.de\/stadt-bergheim\/files\/2020\/02\/IMG_9425.jpg?fit=770%2C578&#038;ssl=1\" src=\"https:\/\/i0.wp.com\/unser-quartier.de\/stadt-bergheim\/files\/2020\/02\/IMG_9425.jpg?w=300&#038;h=225&#038;ssl=1\" srcset=\"https:\/\/i0.wp.com\/unser-quartier.de\/stadt-bergheim\/files\/2020\/02\/IMG_9425.jpg?w=1024&amp;ssl=1 1024w, https:\/\/i0.wp.com\/unser-quartier.de\/stadt-bergheim\/files\/2020\/02\/IMG_9425.jpg?resize=300%2C225&amp;ssl=1 300w, https:\/\/i0.wp.com\/unser-quartier.de\/stadt-bergheim\/files\/2020\/02\/IMG_9425.jpg?resize=150%2C113&amp;ssl=1 150w, https:\/\/i0.wp.com\/unser-quartier.de\/stadt-bergheim\/files\/2020\/02\/IMG_9425.jpg?resize=768%2C576&amp;ssl=1 768w\" width=\"300\" height=\"225\" loading=\"lazy\" data-original-width=\"300\" data-original-height=\"225\" itemprop=\"http:\/\/schema.org\/image\" title=\"IMG_9425\" alt=\"Zum Schie\u00dfen...\" style=\"width: 300px; height: 225px;\" \/> <\/a> <div class=\"tiled-gallery-caption\" itemprop=\"caption description\"> Zum Schie\u00dfen&#8230; <\/div> <\/div> <\/div> <!-- close group --> <div class=\"gallery-group images-1\" style=\"width: 466px; height: 229px;\" data-original-width=\"466\" data-original-height=\"229\" > <div class=\"tiled-gallery-item tiled-gallery-item-large\" itemprop=\"associatedMedia\" itemscope itemtype=\"http:\/\/schema.org\/ImageObject\"> <a href=\"https:\/\/unser-quartier.de\/stadt-bergheim\/2020\/02\/glessen-fuehlt-sich-disco\/dsc02609\/\" border=\"0\" itemprop=\"url\"> <meta itemprop=\"width\" content=\"462\"> <meta itemprop=\"height\" content=\"225\"> <img decoding=\"async\" class=\"\" data-attachment-id=\"31377\" data-orig-file=\"https:\/\/unser-quartier.de\/stadt-bergheim\/files\/2020\/02\/DSC02609.jpg\" data-orig-size=\"1024,499\" data-comments-opened=\"\" data-image-meta=\"{&quot;aperture&quot;:&quot;4&quot;,&quot;credit&quot;:&quot;&quot;,&quot;camera&quot;:&quot;ILCE-6000&quot;,&quot;caption&quot;:&quot;&quot;,&quot;created_timestamp&quot;:&quot;1581801069&quot;,&quot;copyright&quot;:&quot;&quot;,&quot;focal_length&quot;:&quot;19&quot;,&quot;iso&quot;:&quot;800&quot;,&quot;shutter_speed&quot;:&quot;0.00625&quot;,&quot;title&quot;:&quot;&quot;,&quot;orientation&quot;:&quot;1&quot;}\" data-image-title=\"DSC02609\" data-image-description=\"\" data-medium-file=\"https:\/\/i0.wp.com\/unser-quartier.de\/stadt-bergheim\/files\/2020\/02\/DSC02609.jpg?fit=300%2C146&#038;ssl=1\" data-large-file=\"https:\/\/i0.wp.com\/unser-quartier.de\/stadt-bergheim\/files\/2020\/02\/DSC02609.jpg?fit=770%2C375&#038;ssl=1\" src=\"https:\/\/i0.wp.com\/unser-quartier.de\/stadt-bergheim\/files\/2020\/02\/DSC02609.jpg?w=462&#038;h=225&#038;ssl=1\" srcset=\"https:\/\/i0.wp.com\/unser-quartier.de\/stadt-bergheim\/files\/2020\/02\/DSC02609.jpg?w=1024&amp;ssl=1 1024w, https:\/\/i0.wp.com\/unser-quartier.de\/stadt-bergheim\/files\/2020\/02\/DSC02609.jpg?resize=300%2C146&amp;ssl=1 300w, https:\/\/i0.wp.com\/unser-quartier.de\/stadt-bergheim\/files\/2020\/02\/DSC02609.jpg?resize=150%2C73&amp;ssl=1 150w, https:\/\/i0.wp.com\/unser-quartier.de\/stadt-bergheim\/files\/2020\/02\/DSC02609.jpg?resize=768%2C374&amp;ssl=1 768w\" width=\"462\" height=\"225\" loading=\"lazy\" data-original-width=\"462\" data-original-height=\"225\" itemprop=\"http:\/\/schema.org\/image\" title=\"DSC02609\" alt=\"Pankratius-Tatzen\" style=\"width: 462px; height: 225px;\" \/> <\/a> <div class=\"tiled-gallery-caption\" itemprop=\"caption description\"> Pankratius-Tatzen <\/div> <\/div> <\/div> <!-- close group --> <\/div> <!-- close row --> <div class=\"gallery-row\" style=\"width: 770px; height: 297px;\" data-original-width=\"770\" data-original-height=\"297\" > <div class=\"gallery-group images-1\" style=\"width: 326px; height: 297px;\" data-original-width=\"326\" data-original-height=\"297\" > <div class=\"tiled-gallery-item tiled-gallery-item-large\" itemprop=\"associatedMedia\" itemscope itemtype=\"http:\/\/schema.org\/ImageObject\"> <a href=\"https:\/\/unser-quartier.de\/stadt-bergheim\/2020\/02\/glessen-fuehlt-sich-disco\/dsc02604\/\" border=\"0\" itemprop=\"url\"> <meta itemprop=\"width\" content=\"322\"> <meta itemprop=\"height\" content=\"293\"> <img decoding=\"async\" class=\"\" data-attachment-id=\"31378\" data-orig-file=\"https:\/\/unser-quartier.de\/stadt-bergheim\/files\/2020\/02\/DSC02604.jpg\" data-orig-size=\"1024,931\" data-comments-opened=\"\" data-image-meta=\"{&quot;aperture&quot;:&quot;4.5&quot;,&quot;credit&quot;:&quot;&quot;,&quot;camera&quot;:&quot;ILCE-6000&quot;,&quot;caption&quot;:&quot;&quot;,&quot;created_timestamp&quot;:&quot;1581799955&quot;,&quot;copyright&quot;:&quot;&quot;,&quot;focal_length&quot;:&quot;28&quot;,&quot;iso&quot;:&quot;500&quot;,&quot;shutter_speed&quot;:&quot;0.016666666666667&quot;,&quot;title&quot;:&quot;&quot;,&quot;orientation&quot;:&quot;1&quot;}\" data-image-title=\"DSC02604\" data-image-description=\"\" data-medium-file=\"https:\/\/i0.wp.com\/unser-quartier.de\/stadt-bergheim\/files\/2020\/02\/DSC02604.jpg?fit=300%2C273&#038;ssl=1\" data-large-file=\"https:\/\/i0.wp.com\/unser-quartier.de\/stadt-bergheim\/files\/2020\/02\/DSC02604.jpg?fit=770%2C700&#038;ssl=1\" src=\"https:\/\/i0.wp.com\/unser-quartier.de\/stadt-bergheim\/files\/2020\/02\/DSC02604.jpg?w=322&#038;h=293&#038;ssl=1\" srcset=\"https:\/\/i0.wp.com\/unser-quartier.de\/stadt-bergheim\/files\/2020\/02\/DSC02604.jpg?w=1024&amp;ssl=1 1024w, https:\/\/i0.wp.com\/unser-quartier.de\/stadt-bergheim\/files\/2020\/02\/DSC02604.jpg?resize=300%2C273&amp;ssl=1 300w, https:\/\/i0.wp.com\/unser-quartier.de\/stadt-bergheim\/files\/2020\/02\/DSC02604.jpg?resize=150%2C136&amp;ssl=1 150w, https:\/\/i0.wp.com\/unser-quartier.de\/stadt-bergheim\/files\/2020\/02\/DSC02604.jpg?resize=768%2C698&amp;ssl=1 768w\" width=\"322\" height=\"293\" loading=\"lazy\" data-original-width=\"322\" data-original-height=\"293\" itemprop=\"http:\/\/schema.org\/image\" title=\"DSC02604\" alt=\"Glessener Dreigestirn 2020\" style=\"width: 322px; height: 293px;\" \/> <\/a> <div class=\"tiled-gallery-caption\" itemprop=\"caption description\"> Glessener Dreigestirn 2020 <\/div> <\/div> <\/div> <!-- close group --> <div class=\"gallery-group images-1\" style=\"width: 444px; height: 297px;\" data-original-width=\"444\" data-original-height=\"297\" > <div class=\"tiled-gallery-item tiled-gallery-item-large\" itemprop=\"associatedMedia\" itemscope itemtype=\"http:\/\/schema.org\/ImageObject\"> <a href=\"https:\/\/unser-quartier.de\/stadt-bergheim\/2020\/02\/glessen-fuehlt-sich-disco\/dsc02602\/\" border=\"0\" itemprop=\"url\"> <meta itemprop=\"width\" content=\"440\"> <meta itemprop=\"height\" content=\"293\"> <img decoding=\"async\" class=\"\" data-attachment-id=\"31379\" data-orig-file=\"https:\/\/unser-quartier.de\/stadt-bergheim\/files\/2020\/02\/DSC02602.jpg\" data-orig-size=\"1024,683\" data-comments-opened=\"\" data-image-meta=\"{&quot;aperture&quot;:&quot;4.5&quot;,&quot;credit&quot;:&quot;&quot;,&quot;camera&quot;:&quot;ILCE-6000&quot;,&quot;caption&quot;:&quot;&quot;,&quot;created_timestamp&quot;:&quot;1581799932&quot;,&quot;copyright&quot;:&quot;&quot;,&quot;focal_length&quot;:&quot;28&quot;,&quot;iso&quot;:&quot;800&quot;,&quot;shutter_speed&quot;:&quot;0.00625&quot;,&quot;title&quot;:&quot;&quot;,&quot;orientation&quot;:&quot;1&quot;}\" data-image-title=\"DSC02602\" data-image-description=\"\" data-medium-file=\"https:\/\/i0.wp.com\/unser-quartier.de\/stadt-bergheim\/files\/2020\/02\/DSC02602.jpg?fit=300%2C200&#038;ssl=1\" data-large-file=\"https:\/\/i0.wp.com\/unser-quartier.de\/stadt-bergheim\/files\/2020\/02\/DSC02602.jpg?fit=770%2C514&#038;ssl=1\" src=\"https:\/\/i0.wp.com\/unser-quartier.de\/stadt-bergheim\/files\/2020\/02\/DSC02602.jpg?w=440&#038;h=293&#038;ssl=1\" srcset=\"https:\/\/i0.wp.com\/unser-quartier.de\/stadt-bergheim\/files\/2020\/02\/DSC02602.jpg?w=1024&amp;ssl=1 1024w, https:\/\/i0.wp.com\/unser-quartier.de\/stadt-bergheim\/files\/2020\/02\/DSC02602.jpg?resize=300%2C200&amp;ssl=1 300w, https:\/\/i0.wp.com\/unser-quartier.de\/stadt-bergheim\/files\/2020\/02\/DSC02602.jpg?resize=150%2C100&amp;ssl=1 150w, https:\/\/i0.wp.com\/unser-quartier.de\/stadt-bergheim\/files\/2020\/02\/DSC02602.jpg?resize=768%2C512&amp;ssl=1 768w\" width=\"440\" height=\"293\" loading=\"lazy\" data-original-width=\"440\" data-original-height=\"293\" itemprop=\"http:\/\/schema.org\/image\" title=\"DSC02602\" alt=\"Prinz Christoph I.\" style=\"width: 440px; height: 293px;\" \/> <\/a> <div class=\"tiled-gallery-caption\" itemprop=\"caption description\"> Prinz Christoph I. <\/div> <\/div> <\/div> <!-- close group --> <\/div> <!-- close row --> <div class=\"gallery-row\" style=\"width: 770px; height: 333px;\" data-original-width=\"770\" data-original-height=\"333\" > <div class=\"gallery-group images-1\" style=\"width: 497px; height: 333px;\" data-original-width=\"497\" data-original-height=\"333\" > <div class=\"tiled-gallery-item tiled-gallery-item-large\" itemprop=\"associatedMedia\" itemscope itemtype=\"http:\/\/schema.org\/ImageObject\"> <a href=\"https:\/\/unser-quartier.de\/stadt-bergheim\/2020\/02\/glessen-fuehlt-sich-disco\/dsc02599\/\" border=\"0\" itemprop=\"url\"> <meta itemprop=\"width\" content=\"493\"> <meta itemprop=\"height\" content=\"329\"> <img decoding=\"async\" class=\"\" data-attachment-id=\"31380\" data-orig-file=\"https:\/\/unser-quartier.de\/stadt-bergheim\/files\/2020\/02\/DSC02599.jpg\" data-orig-size=\"1024,683\" data-comments-opened=\"\" data-image-meta=\"{&quot;aperture&quot;:&quot;4.5&quot;,&quot;credit&quot;:&quot;&quot;,&quot;camera&quot;:&quot;ILCE-6000&quot;,&quot;caption&quot;:&quot;&quot;,&quot;created_timestamp&quot;:&quot;1581799906&quot;,&quot;copyright&quot;:&quot;&quot;,&quot;focal_length&quot;:&quot;27&quot;,&quot;iso&quot;:&quot;800&quot;,&quot;shutter_speed&quot;:&quot;0.00625&quot;,&quot;title&quot;:&quot;&quot;,&quot;orientation&quot;:&quot;1&quot;}\" data-image-title=\"DSC02599\" data-image-description=\"\" data-medium-file=\"https:\/\/i0.wp.com\/unser-quartier.de\/stadt-bergheim\/files\/2020\/02\/DSC02599.jpg?fit=300%2C200&#038;ssl=1\" data-large-file=\"https:\/\/i0.wp.com\/unser-quartier.de\/stadt-bergheim\/files\/2020\/02\/DSC02599.jpg?fit=770%2C514&#038;ssl=1\" src=\"https:\/\/i0.wp.com\/unser-quartier.de\/stadt-bergheim\/files\/2020\/02\/DSC02599.jpg?w=493&#038;h=329&#038;ssl=1\" srcset=\"https:\/\/i0.wp.com\/unser-quartier.de\/stadt-bergheim\/files\/2020\/02\/DSC02599.jpg?w=1024&amp;ssl=1 1024w, https:\/\/i0.wp.com\/unser-quartier.de\/stadt-bergheim\/files\/2020\/02\/DSC02599.jpg?resize=300%2C200&amp;ssl=1 300w, https:\/\/i0.wp.com\/unser-quartier.de\/stadt-bergheim\/files\/2020\/02\/DSC02599.jpg?resize=150%2C100&amp;ssl=1 150w, https:\/\/i0.wp.com\/unser-quartier.de\/stadt-bergheim\/files\/2020\/02\/DSC02599.jpg?resize=768%2C512&amp;ssl=1 768w\" width=\"493\" height=\"329\" loading=\"lazy\" data-original-width=\"493\" data-original-height=\"329\" itemprop=\"http:\/\/schema.org\/image\" title=\"DSC02599\" alt=\"DSC02599\" style=\"width: 493px; height: 329px;\" \/> <\/a> <\/div> <\/div> <!-- close group --> <div class=\"gallery-group images-2\" style=\"width: 273px; height: 333px;\" data-original-width=\"273\" data-original-height=\"333\" > <div class=\"tiled-gallery-item tiled-gallery-item-large\" itemprop=\"associatedMedia\" itemscope itemtype=\"http:\/\/schema.org\/ImageObject\"> <a href=\"https:\/\/unser-quartier.de\/stadt-bergheim\/2020\/02\/glessen-fuehlt-sich-disco\/dsc02573\/\" border=\"0\" itemprop=\"url\"> <meta itemprop=\"width\" content=\"269\"> <meta itemprop=\"height\" content=\"177\"> <img decoding=\"async\" class=\"\" data-attachment-id=\"31383\" data-orig-file=\"https:\/\/unser-quartier.de\/stadt-bergheim\/files\/2020\/02\/DSC02573.jpg\" data-orig-size=\"1024,676\" data-comments-opened=\"\" data-image-meta=\"{&quot;aperture&quot;:&quot;4.5&quot;,&quot;credit&quot;:&quot;&quot;,&quot;camera&quot;:&quot;ILCE-6000&quot;,&quot;caption&quot;:&quot;&quot;,&quot;created_timestamp&quot;:&quot;1581797269&quot;,&quot;copyright&quot;:&quot;&quot;,&quot;focal_length&quot;:&quot;24&quot;,&quot;iso&quot;:&quot;800&quot;,&quot;shutter_speed&quot;:&quot;0.00625&quot;,&quot;title&quot;:&quot;&quot;,&quot;orientation&quot;:&quot;1&quot;}\" data-image-title=\"DSC02573\" data-image-description=\"\" data-medium-file=\"https:\/\/i0.wp.com\/unser-quartier.de\/stadt-bergheim\/files\/2020\/02\/DSC02573.jpg?fit=300%2C198&#038;ssl=1\" data-large-file=\"https:\/\/i0.wp.com\/unser-quartier.de\/stadt-bergheim\/files\/2020\/02\/DSC02573.jpg?fit=770%2C508&#038;ssl=1\" src=\"https:\/\/i0.wp.com\/unser-quartier.de\/stadt-bergheim\/files\/2020\/02\/DSC02573.jpg?w=269&#038;h=177&#038;ssl=1\" srcset=\"https:\/\/i0.wp.com\/unser-quartier.de\/stadt-bergheim\/files\/2020\/02\/DSC02573.jpg?w=1024&amp;ssl=1 1024w, https:\/\/i0.wp.com\/unser-quartier.de\/stadt-bergheim\/files\/2020\/02\/DSC02573.jpg?resize=300%2C198&amp;ssl=1 300w, https:\/\/i0.wp.com\/unser-quartier.de\/stadt-bergheim\/files\/2020\/02\/DSC02573.jpg?resize=150%2C99&amp;ssl=1 150w, https:\/\/i0.wp.com\/unser-quartier.de\/stadt-bergheim\/files\/2020\/02\/DSC02573.jpg?resize=768%2C507&amp;ssl=1 768w\" width=\"269\" height=\"177\" loading=\"lazy\" data-original-width=\"269\" data-original-height=\"177\" itemprop=\"http:\/\/schema.org\/image\" title=\"DSC02573\" alt=\"Feierfunken\" style=\"width: 269px; height: 177px;\" \/> <\/a> <div class=\"tiled-gallery-caption\" itemprop=\"caption description\"> Feierfunken <\/div> <\/div> <div class=\"tiled-gallery-item tiled-gallery-item-large\" itemprop=\"associatedMedia\" itemscope itemtype=\"http:\/\/schema.org\/ImageObject\"> <a href=\"https:\/\/unser-quartier.de\/stadt-bergheim\/2020\/02\/glessen-fuehlt-sich-disco\/dsc02569\/\" border=\"0\" itemprop=\"url\"> <meta itemprop=\"width\" content=\"269\"> <meta itemprop=\"height\" content=\"148\"> <img decoding=\"async\" class=\"\" data-attachment-id=\"31385\" data-orig-file=\"https:\/\/unser-quartier.de\/stadt-bergheim\/files\/2020\/02\/DSC02569.jpg\" data-orig-size=\"1024,562\" data-comments-opened=\"\" data-image-meta=\"{&quot;aperture&quot;:&quot;5&quot;,&quot;credit&quot;:&quot;&quot;,&quot;camera&quot;:&quot;ILCE-6000&quot;,&quot;caption&quot;:&quot;&quot;,&quot;created_timestamp&quot;:&quot;1581797227&quot;,&quot;copyright&quot;:&quot;&quot;,&quot;focal_length&quot;:&quot;31&quot;,&quot;iso&quot;:&quot;800&quot;,&quot;shutter_speed&quot;:&quot;0.00625&quot;,&quot;title&quot;:&quot;&quot;,&quot;orientation&quot;:&quot;1&quot;}\" data-image-title=\"DSC02569\" data-image-description=\"\" data-medium-file=\"https:\/\/i0.wp.com\/unser-quartier.de\/stadt-bergheim\/files\/2020\/02\/DSC02569.jpg?fit=300%2C165&#038;ssl=1\" data-large-file=\"https:\/\/i0.wp.com\/unser-quartier.de\/stadt-bergheim\/files\/2020\/02\/DSC02569.jpg?fit=770%2C423&#038;ssl=1\" src=\"https:\/\/i0.wp.com\/unser-quartier.de\/stadt-bergheim\/files\/2020\/02\/DSC02569.jpg?w=269&#038;h=148&#038;ssl=1\" srcset=\"https:\/\/i0.wp.com\/unser-quartier.de\/stadt-bergheim\/files\/2020\/02\/DSC02569.jpg?w=1024&amp;ssl=1 1024w, https:\/\/i0.wp.com\/unser-quartier.de\/stadt-bergheim\/files\/2020\/02\/DSC02569.jpg?resize=300%2C165&amp;ssl=1 300w, https:\/\/i0.wp.com\/unser-quartier.de\/stadt-bergheim\/files\/2020\/02\/DSC02569.jpg?resize=150%2C82&amp;ssl=1 150w, https:\/\/i0.wp.com\/unser-quartier.de\/stadt-bergheim\/files\/2020\/02\/DSC02569.jpg?resize=768%2C422&amp;ssl=1 768w\" width=\"269\" height=\"148\" loading=\"lazy\" data-original-width=\"269\" data-original-height=\"148\" itemprop=\"http:\/\/schema.org\/image\" title=\"DSC02569\" alt=\"DSC02569\" style=\"width: 269px; height: 148px;\" \/> <\/a> <\/div> <\/div> <!-- close group --> <\/div> <!-- close row --> <div class=\"gallery-row\" style=\"width: 770px; height: 415px;\" data-original-width=\"770\" data-original-height=\"415\" > <div class=\"gallery-group images-1\" style=\"width: 770px; height: 415px;\" data-original-width=\"770\" data-original-height=\"415\" > <div class=\"tiled-gallery-item tiled-gallery-item-large\" itemprop=\"associatedMedia\" itemscope itemtype=\"http:\/\/schema.org\/ImageObject\"> <a href=\"https:\/\/unser-quartier.de\/stadt-bergheim\/2020\/02\/glessen-fuehlt-sich-disco\/dsc02565\/\" border=\"0\" itemprop=\"url\"> <meta itemprop=\"width\" content=\"766\"> <meta itemprop=\"height\" content=\"411\"> <img decoding=\"async\" class=\"\" data-attachment-id=\"31389\" data-orig-file=\"https:\/\/unser-quartier.de\/stadt-bergheim\/files\/2020\/02\/DSC02565.jpg\" data-orig-size=\"1024,549\" data-comments-opened=\"\" data-image-meta=\"{&quot;aperture&quot;:&quot;3.5&quot;,&quot;credit&quot;:&quot;&quot;,&quot;camera&quot;:&quot;ILCE-6000&quot;,&quot;caption&quot;:&quot;&quot;,&quot;created_timestamp&quot;:&quot;1581796936&quot;,&quot;copyright&quot;:&quot;&quot;,&quot;focal_length&quot;:&quot;16&quot;,&quot;iso&quot;:&quot;800&quot;,&quot;shutter_speed&quot;:&quot;0.00625&quot;,&quot;title&quot;:&quot;&quot;,&quot;orientation&quot;:&quot;1&quot;}\" data-image-title=\"DSC02565\" data-image-description=\"\" data-medium-file=\"https:\/\/i0.wp.com\/unser-quartier.de\/stadt-bergheim\/files\/2020\/02\/DSC02565.jpg?fit=300%2C161&#038;ssl=1\" data-large-file=\"https:\/\/i0.wp.com\/unser-quartier.de\/stadt-bergheim\/files\/2020\/02\/DSC02565.jpg?fit=770%2C413&#038;ssl=1\" src=\"https:\/\/i0.wp.com\/unser-quartier.de\/stadt-bergheim\/files\/2020\/02\/DSC02565.jpg?w=766&#038;h=411&#038;ssl=1\" srcset=\"https:\/\/i0.wp.com\/unser-quartier.de\/stadt-bergheim\/files\/2020\/02\/DSC02565.jpg?w=1024&amp;ssl=1 1024w, https:\/\/i0.wp.com\/unser-quartier.de\/stadt-bergheim\/files\/2020\/02\/DSC02565.jpg?resize=300%2C161&amp;ssl=1 300w, https:\/\/i0.wp.com\/unser-quartier.de\/stadt-bergheim\/files\/2020\/02\/DSC02565.jpg?resize=150%2C80&amp;ssl=1 150w, https:\/\/i0.wp.com\/unser-quartier.de\/stadt-bergheim\/files\/2020\/02\/DSC02565.jpg?resize=768%2C412&amp;ssl=1 768w\" width=\"766\" height=\"411\" loading=\"lazy\" data-original-width=\"766\" data-original-height=\"411\" itemprop=\"http:\/\/schema.org\/image\" title=\"DSC02565\" alt=\"Alle zwei Jahre bringt das Team der kfd Glessen zum rocken\" style=\"width: 766px; height: 411px;\" \/> <\/a> <div class=\"tiled-gallery-caption\" itemprop=\"caption description\"> Alle zwei Jahre bringt das Team der kfd Glessen zum rocken <\/div> <\/div> <\/div> <!-- close group --> <\/div> <!-- close row --> <\/div>\n<p>73 Mitwirkende brachten ein vierst\u00fcndiges Feuerwerk aus Sketchen, Dorfklatsch, B\u00fcttenreden, Tanz- und Gesangsnummern auf die B\u00fchne, das niemanden lange auf den St\u00fchlen hielt. Die Feierfunken, die traditionell mit dem \u201eGlessener (Leucht-)Bessem\u201c einziehen, hatten diesmal die ehrenvolle Aufgabe, das j\u00fcngste Dreigestirn aller Zeiten auf die B\u00fchne zu eskortieren. Nicht das Prinz Christoph I., Bauer Konstantin und Jungfrau Simone den Weg dorthin inzwischen nicht allein finden w\u00fcrden, aber Muttergef\u00fchle kommen beim zarten Alter der sch\u00f6n gestriegelten Strumpfhosen-Gang schnell schon mal auf. Und diese Schuhe!!<\/p>\n<p>\u201eUm den Nachwuchs brauchen wir uns hier in Glessen jedenfalls keine Sorgen zu machen\u201c, freute sich Signe Berger Klapper: Mittlerweile treten etliche T\u00f6chter mit ihren M\u00fcttern in den Reihen der \u201ePankratius-Tatzen\u201c, der &#8220;Glessen Girls&#8221; oder &#8220;Ladykracher 2.0&#8221; gemeinsam auf .\u00a0 Und die \u201ealten Hasen\u201c aus dem wie immer phantastischen M\u00e4nnerballett sind dank famili\u00e4rer Bunny-Verst\u00e4rkung beim Discofox noch mal so sexy. Glessen kann sogar Cancan und schneidert sich die Kost\u00fcme vorwiegend selbst, bis die N\u00e4hmaschinen streiken.\u00a0 Die Chillisisters schossen als &#8220;jecke H\u00fchner&#8221; verkleidet den Vogel ab.<\/p>\n<p>\u201eWir brauchen gar nicht zu verreisen, wir m\u00fcssen uns nur hier im eigenen Dorf umschauen\u201c, brachte es Kreuzfahrerin Marion Kuckelkorn auf den Punkt. Ob die katastrophale Verkehrssituation durch die Sperrung Im Tal oder die Sanierung der Kirche \u2013 die Themen liegen in Glessen praktisch auf der Stra\u00dfe. \u201eOma\u201c Ulla Wegener kann der Dauerbaustelle jedenfalls auch etwas Positives abgewinnen und sucht die Arbeiter gern schon mal mit Kaffee und Kuchen heim. Ob sich das Di\u00e4t-Restaurant allerdings durchsetzen wird, bleibt abzuwarten. Auch den Anruf \u201eAuf dem Amt\u201c kann man getrost in die Tonne der Abfallberatung klopfen, will man sich nicht in der Dauerschleife aus Zust\u00e4ndigkeiten verirren. Schade, dass jetzt wieder zwei Jahre Ruhe ist &#8211; wer sich in der Zwischenzeit eine neue Nummer ausdenken will, ist herzlich willkommen.<\/p>\n","protected":false},"excerpt":{"rendered":"<p><strong>Wieder mal \u201eklaafe \u2013 fiere \u2013 danze\u201c bei der M\u00fcttersitzung der kfd <\/strong><\/p>\n<p>Hinter jeder starken Frau steht ein starker Mann und r\u00e4umt auf. Bei der traditionellen M\u00fcttersitzung der kfd Glessen konnte sich das neue Vorstandsteam um Dr. Signe Berger-Klapper jedenfalls nicht beschweren \u2013 ihre Kerle packten brav im Hintergrund mit an und sorgten daf\u00fcr, &hellip; <\/p>\n<p><a class=\"more-link btn\" href=\"https:\/\/unser-quartier.de\/stadt-bergheim\/2020\/02\/glessen-fuehlt-sich-disco\/\">Weiterlesen<\/a><\/p>\n","protected":false},"author":133,"featured_media":0,"comment_status":"closed","ping_status":"closed","sticky":false,"template":"","format":"standard","meta":{"_bbp_topic_count":0,"_bbp_reply_count":0,"_bbp_total_topic_count":0,"_bbp_total_reply_count":0,"_bbp_voice_count":0,"_bbp_anonymous_reply_count":0,"_bbp_topic_count_hidden":0,"_bbp_reply_count_hidden":0,"_bbp_forum_subforum_count":0,"jetpack_post_was_ever_published":false,"_jetpack_newsletter_access":"","_jetpack_dont_email_post_to_subs":false,"_jetpack_newsletter_tier_id":0,"_jetpack_memberships_contains_paywalled_content":false,"_jetpack_memberships_contains_paid_content":false,"footnotes":""},"categories":[71],"tags":[],"class_list":["post-31362","post","type-post","status-publish","format-standard","hentry","category-freizeit","item-wrap"],"jetpack_sharing_enabled":true,"jetpack_featured_media_url":"","jetpack_shortlink":"https:\/\/wp.me\/p3vhfJ-89Q","jetpack_likes_enabled":true,"_links":{"self":[{"href":"https:\/\/unser-quartier.de\/stadt-bergheim\/wp-json\/wp\/v2\/posts\/31362","targetHints":{"allow":["GET"]}}],"collection":[{"href":"https:\/\/unser-quartier.de\/stadt-bergheim\/wp-json\/wp\/v2\/posts"}],"about":[{"href":"https:\/\/unser-quartier.de\/stadt-bergheim\/wp-json\/wp\/v2\/types\/post"}],"author":[{"embeddable":true,"href":"https:\/\/unser-quartier.de\/stadt-bergheim\/wp-json\/wp\/v2\/users\/133"}],"replies":[{"embeddable":true,"href":"https:\/\/unser-quartier.de\/stadt-bergheim\/wp-json\/wp\/v2\/comments?post=31362"}],"version-history":[{"count":0,"href":"https:\/\/unser-quartier.de\/stadt-bergheim\/wp-json\/wp\/v2\/posts\/31362\/revisions"}],"wp:attachment":[{"href":"https:\/\/unser-quartier.de\/stadt-bergheim\/wp-json\/wp\/v2\/media?parent=31362"}],"wp:term":[{"taxonomy":"category","embeddable":true,"href":"https:\/\/unser-quartier.de\/stadt-bergheim\/wp-json\/wp\/v2\/categories?post=31362"},{"taxonomy":"post_tag","embeddable":true,"href":"https:\/\/unser-quartier.de\/stadt-bergheim\/wp-json\/wp\/v2\/tags?post=31362"}],"curies":[{"name":"wp","href":"https:\/\/api.w.org\/{rel}","templated":true}]}}