{"id":32146,"date":"2020-06-22T16:06:46","date_gmt":"2020-06-22T14:06:46","guid":{"rendered":"https:\/\/unser-quartier.de\/stadt-bergheim\/?p=32146"},"modified":"2020-06-22T16:07:43","modified_gmt":"2020-06-22T14:07:43","slug":"stadtdetektive-unterwegs","status":"publish","type":"post","link":"https:\/\/unser-quartier.de\/stadt-bergheim\/2020\/06\/stadtdetektive-unterwegs\/","title":{"rendered":"Stadtdetektive unterwegs &#8230;"},"content":{"rendered":"<p><img data-recalc-dims=\"1\" loading=\"lazy\" decoding=\"async\" data-attachment-id=\"32147\" data-permalink=\"https:\/\/unser-quartier.de\/stadt-bergheim\/2020\/06\/stadtdetektive-unterwegs\/a81fb2a4-2feb-41f0-9485-3c62ba5c8427\/\" data-orig-file=\"https:\/\/i0.wp.com\/unser-quartier.de\/stadt-bergheim\/files\/2020\/06\/A81FB2A4-2FEB-41F0-9485-3C62BA5C8427.jpeg?fit=1024%2C678&amp;ssl=1\" data-orig-size=\"1024,678\" data-comments-opened=\"0\" data-image-meta=\"{&quot;aperture&quot;:&quot;0&quot;,&quot;credit&quot;:&quot;&quot;,&quot;camera&quot;:&quot;&quot;,&quot;caption&quot;:&quot;&quot;,&quot;created_timestamp&quot;:&quot;0&quot;,&quot;copyright&quot;:&quot;&quot;,&quot;focal_length&quot;:&quot;0&quot;,&quot;iso&quot;:&quot;0&quot;,&quot;shutter_speed&quot;:&quot;0&quot;,&quot;title&quot;:&quot;&quot;,&quot;orientation&quot;:&quot;0&quot;}\" data-image-title=\"A81FB2A4-2FEB-41F0-9485-3C62BA5C8427\" data-image-description=\"\" data-image-caption=\"\" data-medium-file=\"https:\/\/i0.wp.com\/unser-quartier.de\/stadt-bergheim\/files\/2020\/06\/A81FB2A4-2FEB-41F0-9485-3C62BA5C8427.jpeg?fit=300%2C199&amp;ssl=1\" data-large-file=\"https:\/\/i0.wp.com\/unser-quartier.de\/stadt-bergheim\/files\/2020\/06\/A81FB2A4-2FEB-41F0-9485-3C62BA5C8427.jpeg?fit=770%2C510&amp;ssl=1\" class=\"alignnone size-full wp-image-32147\" src=\"https:\/\/i0.wp.com\/unser-quartier.de\/stadt-bergheim\/files\/2020\/06\/A81FB2A4-2FEB-41F0-9485-3C62BA5C8427.jpeg?resize=770%2C510&#038;ssl=1\" alt=\"\" width=\"770\" height=\"510\" srcset=\"https:\/\/i0.wp.com\/unser-quartier.de\/stadt-bergheim\/files\/2020\/06\/A81FB2A4-2FEB-41F0-9485-3C62BA5C8427.jpeg?w=1024&amp;ssl=1 1024w, https:\/\/i0.wp.com\/unser-quartier.de\/stadt-bergheim\/files\/2020\/06\/A81FB2A4-2FEB-41F0-9485-3C62BA5C8427.jpeg?resize=300%2C199&amp;ssl=1 300w, https:\/\/i0.wp.com\/unser-quartier.de\/stadt-bergheim\/files\/2020\/06\/A81FB2A4-2FEB-41F0-9485-3C62BA5C8427.jpeg?resize=150%2C99&amp;ssl=1 150w, https:\/\/i0.wp.com\/unser-quartier.de\/stadt-bergheim\/files\/2020\/06\/A81FB2A4-2FEB-41F0-9485-3C62BA5C8427.jpeg?resize=768%2C509&amp;ssl=1 768w\" sizes=\"auto, (max-width: 770px) 100vw, 770px\" \/><\/p>\n<p><span style=\"font-size: 20px; font-family: arial, helvetica, sans-serif;\">Kinderf\u00fchrung am <\/span><\/p>\n<p><span style=\"font-size: 20px; font-family: arial, helvetica, sans-serif;\">01.07.2020 und 29.07.2020:<br \/>\n<\/span><\/p>\n<p><span style=\"font-size: 20px; font-family: arial, helvetica, sans-serif;\">Stadtdetektive<br \/>\nOhje \u2013 das Gebiss eines Bergheimer Professors wurde geraubt. Ein klarer Fall f\u00fcr die Stadtdetektive! Zusammen mit G\u00e4stef\u00fchrerin Astrid Machuj verfolgen sie die Spuren des Diebes quer durch die Bergheimer Fu\u00dfg\u00e4ngerzone. K\u00f6nnen sie dem verzweifelten Professor das Gebiss zur\u00fcckbringen?<br \/>\nKurzfristig wurden die Angebote f\u00fcr Kinder und Familien an die Hygiene- und Infektionsschutzstandards bzgl. der Bem\u00fchungen zur Eind\u00e4mmung von Covid-19 angepasst. So ist eine Mund-Nasen-Maske Voraussetzung f\u00fcr die Teilnahme (Ausnahme: Vorschulkinder). Zudem ist die Teilnehmerzahl pro F\u00fchrung begrenzt, sodass bei hoher Nachfrage Zusatzf\u00fchrungen angeboten werden. Anmeldungen sind zwingend erforderlich, rechtzeitiges Absagen bei Verhinderung ebenfalls. <\/span><\/p>\n<p><span style=\"font-size: 20px; font-family: arial, helvetica, sans-serif;\">Aktuelle Informationen sind unter www.bergheim.de\/fuehrungen.aspx zu finden.<br \/>\nTermine: 01.07.2020 und 29.07.2020, 14.00 Uhr <\/span><\/p>\n<p><span style=\"font-size: 20px; font-family: arial, helvetica, sans-serif;\">Treffpunkt: Museum BERGHEIMAT<br \/>\nDauer: ca. 1,5 Stunden<br \/>\nKosten: 4,00 \u20ac p. P.<br \/>\n<\/span><\/p>\n<p><span style=\"font-size: 20px; font-family: arial, helvetica, sans-serif;\">Sonstiges: <\/span><\/p>\n<p><span style=\"font-size: 20px; font-family: arial, helvetica, sans-serif;\">Geeignet f\u00fcr Kinder ab 7 Jahren<br \/>\n<\/span><\/p>\n<p><span style=\"font-size: 20px; font-family: arial, helvetica, sans-serif;\">Anmeldung: Astrid Machuj, info@fuehrungenmitpfiff.de, <\/span><\/p>\n<p><span style=\"font-size: 20px; font-family: arial, helvetica, sans-serif;\">T. 02271-97380 oder <\/span><\/p>\n<p><span style=\"font-size: 20px; font-family: arial, helvetica, sans-serif;\">Felicitas Keller, stadtfuehrung@bergheim.de,<\/span><\/p>\n<p><span style=\"font-size: 20px; font-family: arial, helvetica, sans-serif;\"> T. 02271-89250<\/span><\/p>\n","protected":false},"excerpt":{"rendered":"<\/p>\n<p>Kinderf\u00fchrung am <\/p>\n<p>01.07.2020 und 29.07.2020: <\/p>\n<p>Stadtdetektive Ohje \u2013 das Gebiss eines Bergheimer Professors wurde geraubt. Ein klarer Fall f\u00fcr die Stadtdetektive! Zusammen mit G\u00e4stef\u00fchrerin Astrid Machuj verfolgen sie die Spuren des Diebes quer durch die Bergheimer Fu\u00dfg\u00e4ngerzone. K\u00f6nnen sie dem verzweifelten Professor das Gebiss zur\u00fcckbringen? Kurzfristig wurden die Angebote f\u00fcr Kinder und &hellip; <\/p>\n<p><a class=\"more-link btn\" href=\"https:\/\/unser-quartier.de\/stadt-bergheim\/2020\/06\/stadtdetektive-unterwegs\/\">Weiterlesen<\/a><\/p>\n","protected":false},"author":48,"featured_media":0,"comment_status":"closed","ping_status":"closed","sticky":false,"template":"","format":"standard","meta":{"_bbp_topic_count":0,"_bbp_reply_count":0,"_bbp_total_topic_count":0,"_bbp_total_reply_count":0,"_bbp_voice_count":0,"_bbp_anonymous_reply_count":0,"_bbp_topic_count_hidden":0,"_bbp_reply_count_hidden":0,"_bbp_forum_subforum_count":0,"jetpack_post_was_ever_published":false,"_jetpack_newsletter_access":"","_jetpack_dont_email_post_to_subs":false,"_jetpack_newsletter_tier_id":0,"_jetpack_memberships_contains_paywalled_content":false,"_jetpack_memberships_contains_paid_content":false,"footnotes":""},"categories":[1,71,70,72],"tags":[],"class_list":["post-32146","post","type-post","status-publish","format-standard","hentry","category-allgemein","category-freizeit","category-neue-altersbilder","category-tipps","item-wrap"],"jetpack_sharing_enabled":true,"jetpack_featured_media_url":"","jetpack_shortlink":"https:\/\/wp.me\/p3vhfJ-8mu","jetpack_likes_enabled":true,"_links":{"self":[{"href":"https:\/\/unser-quartier.de\/stadt-bergheim\/wp-json\/wp\/v2\/posts\/32146","targetHints":{"allow":["GET"]}}],"collection":[{"href":"https:\/\/unser-quartier.de\/stadt-bergheim\/wp-json\/wp\/v2\/posts"}],"about":[{"href":"https:\/\/unser-quartier.de\/stadt-bergheim\/wp-json\/wp\/v2\/types\/post"}],"author":[{"embeddable":true,"href":"https:\/\/unser-quartier.de\/stadt-bergheim\/wp-json\/wp\/v2\/users\/48"}],"replies":[{"embeddable":true,"href":"https:\/\/unser-quartier.de\/stadt-bergheim\/wp-json\/wp\/v2\/comments?post=32146"}],"version-history":[{"count":0,"href":"https:\/\/unser-quartier.de\/stadt-bergheim\/wp-json\/wp\/v2\/posts\/32146\/revisions"}],"wp:attachment":[{"href":"https:\/\/unser-quartier.de\/stadt-bergheim\/wp-json\/wp\/v2\/media?parent=32146"}],"wp:term":[{"taxonomy":"category","embeddable":true,"href":"https:\/\/unser-quartier.de\/stadt-bergheim\/wp-json\/wp\/v2\/categories?post=32146"},{"taxonomy":"post_tag","embeddable":true,"href":"https:\/\/unser-quartier.de\/stadt-bergheim\/wp-json\/wp\/v2\/tags?post=32146"}],"curies":[{"name":"wp","href":"https:\/\/api.w.org\/{rel}","templated":true}]}}