{"id":32529,"date":"2020-10-01T13:41:35","date_gmt":"2020-10-01T11:41:35","guid":{"rendered":"https:\/\/unser-quartier.de\/stadt-bergheim\/?p=32529"},"modified":"2020-10-01T13:41:35","modified_gmt":"2020-10-01T11:41:35","slug":"bergheims-gruene-lunge-gestalten","status":"publish","type":"post","link":"https:\/\/unser-quartier.de\/stadt-bergheim\/2020\/10\/bergheims-gruene-lunge-gestalten\/","title":{"rendered":"Bergheims &#8220;Gr\u00fcne Lunge&#8221; gestalten"},"content":{"rendered":"<p><img data-recalc-dims=\"1\" loading=\"lazy\" decoding=\"async\" data-attachment-id=\"32530\" data-permalink=\"https:\/\/unser-quartier.de\/stadt-bergheim\/2020\/10\/bergheims-gruene-lunge-gestalten\/gl_poster-2\/\" data-orig-file=\"https:\/\/i0.wp.com\/unser-quartier.de\/stadt-bergheim\/files\/2020\/10\/gl_poster-2.jpg?fit=200%2C283&amp;ssl=1\" data-orig-size=\"200,283\" data-comments-opened=\"0\" data-image-meta=\"{&quot;aperture&quot;:&quot;0&quot;,&quot;credit&quot;:&quot;&quot;,&quot;camera&quot;:&quot;&quot;,&quot;caption&quot;:&quot;&quot;,&quot;created_timestamp&quot;:&quot;0&quot;,&quot;copyright&quot;:&quot;&quot;,&quot;focal_length&quot;:&quot;0&quot;,&quot;iso&quot;:&quot;0&quot;,&quot;shutter_speed&quot;:&quot;0&quot;,&quot;title&quot;:&quot;&quot;,&quot;orientation&quot;:&quot;0&quot;}\" data-image-title=\"gl_poster-2\" data-image-description=\"\" data-image-caption=\"\" data-medium-file=\"https:\/\/i0.wp.com\/unser-quartier.de\/stadt-bergheim\/files\/2020\/10\/gl_poster-2.jpg?fit=200%2C283&amp;ssl=1\" data-large-file=\"https:\/\/i0.wp.com\/unser-quartier.de\/stadt-bergheim\/files\/2020\/10\/gl_poster-2.jpg?fit=200%2C283&amp;ssl=1\" class=\"alignleft wp-image-32530 size-full\" src=\"https:\/\/i0.wp.com\/unser-quartier.de\/stadt-bergheim\/files\/2020\/10\/gl_poster-2.jpg?resize=200%2C283&#038;ssl=1\" alt=\"\" width=\"200\" height=\"283\" srcset=\"https:\/\/i0.wp.com\/unser-quartier.de\/stadt-bergheim\/files\/2020\/10\/gl_poster-2.jpg?w=200&amp;ssl=1 200w, https:\/\/i0.wp.com\/unser-quartier.de\/stadt-bergheim\/files\/2020\/10\/gl_poster-2.jpg?resize=106%2C150&amp;ssl=1 106w\" sizes=\"auto, (max-width: 200px) 100vw, 200px\" \/>Unter dem Motto IDEEN WACHSEN LASSEN l\u00e4dt die Kreisstadt Bergheim am 04. Oktober 2020 von 12 Uhr bis 16 Uhr Jung und Alt zur \u00d6ffentlichkeitsbeteiligung in der Gr\u00fcnen Lunge zwischen dem Amtsgericht und der Albert-Schweitzer-Schule ein.<\/p>\n<p>In den Innenst\u00e4dten wird die Umgestaltung von \u00f6ffentlichen Gr\u00fcnanlagen zuk\u00fcnftig eine noch gr\u00f6\u00dfere Bedeutung bekommen. Gerade in Zeiten der Zur\u00fcckhaltung, wie aktuell durch die Corona-Pandemie, zeigt sich die Relevanz \u00f6ffentlicher Gr\u00fcnr\u00e4ume. Der \u00f6ffentliche Gartenraum wird in diesen Zeiten zu einer kleinen Oase der Freiheit. Das Teilprojekt \u201eAufwertung der Gr\u00fcnen Lunge zu einem Mehrgenerationenpark\u201c stellt eine der insgesamt 28 Ma\u00dfnahmen des Integrierten St\u00e4dtebaulichen Entwicklungskonzeptes Innenstadt, kurz INSEK Innenstadt, dar. Das Stadtzentrum soll in seinen vielf\u00e4ltigen Funktionen wie Einkaufen, Wohnen und Kultur gest\u00e4rkt sowie als ein Ort der Kommunikation und Identifikation erlebbar gemacht werden. Im Rahmen eines transparenten und qualitativ hochwertigen Entwurfsprozesses l\u00e4dt die Kreisstadt Bergheim alle B\u00fcrgerinnen und B\u00fcrger am 04. Oktober 2020 von 12 Uhr bis 16 Uhr in Bergheims \u201eGr\u00fcne Lunge\u201c ein, um dort mehr \u00fcber die geplante Aufwertung der Gr\u00fcnen Lunge zu erfahren und sich aktiv mit ihren Ideen in die Planung einzubringen.<\/p>\n<p>Ziel ist es, die \u201eGr\u00fcne Lunge\u201c, gelegen zwischen Amtsgericht und der Albert-Schweitzer-Schule, durch eine sogenannte \u201eressourcenschonende und kreislauforientierte Freiraumplanung\u201c zu einem Mehrgenerationenpark aufzuwerten. Die vorhandenen Qualit\u00e4ten der Gr\u00fcnanlage sollen herausgearbeitet werden, wodurch die Kreisstadt Bergheim eine stadt\u00f6kologische Aufwertung erh\u00e4lt. Im Fokus stehen die Themen Biodiversit\u00e4t, Bewegung und Bildung. Dabei soll die mittig gelegene Wiese ein ruhiges Zentrum darstellen, welches von anliegenden, aktivierenden Gr\u00fcnfl\u00e4chen erg\u00e4nzt wird. \u00dcber natur- und kulturbezogene Themenrouten wird der Park mit der Innenstadt verbunden die Parkanlage beh\u00e4lt somit ihren naturnahen Charakter.<\/p>\n<p>\u201eDie Meinungen und Ideen der B\u00fcrgerinnen und B\u00fcrger zu dem zuk\u00fcnftigen Konzept des Mehrgenerationenparks sind mir sehr wichtig\u201c,\u00a0 so B\u00fcrgermeister Volker Mie\u00dfeler. \u201eDaher sind alle Interessierten herzlich eingeladen, sich mit einzubringen. Als Dankesch\u00f6n f\u00fcr die Beteiligung am Konzept warten 1 m\u00b2 Bl\u00fchwiesensamen auf alle, die mitmachen &#8211; frei nach dem Motto \u201eIdeen wachsen lassen\u201c. Die Parkanlage am Amtsgericht soll so zuk\u00fcnftig ein neues Gesicht erhalten und zu einem attraktiven Verweilort in der Bergheimer Innenstadt f\u00fcr alle Generationen werden. Das Cityb\u00fcro in der Innenstadt, Hauptstra\u00dfe 55, hat an diesem Tag ebenfalls ge\u00f6ffnet. Interessierte k\u00f6nnen sich dort \u00fcber die verschiedenen Projekte des INSEK informieren<\/p>\n<p><strong>Auf die Teilnehmer wartet ein intensiver und spannender Dialog mit einem bunten Rahmenprogramm: <\/strong><\/p>\n<p><strong>12:00 \u2013 16:00 Uhr: <\/strong>Offene \u00d6ffentlichkeitsbeteiligung: IDEEN WACHSEN LASSEN<br \/>\nDie B\u00fcrgerinnen und B\u00fcrger sind herzlich eingeladen, sich aktiv im Rahmen der Neugestaltung der \u201eGr\u00fcnen Lunge\u201c einzubringen. \u201eMitgestalten, Diskutieren, Austauschen, Ideen sammeln oder einfach genie\u00dfen\u201c. Die vor Ort ausgelegten Beteiligungskarten k\u00f6nnen direkt oder innerhalb von einer Woche im Cityb\u00fcro in der Hauptstra\u00dfe 55 in der Fu\u00dfg\u00e4nger abgeben werden.<\/p>\n<p><strong>12:30 Uhr und 15 Uhr, je 45 Min.<\/strong> Kr\u00e4uter- und Kulturf\u00fchrung u. a. mit dem Thema, \u201eessbare Stadt\u201c mit Andreas Beyerle und Frau Lippert-Hamacher inkl. Kinderkr\u00e4uterschatzsuche<\/p>\n<p>Yoga Einheiten f\u00fcr jede Altersgruppe mit Ulrike Leonhardt<\/p>\n<p>Functional Fitness Einheit mit VitaminSport \u2013 Fitnessstudio &amp; Gesundheitscenter<\/p>\n<p><strong>12:00 &#8211; 16:00 Uhr<\/strong> spannende Kr\u00e4uterschatzsuche f\u00fcr Kinder<\/p>\n<p><strong>12:00 \u2013 16:00 Uhr<\/strong> Pop-Up Caf\u00e9<\/p>\n<p>Die Sportkurse finden auf der gro\u00dfen Freifl\u00e4che im Herzen der Parkanlage statt. Hier sind sowohl Anf\u00e4ngerInnen als auch Fortgeschrittene aller Altersgruppen herzlich willkommen. Coronabedingt wird f\u00fcr die F\u00fchrungen und die Fitnesskurse um vorherige Anmeldung gebeten (<a href=\"mailto:citybuero@bergheim.de\">citybuero@bergheim.de<\/a>). Sollte das Wetter an diesem Tag nicht \u201emitspielen\u201c, m\u00fcssen die Kurse und F\u00fchrungen leider ausfallen. Bei Regen wird die Veranstaltung unter dem Vordach der Albert-Schweitzer-Grundschule stattfinden.<\/p>\n","protected":false},"excerpt":{"rendered":"<p>Unter dem Motto IDEEN WACHSEN LASSEN l\u00e4dt die Kreisstadt Bergheim am 04. Oktober 2020 von 12 Uhr bis 16 Uhr Jung und Alt zur \u00d6ffentlichkeitsbeteiligung in der Gr\u00fcnen Lunge zwischen dem Amtsgericht und der Albert-Schweitzer-Schule ein.<\/p>\n<p>In den Innenst\u00e4dten wird die Umgestaltung von \u00f6ffentlichen Gr\u00fcnanlagen zuk\u00fcnftig eine noch gr\u00f6\u00dfere Bedeutung bekommen. Gerade in Zeiten der &hellip; <\/p>\n<p><a class=\"more-link btn\" href=\"https:\/\/unser-quartier.de\/stadt-bergheim\/2020\/10\/bergheims-gruene-lunge-gestalten\/\">Weiterlesen<\/a><\/p>\n","protected":false},"author":133,"featured_media":0,"comment_status":"closed","ping_status":"closed","sticky":false,"template":"","format":"standard","meta":{"_bbp_topic_count":0,"_bbp_reply_count":0,"_bbp_total_topic_count":0,"_bbp_total_reply_count":0,"_bbp_voice_count":0,"_bbp_anonymous_reply_count":0,"_bbp_topic_count_hidden":0,"_bbp_reply_count_hidden":0,"_bbp_forum_subforum_count":0,"jetpack_post_was_ever_published":false,"_jetpack_newsletter_access":"","_jetpack_dont_email_post_to_subs":false,"_jetpack_newsletter_tier_id":0,"_jetpack_memberships_contains_paywalled_content":false,"_jetpack_memberships_contains_paid_content":false,"footnotes":""},"categories":[59,71],"tags":[],"class_list":["post-32529","post","type-post","status-publish","format-standard","hentry","category-freiwilliges-engagement","category-freizeit","item-wrap"],"jetpack_sharing_enabled":true,"jetpack_featured_media_url":"","jetpack_shortlink":"https:\/\/wp.me\/p3vhfJ-8sF","jetpack_likes_enabled":true,"_links":{"self":[{"href":"https:\/\/unser-quartier.de\/stadt-bergheim\/wp-json\/wp\/v2\/posts\/32529","targetHints":{"allow":["GET"]}}],"collection":[{"href":"https:\/\/unser-quartier.de\/stadt-bergheim\/wp-json\/wp\/v2\/posts"}],"about":[{"href":"https:\/\/unser-quartier.de\/stadt-bergheim\/wp-json\/wp\/v2\/types\/post"}],"author":[{"embeddable":true,"href":"https:\/\/unser-quartier.de\/stadt-bergheim\/wp-json\/wp\/v2\/users\/133"}],"replies":[{"embeddable":true,"href":"https:\/\/unser-quartier.de\/stadt-bergheim\/wp-json\/wp\/v2\/comments?post=32529"}],"version-history":[{"count":0,"href":"https:\/\/unser-quartier.de\/stadt-bergheim\/wp-json\/wp\/v2\/posts\/32529\/revisions"}],"wp:attachment":[{"href":"https:\/\/unser-quartier.de\/stadt-bergheim\/wp-json\/wp\/v2\/media?parent=32529"}],"wp:term":[{"taxonomy":"category","embeddable":true,"href":"https:\/\/unser-quartier.de\/stadt-bergheim\/wp-json\/wp\/v2\/categories?post=32529"},{"taxonomy":"post_tag","embeddable":true,"href":"https:\/\/unser-quartier.de\/stadt-bergheim\/wp-json\/wp\/v2\/tags?post=32529"}],"curies":[{"name":"wp","href":"https:\/\/api.w.org\/{rel}","templated":true}]}}