{"id":32536,"date":"2020-10-02T11:10:19","date_gmt":"2020-10-02T09:10:19","guid":{"rendered":"https:\/\/unser-quartier.de\/stadt-bergheim\/?p=32536"},"modified":"2020-10-02T11:10:19","modified_gmt":"2020-10-02T09:10:19","slug":"digitale-reise-um-die-welt","status":"publish","type":"post","link":"https:\/\/unser-quartier.de\/stadt-bergheim\/2020\/10\/digitale-reise-um-die-welt\/","title":{"rendered":"Digitale Reise um die Welt"},"content":{"rendered":"<div class=\"kvgmc6g5 cxmmr5t8 oygrvhab hcukyx3x c1et5uql ii04i59q\">\n<div dir=\"auto\"><strong>Ein Quiz zum Weltseniorentag<\/strong><\/div>\n<\/div>\n<div class=\"o9v6fnle cxmmr5t8 oygrvhab hcukyx3x c1et5uql ii04i59q\">\n<div dir=\"auto\"><\/div>\n<div dir=\"auto\"><img data-recalc-dims=\"1\" loading=\"lazy\" decoding=\"async\" data-attachment-id=\"32537\" data-permalink=\"https:\/\/unser-quartier.de\/stadt-bergheim\/2020\/10\/digitale-reise-um-die-welt\/attachment\/7419\/\" data-orig-file=\"https:\/\/i0.wp.com\/unser-quartier.de\/stadt-bergheim\/files\/2020\/10\/7419.gif?fit=300%2C150&amp;ssl=1\" data-orig-size=\"300,150\" data-comments-opened=\"0\" data-image-meta=\"{&quot;aperture&quot;:&quot;0&quot;,&quot;credit&quot;:&quot;&quot;,&quot;camera&quot;:&quot;&quot;,&quot;caption&quot;:&quot;&quot;,&quot;created_timestamp&quot;:&quot;0&quot;,&quot;copyright&quot;:&quot;&quot;,&quot;focal_length&quot;:&quot;0&quot;,&quot;iso&quot;:&quot;0&quot;,&quot;shutter_speed&quot;:&quot;0&quot;,&quot;title&quot;:&quot;&quot;,&quot;orientation&quot;:&quot;0&quot;}\" data-image-title=\"7419\" data-image-description=\"\" data-image-caption=\"\" data-medium-file=\"https:\/\/i0.wp.com\/unser-quartier.de\/stadt-bergheim\/files\/2020\/10\/7419.gif?fit=300%2C150&amp;ssl=1\" data-large-file=\"https:\/\/i0.wp.com\/unser-quartier.de\/stadt-bergheim\/files\/2020\/10\/7419.gif?fit=300%2C150&amp;ssl=1\" class=\"alignleft wp-image-32537 size-full\" src=\"https:\/\/i0.wp.com\/unser-quartier.de\/stadt-bergheim\/files\/2020\/10\/7419.gif?resize=300%2C150&#038;ssl=1\" alt=\"\" width=\"300\" height=\"150\" \/>Anl\u00e4sslich des Internationalen Tages der \u00e4lteren Menschen am 1. Oktober, der im Jahr 1990 durch die Vereinten Nationen ins Leben gerufen wurde, nimmt sie und weitere Interessierte in Ihrem Umfeld die Stiftung <span class=\"ILfuVd\"><span class=\"hgKElc\"><b>Digitale<\/b> Chancen <\/span><\/span>mit auf eine abwechslungsreiche, unterhaltsame und informative \u201eDigitale Reise um die Welt\u201c.<\/div>\n<\/div>\n<div dir=\"auto\"><\/div>\n<div class=\"o9v6fnle cxmmr5t8 oygrvhab hcukyx3x c1et5uql ii04i59q\">\n<div dir=\"auto\">In Zeiten von COVID-19 sind Reisen mit einem hohen gesundheitlichen Risiko verbunden und in zahlreichen L\u00e4ndern gar nicht m\u00f6glich. Doch bei dieser Reise handelt es sich um ein digitales Quiz, das Sie bei sich vor Ort spielen k\u00f6nnen. Sie ben\u00f6tigen daf\u00fcr nur ein Smartphone oder Tablet, die kostenfreie App \u201eActionbound\u201c und eine Internetverbindung.<\/div>\n<\/div>\n<div class=\"o9v6fnle cxmmr5t8 oygrvhab hcukyx3x c1et5uql ii04i59q\">\n<div dir=\"auto\"><\/div>\n<div dir=\"auto\"><span class=\"ILfuVd\"><span class=\"hgKElc\">\u201e<b>Digital mobil im Alter<\/b>\u201c setzt sich daf\u00fcr ein, dass Seniorinnen und Senioren mithilfe mobiler Ger\u00e4te und des Internets l\u00e4nger selbstst\u00e4ndig, aktiv und <b>mobil<\/b> bleiben k\u00f6nnen. \u201e<b>Digital mobil im Alter<\/b> &#8211; Tablet PCs f\u00fcr Seniorinnen und Senioren\u201c ist ein Projekt der Stiftung <b>Digitale<\/b> Chancen in Kooperation mit Telef\u00f3nica O2.<\/span><\/span><\/div>\n<\/div>\n<div class=\"o9v6fnle cxmmr5t8 oygrvhab hcukyx3x c1et5uql ii04i59q\">\n<div dir=\"auto\">Aufgrund der vielen positiven R\u00fcckmeldungen zu den Digitalen Spazierg\u00e4ngen im Rahmen des Projekts hat die Stiftung den diesj\u00e4hrigen Internationalen Tag der \u00e4lteren Menschen zum Anlass genommen, das Quiz um die Welt aus dem Vorjahr so anzupassen, dass es ortsunabh\u00e4ngig und von einzelnen Personen statt in Gruppen gespielt werden kann. &#8220;Mit unserer Digitalen Reise um die Welt m\u00f6chten wir Seniorinnen und Senioren einladen, spielerisch ferne L\u00e4nder und Kulturen, exotische Tiere und vieles mehr zu entdecken. Wir stellen ihr Wissen auf die Probe und geben Informationen u.a. zu digitalen Themen. Ganz nebenbei wird auch der Umgang mit dem Smartphone oder Tablet ge\u00fcbt&#8221;, so die Initiatoren.<\/p>\n<\/div>\n<div dir=\"auto\"><a href=\"http:\/\/www.digitale-chancen.de\">www.digitale-chancen.de<\/a><\/div>\n<\/div>\n<div class=\"o9v6fnle cxmmr5t8 oygrvhab hcukyx3x c1et5uql ii04i59q\">\n<div dir=\"auto\"><\/div>\n<p><strong>So geht\u2019s:<\/strong><br \/>\n<strong>1. Installieren Sie sich die kostenfreie App <em>Actionbound<\/em> aus dem <a title=\"Actionbound\" href=\"https:\/\/apps.apple.com\/de\/app\/actionbound\/id582660833\" target=\"_blank\" rel=\"noopener noreferrer\">App Store<\/a> oder <a title=\"Actionbound\" href=\"https:\/\/play.google.com\/store\/apps\/details?id=de.actionbound&amp;hl=de\" target=\"_blank\" rel=\"noopener noreferrer\">Play Store<\/a>.<\/strong><br \/>\nActionbound ist ein junges Unternehmen, das von Medienp\u00e4dagogen gegr\u00fcndet wurde und seinen Sitz in Berlin hat. Die Verarbeitung pers\u00f6nlicher Daten erfolgt nach DSGVO. Weitere Informationen finden Sie hier: <a title=\"Actionbound\" href=\"https:\/\/de.actionbound.com\/agb\" target=\"_blank\" rel=\"noopener noreferrer\">AGB und Datenschutz Actionbound<\/a>.<\/p>\n<p><strong>2. Starten Sie die \u201eDigitale Reise um die Welt 2.0\u201c<\/strong><br \/>\nDaf\u00fcr gibt es drei M\u00f6glichkeiten:<\/p>\n<ol>\n<li>\u00d6ffnen Sie <a title=\"Actionbound\" href=\"https:\/\/actionbound.com\/bound\/-raetselreise-um-die-welt\" target=\"_blank\" rel=\"noopener noreferrer\">diesen Link<\/a> auf Ihrem Smartphone oder Tablet<\/li>\n<li>oder scannen Sie mit der App Actionbound den QR-Code, den Sie im Anhang finden<br \/>\n(Funktion \u201eCode Scannen\u201c im Startmen\u00fc der App)<\/li>\n<li>oder suchen Sie in der App nach \u201eDigitale Reise um die Welt 2.0\u201c<br \/>\n(Funktion \u201eBound finden\u201c -&gt; \u201eSuchen\u201c im Startmen\u00fc der App)<\/li>\n<\/ol>\n<\/div>\n","protected":false},"excerpt":{"rendered":"<p><strong>Ein Quiz zum Weltseniorentag<\/strong> Anl\u00e4sslich des Internationalen Tages der \u00e4lteren Menschen am 1. Oktober, der im Jahr 1990 durch die Vereinten Nationen ins Leben gerufen wurde, nimmt sie und weitere Interessierte in Ihrem Umfeld die Stiftung Digitale Chancen mit auf eine abwechslungsreiche, unterhaltsame und informative \u201eDigitale Reise um die Welt\u201c. In Zeiten von COVID-19 sind &hellip; <\/p>\n<p><a class=\"more-link btn\" href=\"https:\/\/unser-quartier.de\/stadt-bergheim\/2020\/10\/digitale-reise-um-die-welt\/\">Weiterlesen<\/a><\/p>\n","protected":false},"author":133,"featured_media":0,"comment_status":"closed","ping_status":"closed","sticky":false,"template":"","format":"standard","meta":{"_bbp_topic_count":0,"_bbp_reply_count":0,"_bbp_total_topic_count":0,"_bbp_total_reply_count":0,"_bbp_voice_count":0,"_bbp_anonymous_reply_count":0,"_bbp_topic_count_hidden":0,"_bbp_reply_count_hidden":0,"_bbp_forum_subforum_count":0,"jetpack_post_was_ever_published":false,"_jetpack_newsletter_access":"","_jetpack_dont_email_post_to_subs":false,"_jetpack_newsletter_tier_id":0,"_jetpack_memberships_contains_paywalled_content":false,"_jetpack_memberships_contains_paid_content":false,"footnotes":""},"categories":[71],"tags":[],"class_list":["post-32536","post","type-post","status-publish","format-standard","hentry","category-freizeit","item-wrap"],"jetpack_sharing_enabled":true,"jetpack_featured_media_url":"","jetpack_shortlink":"https:\/\/wp.me\/p3vhfJ-8sM","jetpack_likes_enabled":true,"_links":{"self":[{"href":"https:\/\/unser-quartier.de\/stadt-bergheim\/wp-json\/wp\/v2\/posts\/32536","targetHints":{"allow":["GET"]}}],"collection":[{"href":"https:\/\/unser-quartier.de\/stadt-bergheim\/wp-json\/wp\/v2\/posts"}],"about":[{"href":"https:\/\/unser-quartier.de\/stadt-bergheim\/wp-json\/wp\/v2\/types\/post"}],"author":[{"embeddable":true,"href":"https:\/\/unser-quartier.de\/stadt-bergheim\/wp-json\/wp\/v2\/users\/133"}],"replies":[{"embeddable":true,"href":"https:\/\/unser-quartier.de\/stadt-bergheim\/wp-json\/wp\/v2\/comments?post=32536"}],"version-history":[{"count":0,"href":"https:\/\/unser-quartier.de\/stadt-bergheim\/wp-json\/wp\/v2\/posts\/32536\/revisions"}],"wp:attachment":[{"href":"https:\/\/unser-quartier.de\/stadt-bergheim\/wp-json\/wp\/v2\/media?parent=32536"}],"wp:term":[{"taxonomy":"category","embeddable":true,"href":"https:\/\/unser-quartier.de\/stadt-bergheim\/wp-json\/wp\/v2\/categories?post=32536"},{"taxonomy":"post_tag","embeddable":true,"href":"https:\/\/unser-quartier.de\/stadt-bergheim\/wp-json\/wp\/v2\/tags?post=32536"}],"curies":[{"name":"wp","href":"https:\/\/api.w.org\/{rel}","templated":true}]}}