{"id":32768,"date":"2021-01-31T19:38:09","date_gmt":"2021-01-31T18:38:09","guid":{"rendered":"https:\/\/unser-quartier.de\/stadt-bergheim\/?p=32768"},"modified":"2021-01-31T19:38:09","modified_gmt":"2021-01-31T18:38:09","slug":"sonntagsspaziergang","status":"publish","type":"post","link":"https:\/\/unser-quartier.de\/stadt-bergheim\/2021\/01\/sonntagsspaziergang\/","title":{"rendered":"Sonntagsspaziergang &#8230;"},"content":{"rendered":"<div><img data-recalc-dims=\"1\" loading=\"lazy\" decoding=\"async\" data-attachment-id=\"32769\" data-permalink=\"https:\/\/unser-quartier.de\/stadt-bergheim\/2021\/01\/sonntagsspaziergang\/4a6a3f2f-064c-4bbf-9a8e-f1b89840a4e4\/\" data-orig-file=\"https:\/\/i0.wp.com\/unser-quartier.de\/stadt-bergheim\/files\/2021\/01\/4A6A3F2F-064C-4BBF-9A8E-F1B89840A4E4.jpeg?fit=768%2C1024&amp;ssl=1\" data-orig-size=\"768,1024\" data-comments-opened=\"0\" data-image-meta=\"{&quot;aperture&quot;:&quot;0&quot;,&quot;credit&quot;:&quot;&quot;,&quot;camera&quot;:&quot;&quot;,&quot;caption&quot;:&quot;&quot;,&quot;created_timestamp&quot;:&quot;0&quot;,&quot;copyright&quot;:&quot;&quot;,&quot;focal_length&quot;:&quot;0&quot;,&quot;iso&quot;:&quot;0&quot;,&quot;shutter_speed&quot;:&quot;0&quot;,&quot;title&quot;:&quot;&quot;,&quot;orientation&quot;:&quot;0&quot;}\" data-image-title=\"4A6A3F2F-064C-4BBF-9A8E-F1B89840A4E4\" data-image-description=\"\" data-image-caption=\"\" data-medium-file=\"https:\/\/i0.wp.com\/unser-quartier.de\/stadt-bergheim\/files\/2021\/01\/4A6A3F2F-064C-4BBF-9A8E-F1B89840A4E4.jpeg?fit=225%2C300&amp;ssl=1\" data-large-file=\"https:\/\/i0.wp.com\/unser-quartier.de\/stadt-bergheim\/files\/2021\/01\/4A6A3F2F-064C-4BBF-9A8E-F1B89840A4E4.jpeg?fit=768%2C1024&amp;ssl=1\" class=\"alignnone size-full wp-image-32769\" src=\"https:\/\/i0.wp.com\/unser-quartier.de\/stadt-bergheim\/files\/2021\/01\/4A6A3F2F-064C-4BBF-9A8E-F1B89840A4E4.jpeg?resize=768%2C1024&#038;ssl=1\" alt=\"\" width=\"768\" height=\"1024\" srcset=\"https:\/\/i0.wp.com\/unser-quartier.de\/stadt-bergheim\/files\/2021\/01\/4A6A3F2F-064C-4BBF-9A8E-F1B89840A4E4.jpeg?w=768&amp;ssl=1 768w, https:\/\/i0.wp.com\/unser-quartier.de\/stadt-bergheim\/files\/2021\/01\/4A6A3F2F-064C-4BBF-9A8E-F1B89840A4E4.jpeg?resize=225%2C300&amp;ssl=1 225w, https:\/\/i0.wp.com\/unser-quartier.de\/stadt-bergheim\/files\/2021\/01\/4A6A3F2F-064C-4BBF-9A8E-F1B89840A4E4.jpeg?resize=113%2C150&amp;ssl=1 113w\" sizes=\"auto, (max-width: 768px) 100vw, 768px\" \/><\/div>\n<div><\/div>\n<div class=\"gmail_default\"><span style=\"font-size: 20px; font-family: arial, helvetica, sans-serif;\"><b>Sonntagsspaziergang<\/b><\/span><\/div>\n<div class=\"gmail_default\"><span style=\"font-size: 20px; font-family: arial, helvetica, sans-serif;\">.<\/span><\/div>\n<div class=\"gmail_default\"><span style=\"font-size: 20px; font-family: arial, helvetica, sans-serif;\">Bei sch\u00f6nstem Sonnenschein und klirrender K\u00e4lte wanderten wir heute um die Ronsdorfer Talsperre. Diese liegt in sehr sch\u00f6ner Landschaft und Wege in bestem Zustand laden ein, die Aussicht auf das Wasser, die Berge und W\u00e4lder zu genie\u00dfen. Von dort gehen viele gut beschilderte\u00a0 Wanderwege aus und man kann w\u00e4hlen zwischen kleinen und gr\u00f6\u00dferen Touren.<\/span><\/div>\n<div><\/div>\n<div class=\"gmail_default\"><span style=\"font-size: 20px; font-family: arial, helvetica, sans-serif;\">Hier sind einige Impressionen:<\/span><\/div>\n<div><\/div>\n<div>\n<div class=\"tiled-gallery type-rectangular tiled-gallery-unresized\" data-original-width=\"770\" data-carousel-extra='{&quot;blog_id&quot;:38,&quot;permalink&quot;:&quot;https:\\\/\\\/unser-quartier.de\\\/stadt-bergheim\\\/2021\\\/01\\\/sonntagsspaziergang\\\/&quot;,&quot;likes_blog_id&quot;:51783499}' itemscope itemtype=\"http:\/\/schema.org\/ImageGallery\" > <div class=\"gallery-row\" style=\"width: 770px; height: 272px;\" data-original-width=\"770\" data-original-height=\"272\" > <div class=\"gallery-group images-1\" style=\"width: 155px; height: 272px;\" data-original-width=\"155\" data-original-height=\"272\" > <div class=\"tiled-gallery-item tiled-gallery-item-small\" itemprop=\"associatedMedia\" itemscope itemtype=\"http:\/\/schema.org\/ImageObject\"> <a href=\"https:\/\/unser-quartier.de\/stadt-bergheim\/2021\/01\/sonntagsspaziergang\/88aad61c-4dec-4caf-a449-113ca5562d5c\/\" border=\"0\" itemprop=\"url\"> <meta itemprop=\"width\" content=\"151\"> <meta itemprop=\"height\" content=\"268\"> <img decoding=\"async\" class=\"\" data-attachment-id=\"32770\" data-orig-file=\"https:\/\/unser-quartier.de\/stadt-bergheim\/files\/2021\/01\/88AAD61C-4DEC-4CAF-A449-113CA5562D5C.jpeg\" data-orig-size=\"576,1024\" data-comments-opened=\"\" data-image-meta=\"{&quot;aperture&quot;:&quot;0&quot;,&quot;credit&quot;:&quot;&quot;,&quot;camera&quot;:&quot;&quot;,&quot;caption&quot;:&quot;&quot;,&quot;created_timestamp&quot;:&quot;0&quot;,&quot;copyright&quot;:&quot;&quot;,&quot;focal_length&quot;:&quot;0&quot;,&quot;iso&quot;:&quot;0&quot;,&quot;shutter_speed&quot;:&quot;0&quot;,&quot;title&quot;:&quot;&quot;,&quot;orientation&quot;:&quot;0&quot;}\" data-image-title=\"88AAD61C-4DEC-4CAF-A449-113CA5562D5C\" data-image-description=\"\" data-medium-file=\"https:\/\/i0.wp.com\/unser-quartier.de\/stadt-bergheim\/files\/2021\/01\/88AAD61C-4DEC-4CAF-A449-113CA5562D5C.jpeg?fit=169%2C300&#038;ssl=1\" data-large-file=\"https:\/\/i0.wp.com\/unser-quartier.de\/stadt-bergheim\/files\/2021\/01\/88AAD61C-4DEC-4CAF-A449-113CA5562D5C.jpeg?fit=576%2C1024&#038;ssl=1\" src=\"https:\/\/i0.wp.com\/unser-quartier.de\/stadt-bergheim\/files\/2021\/01\/88AAD61C-4DEC-4CAF-A449-113CA5562D5C.jpeg?w=151&#038;h=268&#038;ssl=1\" srcset=\"https:\/\/i0.wp.com\/unser-quartier.de\/stadt-bergheim\/files\/2021\/01\/88AAD61C-4DEC-4CAF-A449-113CA5562D5C.jpeg?w=576&amp;ssl=1 576w, https:\/\/i0.wp.com\/unser-quartier.de\/stadt-bergheim\/files\/2021\/01\/88AAD61C-4DEC-4CAF-A449-113CA5562D5C.jpeg?resize=169%2C300&amp;ssl=1 169w, https:\/\/i0.wp.com\/unser-quartier.de\/stadt-bergheim\/files\/2021\/01\/88AAD61C-4DEC-4CAF-A449-113CA5562D5C.jpeg?resize=84%2C150&amp;ssl=1 84w\" width=\"151\" height=\"268\" loading=\"lazy\" data-original-width=\"151\" data-original-height=\"268\" itemprop=\"http:\/\/schema.org\/image\" title=\"88AAD61C-4DEC-4CAF-A449-113CA5562D5C\" alt=\"88AAD61C-4DEC-4CAF-A449-113CA5562D5C\" style=\"width: 151px; height: 268px;\" \/> <\/a> <\/div> <\/div> <!-- close group --> <div class=\"gallery-group images-1\" style=\"width: 205px; height: 272px;\" data-original-width=\"205\" data-original-height=\"272\" > <div class=\"tiled-gallery-item tiled-gallery-item-small\" itemprop=\"associatedMedia\" itemscope itemtype=\"http:\/\/schema.org\/ImageObject\"> <a href=\"https:\/\/unser-quartier.de\/stadt-bergheim\/2021\/01\/sonntagsspaziergang\/3bc2c564-69d3-4d8f-baca-8f2234565b4c\/\" border=\"0\" itemprop=\"url\"> <meta itemprop=\"width\" content=\"201\"> <meta itemprop=\"height\" content=\"268\"> <img decoding=\"async\" class=\"\" data-attachment-id=\"32771\" data-orig-file=\"https:\/\/unser-quartier.de\/stadt-bergheim\/files\/2021\/01\/3BC2C564-69D3-4D8F-BACA-8F2234565B4C.jpeg\" data-orig-size=\"768,1024\" data-comments-opened=\"\" data-image-meta=\"{&quot;aperture&quot;:&quot;0&quot;,&quot;credit&quot;:&quot;&quot;,&quot;camera&quot;:&quot;&quot;,&quot;caption&quot;:&quot;&quot;,&quot;created_timestamp&quot;:&quot;0&quot;,&quot;copyright&quot;:&quot;&quot;,&quot;focal_length&quot;:&quot;0&quot;,&quot;iso&quot;:&quot;0&quot;,&quot;shutter_speed&quot;:&quot;0&quot;,&quot;title&quot;:&quot;&quot;,&quot;orientation&quot;:&quot;0&quot;}\" data-image-title=\"3BC2C564-69D3-4D8F-BACA-8F2234565B4C\" data-image-description=\"\" data-medium-file=\"https:\/\/i0.wp.com\/unser-quartier.de\/stadt-bergheim\/files\/2021\/01\/3BC2C564-69D3-4D8F-BACA-8F2234565B4C.jpeg?fit=225%2C300&#038;ssl=1\" data-large-file=\"https:\/\/i0.wp.com\/unser-quartier.de\/stadt-bergheim\/files\/2021\/01\/3BC2C564-69D3-4D8F-BACA-8F2234565B4C.jpeg?fit=768%2C1024&#038;ssl=1\" src=\"https:\/\/i0.wp.com\/unser-quartier.de\/stadt-bergheim\/files\/2021\/01\/3BC2C564-69D3-4D8F-BACA-8F2234565B4C.jpeg?w=201&#038;h=268&#038;ssl=1\" srcset=\"https:\/\/i0.wp.com\/unser-quartier.de\/stadt-bergheim\/files\/2021\/01\/3BC2C564-69D3-4D8F-BACA-8F2234565B4C.jpeg?w=768&amp;ssl=1 768w, https:\/\/i0.wp.com\/unser-quartier.de\/stadt-bergheim\/files\/2021\/01\/3BC2C564-69D3-4D8F-BACA-8F2234565B4C.jpeg?resize=225%2C300&amp;ssl=1 225w, https:\/\/i0.wp.com\/unser-quartier.de\/stadt-bergheim\/files\/2021\/01\/3BC2C564-69D3-4D8F-BACA-8F2234565B4C.jpeg?resize=113%2C150&amp;ssl=1 113w\" width=\"201\" height=\"268\" loading=\"lazy\" data-original-width=\"201\" data-original-height=\"268\" itemprop=\"http:\/\/schema.org\/image\" title=\"3BC2C564-69D3-4D8F-BACA-8F2234565B4C\" alt=\"3BC2C564-69D3-4D8F-BACA-8F2234565B4C\" style=\"width: 201px; height: 268px;\" \/> <\/a> <\/div> <\/div> <!-- close group --> <div class=\"gallery-group images-1\" style=\"width: 205px; height: 272px;\" data-original-width=\"205\" data-original-height=\"272\" > <div class=\"tiled-gallery-item tiled-gallery-item-small\" itemprop=\"associatedMedia\" itemscope itemtype=\"http:\/\/schema.org\/ImageObject\"> <a href=\"https:\/\/unser-quartier.de\/stadt-bergheim\/2021\/01\/sonntagsspaziergang\/1ec9ec1d-61ec-41c5-ab3a-88a36e5720e4\/\" border=\"0\" itemprop=\"url\"> <meta itemprop=\"width\" content=\"201\"> <meta itemprop=\"height\" content=\"268\"> <img decoding=\"async\" class=\"\" data-attachment-id=\"32772\" data-orig-file=\"https:\/\/unser-quartier.de\/stadt-bergheim\/files\/2021\/01\/1EC9EC1D-61EC-41C5-AB3A-88A36E5720E4.jpeg\" data-orig-size=\"768,1024\" data-comments-opened=\"\" data-image-meta=\"{&quot;aperture&quot;:&quot;0&quot;,&quot;credit&quot;:&quot;&quot;,&quot;camera&quot;:&quot;&quot;,&quot;caption&quot;:&quot;&quot;,&quot;created_timestamp&quot;:&quot;0&quot;,&quot;copyright&quot;:&quot;&quot;,&quot;focal_length&quot;:&quot;0&quot;,&quot;iso&quot;:&quot;0&quot;,&quot;shutter_speed&quot;:&quot;0&quot;,&quot;title&quot;:&quot;&quot;,&quot;orientation&quot;:&quot;0&quot;}\" data-image-title=\"1EC9EC1D-61EC-41C5-AB3A-88A36E5720E4\" data-image-description=\"\" data-medium-file=\"https:\/\/i0.wp.com\/unser-quartier.de\/stadt-bergheim\/files\/2021\/01\/1EC9EC1D-61EC-41C5-AB3A-88A36E5720E4.jpeg?fit=225%2C300&#038;ssl=1\" data-large-file=\"https:\/\/i0.wp.com\/unser-quartier.de\/stadt-bergheim\/files\/2021\/01\/1EC9EC1D-61EC-41C5-AB3A-88A36E5720E4.jpeg?fit=768%2C1024&#038;ssl=1\" src=\"https:\/\/i0.wp.com\/unser-quartier.de\/stadt-bergheim\/files\/2021\/01\/1EC9EC1D-61EC-41C5-AB3A-88A36E5720E4.jpeg?w=201&#038;h=268&#038;ssl=1\" srcset=\"https:\/\/i0.wp.com\/unser-quartier.de\/stadt-bergheim\/files\/2021\/01\/1EC9EC1D-61EC-41C5-AB3A-88A36E5720E4.jpeg?w=768&amp;ssl=1 768w, https:\/\/i0.wp.com\/unser-quartier.de\/stadt-bergheim\/files\/2021\/01\/1EC9EC1D-61EC-41C5-AB3A-88A36E5720E4.jpeg?resize=225%2C300&amp;ssl=1 225w, https:\/\/i0.wp.com\/unser-quartier.de\/stadt-bergheim\/files\/2021\/01\/1EC9EC1D-61EC-41C5-AB3A-88A36E5720E4.jpeg?resize=113%2C150&amp;ssl=1 113w\" width=\"201\" height=\"268\" loading=\"lazy\" data-original-width=\"201\" data-original-height=\"268\" itemprop=\"http:\/\/schema.org\/image\" title=\"1EC9EC1D-61EC-41C5-AB3A-88A36E5720E4\" alt=\"1EC9EC1D-61EC-41C5-AB3A-88A36E5720E4\" style=\"width: 201px; height: 268px;\" \/> <\/a> <\/div> <\/div> <!-- close group --> <div class=\"gallery-group images-1\" style=\"width: 205px; height: 272px;\" data-original-width=\"205\" data-original-height=\"272\" > <div class=\"tiled-gallery-item tiled-gallery-item-small\" itemprop=\"associatedMedia\" itemscope itemtype=\"http:\/\/schema.org\/ImageObject\"> <a href=\"https:\/\/unser-quartier.de\/stadt-bergheim\/2021\/01\/sonntagsspaziergang\/f87ea61a-0ffc-44d9-bfb6-47fd120d9240\/\" border=\"0\" itemprop=\"url\"> <meta itemprop=\"width\" content=\"201\"> <meta itemprop=\"height\" content=\"268\"> <img decoding=\"async\" class=\"\" data-attachment-id=\"32773\" data-orig-file=\"https:\/\/unser-quartier.de\/stadt-bergheim\/files\/2021\/01\/F87EA61A-0FFC-44D9-BFB6-47FD120D9240.jpeg\" data-orig-size=\"768,1024\" data-comments-opened=\"\" data-image-meta=\"{&quot;aperture&quot;:&quot;0&quot;,&quot;credit&quot;:&quot;&quot;,&quot;camera&quot;:&quot;&quot;,&quot;caption&quot;:&quot;&quot;,&quot;created_timestamp&quot;:&quot;0&quot;,&quot;copyright&quot;:&quot;&quot;,&quot;focal_length&quot;:&quot;0&quot;,&quot;iso&quot;:&quot;0&quot;,&quot;shutter_speed&quot;:&quot;0&quot;,&quot;title&quot;:&quot;&quot;,&quot;orientation&quot;:&quot;0&quot;}\" data-image-title=\"F87EA61A-0FFC-44D9-BFB6-47FD120D9240\" data-image-description=\"\" data-medium-file=\"https:\/\/i0.wp.com\/unser-quartier.de\/stadt-bergheim\/files\/2021\/01\/F87EA61A-0FFC-44D9-BFB6-47FD120D9240.jpeg?fit=225%2C300&#038;ssl=1\" data-large-file=\"https:\/\/i0.wp.com\/unser-quartier.de\/stadt-bergheim\/files\/2021\/01\/F87EA61A-0FFC-44D9-BFB6-47FD120D9240.jpeg?fit=768%2C1024&#038;ssl=1\" src=\"https:\/\/i0.wp.com\/unser-quartier.de\/stadt-bergheim\/files\/2021\/01\/F87EA61A-0FFC-44D9-BFB6-47FD120D9240.jpeg?w=201&#038;h=268&#038;ssl=1\" srcset=\"https:\/\/i0.wp.com\/unser-quartier.de\/stadt-bergheim\/files\/2021\/01\/F87EA61A-0FFC-44D9-BFB6-47FD120D9240.jpeg?w=768&amp;ssl=1 768w, https:\/\/i0.wp.com\/unser-quartier.de\/stadt-bergheim\/files\/2021\/01\/F87EA61A-0FFC-44D9-BFB6-47FD120D9240.jpeg?resize=225%2C300&amp;ssl=1 225w, https:\/\/i0.wp.com\/unser-quartier.de\/stadt-bergheim\/files\/2021\/01\/F87EA61A-0FFC-44D9-BFB6-47FD120D9240.jpeg?resize=113%2C150&amp;ssl=1 113w\" width=\"201\" height=\"268\" loading=\"lazy\" data-original-width=\"201\" data-original-height=\"268\" itemprop=\"http:\/\/schema.org\/image\" title=\"F87EA61A-0FFC-44D9-BFB6-47FD120D9240\" alt=\"F87EA61A-0FFC-44D9-BFB6-47FD120D9240\" style=\"width: 201px; height: 268px;\" \/> <\/a> <\/div> <\/div> <!-- close group --> <\/div> <!-- close row --> <div class=\"gallery-row\" style=\"width: 770px; height: 370px;\" data-original-width=\"770\" data-original-height=\"370\" > <div class=\"gallery-group images-1\" style=\"width: 492px; height: 370px;\" data-original-width=\"492\" data-original-height=\"370\" > <div class=\"tiled-gallery-item tiled-gallery-item-large\" itemprop=\"associatedMedia\" itemscope itemtype=\"http:\/\/schema.org\/ImageObject\"> <a href=\"https:\/\/unser-quartier.de\/stadt-bergheim\/2021\/01\/sonntagsspaziergang\/e69b4c02-7267-4985-a01e-dea718359b34\/\" border=\"0\" itemprop=\"url\"> <meta itemprop=\"width\" content=\"488\"> <meta itemprop=\"height\" content=\"366\"> <img decoding=\"async\" class=\"\" data-attachment-id=\"32774\" data-orig-file=\"https:\/\/unser-quartier.de\/stadt-bergheim\/files\/2021\/01\/E69B4C02-7267-4985-A01E-DEA718359B34.jpeg\" data-orig-size=\"1024,768\" data-comments-opened=\"\" data-image-meta=\"{&quot;aperture&quot;:&quot;0&quot;,&quot;credit&quot;:&quot;&quot;,&quot;camera&quot;:&quot;&quot;,&quot;caption&quot;:&quot;&quot;,&quot;created_timestamp&quot;:&quot;0&quot;,&quot;copyright&quot;:&quot;&quot;,&quot;focal_length&quot;:&quot;0&quot;,&quot;iso&quot;:&quot;0&quot;,&quot;shutter_speed&quot;:&quot;0&quot;,&quot;title&quot;:&quot;&quot;,&quot;orientation&quot;:&quot;0&quot;}\" data-image-title=\"E69B4C02-7267-4985-A01E-DEA718359B34\" data-image-description=\"\" data-medium-file=\"https:\/\/i0.wp.com\/unser-quartier.de\/stadt-bergheim\/files\/2021\/01\/E69B4C02-7267-4985-A01E-DEA718359B34.jpeg?fit=300%2C225&#038;ssl=1\" data-large-file=\"https:\/\/i0.wp.com\/unser-quartier.de\/stadt-bergheim\/files\/2021\/01\/E69B4C02-7267-4985-A01E-DEA718359B34.jpeg?fit=770%2C578&#038;ssl=1\" src=\"https:\/\/i0.wp.com\/unser-quartier.de\/stadt-bergheim\/files\/2021\/01\/E69B4C02-7267-4985-A01E-DEA718359B34.jpeg?w=488&#038;h=366&#038;ssl=1\" srcset=\"https:\/\/i0.wp.com\/unser-quartier.de\/stadt-bergheim\/files\/2021\/01\/E69B4C02-7267-4985-A01E-DEA718359B34.jpeg?w=1024&amp;ssl=1 1024w, https:\/\/i0.wp.com\/unser-quartier.de\/stadt-bergheim\/files\/2021\/01\/E69B4C02-7267-4985-A01E-DEA718359B34.jpeg?resize=300%2C225&amp;ssl=1 300w, https:\/\/i0.wp.com\/unser-quartier.de\/stadt-bergheim\/files\/2021\/01\/E69B4C02-7267-4985-A01E-DEA718359B34.jpeg?resize=150%2C113&amp;ssl=1 150w, https:\/\/i0.wp.com\/unser-quartier.de\/stadt-bergheim\/files\/2021\/01\/E69B4C02-7267-4985-A01E-DEA718359B34.jpeg?resize=768%2C576&amp;ssl=1 768w, https:\/\/i0.wp.com\/unser-quartier.de\/stadt-bergheim\/files\/2021\/01\/E69B4C02-7267-4985-A01E-DEA718359B34.jpeg?resize=770%2C578&amp;ssl=1 770w\" width=\"488\" height=\"366\" loading=\"lazy\" data-original-width=\"488\" data-original-height=\"366\" itemprop=\"http:\/\/schema.org\/image\" title=\"E69B4C02-7267-4985-A01E-DEA718359B34\" alt=\"E69B4C02-7267-4985-A01E-DEA718359B34\" style=\"width: 488px; height: 366px;\" \/> <\/a> <\/div> <\/div> <!-- close group --> <div class=\"gallery-group images-1\" style=\"width: 278px; height: 370px;\" data-original-width=\"278\" data-original-height=\"370\" > <div class=\"tiled-gallery-item tiled-gallery-item-large\" itemprop=\"associatedMedia\" itemscope itemtype=\"http:\/\/schema.org\/ImageObject\"> <a href=\"https:\/\/unser-quartier.de\/stadt-bergheim\/2021\/01\/sonntagsspaziergang\/b0bde1f4-4230-4e12-b823-8a61f4767501\/\" border=\"0\" itemprop=\"url\"> <meta itemprop=\"width\" content=\"274\"> <meta itemprop=\"height\" content=\"366\"> <img decoding=\"async\" class=\"\" data-attachment-id=\"32775\" data-orig-file=\"https:\/\/unser-quartier.de\/stadt-bergheim\/files\/2021\/01\/B0BDE1F4-4230-4E12-B823-8A61F4767501.jpeg\" data-orig-size=\"768,1024\" data-comments-opened=\"\" data-image-meta=\"{&quot;aperture&quot;:&quot;0&quot;,&quot;credit&quot;:&quot;&quot;,&quot;camera&quot;:&quot;&quot;,&quot;caption&quot;:&quot;&quot;,&quot;created_timestamp&quot;:&quot;0&quot;,&quot;copyright&quot;:&quot;&quot;,&quot;focal_length&quot;:&quot;0&quot;,&quot;iso&quot;:&quot;0&quot;,&quot;shutter_speed&quot;:&quot;0&quot;,&quot;title&quot;:&quot;&quot;,&quot;orientation&quot;:&quot;0&quot;}\" data-image-title=\"B0BDE1F4-4230-4E12-B823-8A61F4767501\" data-image-description=\"\" data-medium-file=\"https:\/\/i0.wp.com\/unser-quartier.de\/stadt-bergheim\/files\/2021\/01\/B0BDE1F4-4230-4E12-B823-8A61F4767501.jpeg?fit=225%2C300&#038;ssl=1\" data-large-file=\"https:\/\/i0.wp.com\/unser-quartier.de\/stadt-bergheim\/files\/2021\/01\/B0BDE1F4-4230-4E12-B823-8A61F4767501.jpeg?fit=768%2C1024&#038;ssl=1\" src=\"https:\/\/i0.wp.com\/unser-quartier.de\/stadt-bergheim\/files\/2021\/01\/B0BDE1F4-4230-4E12-B823-8A61F4767501.jpeg?w=274&#038;h=366&#038;ssl=1\" srcset=\"https:\/\/i0.wp.com\/unser-quartier.de\/stadt-bergheim\/files\/2021\/01\/B0BDE1F4-4230-4E12-B823-8A61F4767501.jpeg?w=768&amp;ssl=1 768w, https:\/\/i0.wp.com\/unser-quartier.de\/stadt-bergheim\/files\/2021\/01\/B0BDE1F4-4230-4E12-B823-8A61F4767501.jpeg?resize=225%2C300&amp;ssl=1 225w, https:\/\/i0.wp.com\/unser-quartier.de\/stadt-bergheim\/files\/2021\/01\/B0BDE1F4-4230-4E12-B823-8A61F4767501.jpeg?resize=113%2C150&amp;ssl=1 113w\" width=\"274\" height=\"366\" loading=\"lazy\" data-original-width=\"274\" data-original-height=\"366\" itemprop=\"http:\/\/schema.org\/image\" title=\"B0BDE1F4-4230-4E12-B823-8A61F4767501\" alt=\"B0BDE1F4-4230-4E12-B823-8A61F4767501\" style=\"width: 274px; height: 366px;\" \/> <\/a> <\/div> <\/div> <!-- close group --> <\/div> <!-- close row --> <div class=\"gallery-row\" style=\"width: 770px; height: 255px;\" data-original-width=\"770\" data-original-height=\"255\" > <div class=\"gallery-group images-1\" style=\"width: 193px; height: 255px;\" data-original-width=\"193\" data-original-height=\"255\" > <div class=\"tiled-gallery-item tiled-gallery-item-small\" itemprop=\"associatedMedia\" itemscope itemtype=\"http:\/\/schema.org\/ImageObject\"> <a href=\"https:\/\/unser-quartier.de\/stadt-bergheim\/2021\/01\/sonntagsspaziergang\/ad8010c5-146b-4f8a-96ad-55f92f7a1df2\/\" border=\"0\" itemprop=\"url\"> <meta itemprop=\"width\" content=\"189\"> <meta itemprop=\"height\" content=\"251\"> <img decoding=\"async\" class=\"\" data-attachment-id=\"32776\" data-orig-file=\"https:\/\/unser-quartier.de\/stadt-bergheim\/files\/2021\/01\/AD8010C5-146B-4F8A-96AD-55F92F7A1DF2.jpeg\" data-orig-size=\"768,1024\" data-comments-opened=\"\" data-image-meta=\"{&quot;aperture&quot;:&quot;0&quot;,&quot;credit&quot;:&quot;&quot;,&quot;camera&quot;:&quot;&quot;,&quot;caption&quot;:&quot;&quot;,&quot;created_timestamp&quot;:&quot;0&quot;,&quot;copyright&quot;:&quot;&quot;,&quot;focal_length&quot;:&quot;0&quot;,&quot;iso&quot;:&quot;0&quot;,&quot;shutter_speed&quot;:&quot;0&quot;,&quot;title&quot;:&quot;&quot;,&quot;orientation&quot;:&quot;0&quot;}\" data-image-title=\"AD8010C5-146B-4F8A-96AD-55F92F7A1DF2\" data-image-description=\"\" data-medium-file=\"https:\/\/i0.wp.com\/unser-quartier.de\/stadt-bergheim\/files\/2021\/01\/AD8010C5-146B-4F8A-96AD-55F92F7A1DF2.jpeg?fit=225%2C300&#038;ssl=1\" data-large-file=\"https:\/\/i0.wp.com\/unser-quartier.de\/stadt-bergheim\/files\/2021\/01\/AD8010C5-146B-4F8A-96AD-55F92F7A1DF2.jpeg?fit=768%2C1024&#038;ssl=1\" src=\"https:\/\/i0.wp.com\/unser-quartier.de\/stadt-bergheim\/files\/2021\/01\/AD8010C5-146B-4F8A-96AD-55F92F7A1DF2.jpeg?w=189&#038;h=251&#038;ssl=1\" srcset=\"https:\/\/i0.wp.com\/unser-quartier.de\/stadt-bergheim\/files\/2021\/01\/AD8010C5-146B-4F8A-96AD-55F92F7A1DF2.jpeg?w=768&amp;ssl=1 768w, https:\/\/i0.wp.com\/unser-quartier.de\/stadt-bergheim\/files\/2021\/01\/AD8010C5-146B-4F8A-96AD-55F92F7A1DF2.jpeg?resize=225%2C300&amp;ssl=1 225w, https:\/\/i0.wp.com\/unser-quartier.de\/stadt-bergheim\/files\/2021\/01\/AD8010C5-146B-4F8A-96AD-55F92F7A1DF2.jpeg?resize=113%2C150&amp;ssl=1 113w\" width=\"189\" height=\"251\" loading=\"lazy\" data-original-width=\"189\" data-original-height=\"251\" itemprop=\"http:\/\/schema.org\/image\" title=\"AD8010C5-146B-4F8A-96AD-55F92F7A1DF2\" alt=\"AD8010C5-146B-4F8A-96AD-55F92F7A1DF2\" style=\"width: 189px; height: 251px;\" \/> <\/a> <\/div> <\/div> <!-- close group --> <div class=\"gallery-group images-1\" style=\"width: 193px; height: 255px;\" data-original-width=\"193\" data-original-height=\"255\" > <div class=\"tiled-gallery-item tiled-gallery-item-small\" itemprop=\"associatedMedia\" itemscope itemtype=\"http:\/\/schema.org\/ImageObject\"> <a href=\"https:\/\/unser-quartier.de\/stadt-bergheim\/2021\/01\/sonntagsspaziergang\/e7f7b42b-2e0e-4315-9711-1d37f3327e28\/\" border=\"0\" itemprop=\"url\"> <meta itemprop=\"width\" content=\"189\"> <meta itemprop=\"height\" content=\"251\"> <img decoding=\"async\" class=\"\" data-attachment-id=\"32777\" data-orig-file=\"https:\/\/unser-quartier.de\/stadt-bergheim\/files\/2021\/01\/E7F7B42B-2E0E-4315-9711-1D37F3327E28.jpeg\" data-orig-size=\"768,1024\" data-comments-opened=\"\" data-image-meta=\"{&quot;aperture&quot;:&quot;0&quot;,&quot;credit&quot;:&quot;&quot;,&quot;camera&quot;:&quot;&quot;,&quot;caption&quot;:&quot;&quot;,&quot;created_timestamp&quot;:&quot;0&quot;,&quot;copyright&quot;:&quot;&quot;,&quot;focal_length&quot;:&quot;0&quot;,&quot;iso&quot;:&quot;0&quot;,&quot;shutter_speed&quot;:&quot;0&quot;,&quot;title&quot;:&quot;&quot;,&quot;orientation&quot;:&quot;0&quot;}\" data-image-title=\"E7F7B42B-2E0E-4315-9711-1D37F3327E28\" data-image-description=\"\" data-medium-file=\"https:\/\/i0.wp.com\/unser-quartier.de\/stadt-bergheim\/files\/2021\/01\/E7F7B42B-2E0E-4315-9711-1D37F3327E28.jpeg?fit=225%2C300&#038;ssl=1\" data-large-file=\"https:\/\/i0.wp.com\/unser-quartier.de\/stadt-bergheim\/files\/2021\/01\/E7F7B42B-2E0E-4315-9711-1D37F3327E28.jpeg?fit=768%2C1024&#038;ssl=1\" src=\"https:\/\/i0.wp.com\/unser-quartier.de\/stadt-bergheim\/files\/2021\/01\/E7F7B42B-2E0E-4315-9711-1D37F3327E28.jpeg?w=189&#038;h=251&#038;ssl=1\" srcset=\"https:\/\/i0.wp.com\/unser-quartier.de\/stadt-bergheim\/files\/2021\/01\/E7F7B42B-2E0E-4315-9711-1D37F3327E28.jpeg?w=768&amp;ssl=1 768w, https:\/\/i0.wp.com\/unser-quartier.de\/stadt-bergheim\/files\/2021\/01\/E7F7B42B-2E0E-4315-9711-1D37F3327E28.jpeg?resize=225%2C300&amp;ssl=1 225w, https:\/\/i0.wp.com\/unser-quartier.de\/stadt-bergheim\/files\/2021\/01\/E7F7B42B-2E0E-4315-9711-1D37F3327E28.jpeg?resize=113%2C150&amp;ssl=1 113w\" width=\"189\" height=\"251\" loading=\"lazy\" data-original-width=\"189\" data-original-height=\"251\" itemprop=\"http:\/\/schema.org\/image\" title=\"E7F7B42B-2E0E-4315-9711-1D37F3327E28\" alt=\"E7F7B42B-2E0E-4315-9711-1D37F3327E28\" style=\"width: 189px; height: 251px;\" \/> <\/a> <\/div> <\/div> <!-- close group --> <div class=\"gallery-group images-1\" style=\"width: 192px; height: 255px;\" data-original-width=\"192\" data-original-height=\"255\" > <div class=\"tiled-gallery-item tiled-gallery-item-small\" itemprop=\"associatedMedia\" itemscope itemtype=\"http:\/\/schema.org\/ImageObject\"> <a href=\"https:\/\/unser-quartier.de\/stadt-bergheim\/2021\/01\/sonntagsspaziergang\/325445ee-1b18-431c-8b61-52844197b659\/\" border=\"0\" itemprop=\"url\"> <meta itemprop=\"width\" content=\"188\"> <meta itemprop=\"height\" content=\"251\"> <img decoding=\"async\" class=\"\" data-attachment-id=\"32778\" data-orig-file=\"https:\/\/unser-quartier.de\/stadt-bergheim\/files\/2021\/01\/325445EE-1B18-431C-8B61-52844197B659.jpeg\" data-orig-size=\"768,1024\" data-comments-opened=\"\" data-image-meta=\"{&quot;aperture&quot;:&quot;0&quot;,&quot;credit&quot;:&quot;&quot;,&quot;camera&quot;:&quot;&quot;,&quot;caption&quot;:&quot;&quot;,&quot;created_timestamp&quot;:&quot;0&quot;,&quot;copyright&quot;:&quot;&quot;,&quot;focal_length&quot;:&quot;0&quot;,&quot;iso&quot;:&quot;0&quot;,&quot;shutter_speed&quot;:&quot;0&quot;,&quot;title&quot;:&quot;&quot;,&quot;orientation&quot;:&quot;0&quot;}\" data-image-title=\"325445EE-1B18-431C-8B61-52844197B659\" data-image-description=\"\" data-medium-file=\"https:\/\/i0.wp.com\/unser-quartier.de\/stadt-bergheim\/files\/2021\/01\/325445EE-1B18-431C-8B61-52844197B659.jpeg?fit=225%2C300&#038;ssl=1\" data-large-file=\"https:\/\/i0.wp.com\/unser-quartier.de\/stadt-bergheim\/files\/2021\/01\/325445EE-1B18-431C-8B61-52844197B659.jpeg?fit=768%2C1024&#038;ssl=1\" src=\"https:\/\/i0.wp.com\/unser-quartier.de\/stadt-bergheim\/files\/2021\/01\/325445EE-1B18-431C-8B61-52844197B659.jpeg?w=188&#038;h=251&#038;ssl=1\" srcset=\"https:\/\/i0.wp.com\/unser-quartier.de\/stadt-bergheim\/files\/2021\/01\/325445EE-1B18-431C-8B61-52844197B659.jpeg?w=768&amp;ssl=1 768w, https:\/\/i0.wp.com\/unser-quartier.de\/stadt-bergheim\/files\/2021\/01\/325445EE-1B18-431C-8B61-52844197B659.jpeg?resize=225%2C300&amp;ssl=1 225w, https:\/\/i0.wp.com\/unser-quartier.de\/stadt-bergheim\/files\/2021\/01\/325445EE-1B18-431C-8B61-52844197B659.jpeg?resize=113%2C150&amp;ssl=1 113w\" width=\"188\" height=\"251\" loading=\"lazy\" data-original-width=\"188\" data-original-height=\"251\" itemprop=\"http:\/\/schema.org\/image\" title=\"325445EE-1B18-431C-8B61-52844197B659\" alt=\"325445EE-1B18-431C-8B61-52844197B659\" style=\"width: 188px; height: 251px;\" \/> <\/a> <\/div> <\/div> <!-- close group --> <div class=\"gallery-group images-1\" style=\"width: 192px; height: 255px;\" data-original-width=\"192\" data-original-height=\"255\" > <div class=\"tiled-gallery-item tiled-gallery-item-small\" itemprop=\"associatedMedia\" itemscope itemtype=\"http:\/\/schema.org\/ImageObject\"> <a href=\"https:\/\/unser-quartier.de\/stadt-bergheim\/2021\/01\/sonntagsspaziergang\/4239e513-7896-4a6e-9015-0be9841f6f08\/\" border=\"0\" itemprop=\"url\"> <meta itemprop=\"width\" content=\"188\"> <meta itemprop=\"height\" content=\"251\"> <img decoding=\"async\" class=\"\" data-attachment-id=\"32779\" data-orig-file=\"https:\/\/unser-quartier.de\/stadt-bergheim\/files\/2021\/01\/4239E513-7896-4A6E-9015-0BE9841F6F08.jpeg\" data-orig-size=\"768,1024\" data-comments-opened=\"\" data-image-meta=\"{&quot;aperture&quot;:&quot;0&quot;,&quot;credit&quot;:&quot;&quot;,&quot;camera&quot;:&quot;&quot;,&quot;caption&quot;:&quot;&quot;,&quot;created_timestamp&quot;:&quot;0&quot;,&quot;copyright&quot;:&quot;&quot;,&quot;focal_length&quot;:&quot;0&quot;,&quot;iso&quot;:&quot;0&quot;,&quot;shutter_speed&quot;:&quot;0&quot;,&quot;title&quot;:&quot;&quot;,&quot;orientation&quot;:&quot;0&quot;}\" data-image-title=\"4239E513-7896-4A6E-9015-0BE9841F6F08\" data-image-description=\"\" data-medium-file=\"https:\/\/i0.wp.com\/unser-quartier.de\/stadt-bergheim\/files\/2021\/01\/4239E513-7896-4A6E-9015-0BE9841F6F08.jpeg?fit=225%2C300&#038;ssl=1\" data-large-file=\"https:\/\/i0.wp.com\/unser-quartier.de\/stadt-bergheim\/files\/2021\/01\/4239E513-7896-4A6E-9015-0BE9841F6F08.jpeg?fit=768%2C1024&#038;ssl=1\" src=\"https:\/\/i0.wp.com\/unser-quartier.de\/stadt-bergheim\/files\/2021\/01\/4239E513-7896-4A6E-9015-0BE9841F6F08.jpeg?w=188&#038;h=251&#038;ssl=1\" srcset=\"https:\/\/i0.wp.com\/unser-quartier.de\/stadt-bergheim\/files\/2021\/01\/4239E513-7896-4A6E-9015-0BE9841F6F08.jpeg?w=768&amp;ssl=1 768w, https:\/\/i0.wp.com\/unser-quartier.de\/stadt-bergheim\/files\/2021\/01\/4239E513-7896-4A6E-9015-0BE9841F6F08.jpeg?resize=225%2C300&amp;ssl=1 225w, https:\/\/i0.wp.com\/unser-quartier.de\/stadt-bergheim\/files\/2021\/01\/4239E513-7896-4A6E-9015-0BE9841F6F08.jpeg?resize=113%2C150&amp;ssl=1 113w\" width=\"188\" height=\"251\" loading=\"lazy\" data-original-width=\"188\" data-original-height=\"251\" itemprop=\"http:\/\/schema.org\/image\" title=\"4239E513-7896-4A6E-9015-0BE9841F6F08\" alt=\"4239E513-7896-4A6E-9015-0BE9841F6F08\" style=\"width: 188px; height: 251px;\" \/> <\/a> <\/div> <\/div> <!-- close group --> <\/div> <!-- close row --> <div class=\"gallery-row\" style=\"width: 770px; height: 341px;\" data-original-width=\"770\" data-original-height=\"341\" > <div class=\"gallery-group images-1\" style=\"width: 257px; height: 341px;\" data-original-width=\"257\" data-original-height=\"341\" > <div class=\"tiled-gallery-item tiled-gallery-item-large\" itemprop=\"associatedMedia\" itemscope itemtype=\"http:\/\/schema.org\/ImageObject\"> <a href=\"https:\/\/unser-quartier.de\/stadt-bergheim\/2021\/01\/sonntagsspaziergang\/2f4bab5d-e751-4f88-9d1f-70049b14367d\/\" border=\"0\" itemprop=\"url\"> <meta itemprop=\"width\" content=\"253\"> <meta itemprop=\"height\" content=\"337\"> <img decoding=\"async\" class=\"\" data-attachment-id=\"32780\" data-orig-file=\"https:\/\/unser-quartier.de\/stadt-bergheim\/files\/2021\/01\/2F4BAB5D-E751-4F88-9D1F-70049B14367D.jpeg\" data-orig-size=\"768,1024\" data-comments-opened=\"\" data-image-meta=\"{&quot;aperture&quot;:&quot;0&quot;,&quot;credit&quot;:&quot;&quot;,&quot;camera&quot;:&quot;&quot;,&quot;caption&quot;:&quot;&quot;,&quot;created_timestamp&quot;:&quot;0&quot;,&quot;copyright&quot;:&quot;&quot;,&quot;focal_length&quot;:&quot;0&quot;,&quot;iso&quot;:&quot;0&quot;,&quot;shutter_speed&quot;:&quot;0&quot;,&quot;title&quot;:&quot;&quot;,&quot;orientation&quot;:&quot;0&quot;}\" data-image-title=\"2F4BAB5D-E751-4F88-9D1F-70049B14367D\" data-image-description=\"\" data-medium-file=\"https:\/\/i0.wp.com\/unser-quartier.de\/stadt-bergheim\/files\/2021\/01\/2F4BAB5D-E751-4F88-9D1F-70049B14367D.jpeg?fit=225%2C300&#038;ssl=1\" data-large-file=\"https:\/\/i0.wp.com\/unser-quartier.de\/stadt-bergheim\/files\/2021\/01\/2F4BAB5D-E751-4F88-9D1F-70049B14367D.jpeg?fit=768%2C1024&#038;ssl=1\" src=\"https:\/\/i0.wp.com\/unser-quartier.de\/stadt-bergheim\/files\/2021\/01\/2F4BAB5D-E751-4F88-9D1F-70049B14367D.jpeg?w=253&#038;h=337&#038;ssl=1\" srcset=\"https:\/\/i0.wp.com\/unser-quartier.de\/stadt-bergheim\/files\/2021\/01\/2F4BAB5D-E751-4F88-9D1F-70049B14367D.jpeg?w=768&amp;ssl=1 768w, https:\/\/i0.wp.com\/unser-quartier.de\/stadt-bergheim\/files\/2021\/01\/2F4BAB5D-E751-4F88-9D1F-70049B14367D.jpeg?resize=225%2C300&amp;ssl=1 225w, https:\/\/i0.wp.com\/unser-quartier.de\/stadt-bergheim\/files\/2021\/01\/2F4BAB5D-E751-4F88-9D1F-70049B14367D.jpeg?resize=113%2C150&amp;ssl=1 113w\" width=\"253\" height=\"337\" loading=\"lazy\" data-original-width=\"253\" data-original-height=\"337\" itemprop=\"http:\/\/schema.org\/image\" title=\"2F4BAB5D-E751-4F88-9D1F-70049B14367D\" alt=\"2F4BAB5D-E751-4F88-9D1F-70049B14367D\" style=\"width: 253px; height: 337px;\" \/> <\/a> <\/div> <\/div> <!-- close group --> <div class=\"gallery-group images-1\" style=\"width: 257px; height: 341px;\" data-original-width=\"257\" data-original-height=\"341\" > <div class=\"tiled-gallery-item tiled-gallery-item-large\" itemprop=\"associatedMedia\" itemscope itemtype=\"http:\/\/schema.org\/ImageObject\"> <a href=\"https:\/\/unser-quartier.de\/stadt-bergheim\/2021\/01\/sonntagsspaziergang\/4fbd2afc-c11e-462f-ba9c-4269c5fac7a4\/\" border=\"0\" itemprop=\"url\"> <meta itemprop=\"width\" content=\"253\"> <meta itemprop=\"height\" content=\"337\"> <img decoding=\"async\" class=\"\" data-attachment-id=\"32781\" data-orig-file=\"https:\/\/unser-quartier.de\/stadt-bergheim\/files\/2021\/01\/4FBD2AFC-C11E-462F-BA9C-4269C5FAC7A4.jpeg\" data-orig-size=\"768,1024\" data-comments-opened=\"\" data-image-meta=\"{&quot;aperture&quot;:&quot;0&quot;,&quot;credit&quot;:&quot;&quot;,&quot;camera&quot;:&quot;&quot;,&quot;caption&quot;:&quot;&quot;,&quot;created_timestamp&quot;:&quot;0&quot;,&quot;copyright&quot;:&quot;&quot;,&quot;focal_length&quot;:&quot;0&quot;,&quot;iso&quot;:&quot;0&quot;,&quot;shutter_speed&quot;:&quot;0&quot;,&quot;title&quot;:&quot;&quot;,&quot;orientation&quot;:&quot;0&quot;}\" data-image-title=\"4FBD2AFC-C11E-462F-BA9C-4269C5FAC7A4\" data-image-description=\"\" data-medium-file=\"https:\/\/i0.wp.com\/unser-quartier.de\/stadt-bergheim\/files\/2021\/01\/4FBD2AFC-C11E-462F-BA9C-4269C5FAC7A4.jpeg?fit=225%2C300&#038;ssl=1\" data-large-file=\"https:\/\/i0.wp.com\/unser-quartier.de\/stadt-bergheim\/files\/2021\/01\/4FBD2AFC-C11E-462F-BA9C-4269C5FAC7A4.jpeg?fit=768%2C1024&#038;ssl=1\" src=\"https:\/\/i0.wp.com\/unser-quartier.de\/stadt-bergheim\/files\/2021\/01\/4FBD2AFC-C11E-462F-BA9C-4269C5FAC7A4.jpeg?w=253&#038;h=337&#038;ssl=1\" srcset=\"https:\/\/i0.wp.com\/unser-quartier.de\/stadt-bergheim\/files\/2021\/01\/4FBD2AFC-C11E-462F-BA9C-4269C5FAC7A4.jpeg?w=768&amp;ssl=1 768w, https:\/\/i0.wp.com\/unser-quartier.de\/stadt-bergheim\/files\/2021\/01\/4FBD2AFC-C11E-462F-BA9C-4269C5FAC7A4.jpeg?resize=225%2C300&amp;ssl=1 225w, https:\/\/i0.wp.com\/unser-quartier.de\/stadt-bergheim\/files\/2021\/01\/4FBD2AFC-C11E-462F-BA9C-4269C5FAC7A4.jpeg?resize=113%2C150&amp;ssl=1 113w\" width=\"253\" height=\"337\" loading=\"lazy\" data-original-width=\"253\" data-original-height=\"337\" itemprop=\"http:\/\/schema.org\/image\" title=\"4FBD2AFC-C11E-462F-BA9C-4269C5FAC7A4\" alt=\"4FBD2AFC-C11E-462F-BA9C-4269C5FAC7A4\" style=\"width: 253px; height: 337px;\" \/> <\/a> <\/div> <\/div> <!-- close group --> <div class=\"gallery-group images-1\" style=\"width: 256px; height: 341px;\" data-original-width=\"256\" data-original-height=\"341\" > <div class=\"tiled-gallery-item tiled-gallery-item-large\" itemprop=\"associatedMedia\" itemscope itemtype=\"http:\/\/schema.org\/ImageObject\"> <a href=\"https:\/\/unser-quartier.de\/stadt-bergheim\/2021\/01\/sonntagsspaziergang\/35fee133-97e2-4614-978c-6b78f72aabab\/\" border=\"0\" itemprop=\"url\"> <meta itemprop=\"width\" content=\"252\"> <meta itemprop=\"height\" content=\"337\"> <img decoding=\"async\" class=\"\" data-attachment-id=\"32782\" data-orig-file=\"https:\/\/unser-quartier.de\/stadt-bergheim\/files\/2021\/01\/35FEE133-97E2-4614-978C-6B78F72AABAB.jpeg\" data-orig-size=\"768,1024\" data-comments-opened=\"\" data-image-meta=\"{&quot;aperture&quot;:&quot;0&quot;,&quot;credit&quot;:&quot;&quot;,&quot;camera&quot;:&quot;&quot;,&quot;caption&quot;:&quot;&quot;,&quot;created_timestamp&quot;:&quot;0&quot;,&quot;copyright&quot;:&quot;&quot;,&quot;focal_length&quot;:&quot;0&quot;,&quot;iso&quot;:&quot;0&quot;,&quot;shutter_speed&quot;:&quot;0&quot;,&quot;title&quot;:&quot;&quot;,&quot;orientation&quot;:&quot;0&quot;}\" data-image-title=\"35FEE133-97E2-4614-978C-6B78F72AABAB\" data-image-description=\"\" data-medium-file=\"https:\/\/i0.wp.com\/unser-quartier.de\/stadt-bergheim\/files\/2021\/01\/35FEE133-97E2-4614-978C-6B78F72AABAB.jpeg?fit=225%2C300&#038;ssl=1\" data-large-file=\"https:\/\/i0.wp.com\/unser-quartier.de\/stadt-bergheim\/files\/2021\/01\/35FEE133-97E2-4614-978C-6B78F72AABAB.jpeg?fit=768%2C1024&#038;ssl=1\" src=\"https:\/\/i0.wp.com\/unser-quartier.de\/stadt-bergheim\/files\/2021\/01\/35FEE133-97E2-4614-978C-6B78F72AABAB.jpeg?w=252&#038;h=337&#038;ssl=1\" srcset=\"https:\/\/i0.wp.com\/unser-quartier.de\/stadt-bergheim\/files\/2021\/01\/35FEE133-97E2-4614-978C-6B78F72AABAB.jpeg?w=768&amp;ssl=1 768w, https:\/\/i0.wp.com\/unser-quartier.de\/stadt-bergheim\/files\/2021\/01\/35FEE133-97E2-4614-978C-6B78F72AABAB.jpeg?resize=225%2C300&amp;ssl=1 225w, https:\/\/i0.wp.com\/unser-quartier.de\/stadt-bergheim\/files\/2021\/01\/35FEE133-97E2-4614-978C-6B78F72AABAB.jpeg?resize=113%2C150&amp;ssl=1 113w\" width=\"252\" height=\"337\" loading=\"lazy\" data-original-width=\"252\" data-original-height=\"337\" itemprop=\"http:\/\/schema.org\/image\" title=\"35FEE133-97E2-4614-978C-6B78F72AABAB\" alt=\"35FEE133-97E2-4614-978C-6B78F72AABAB\" style=\"width: 252px; height: 337px;\" \/> <\/a> <\/div> <\/div> <!-- close group --> <\/div> <!-- close row --> <div class=\"gallery-row\" style=\"width: 770px; height: 255px;\" data-original-width=\"770\" data-original-height=\"255\" > <div class=\"gallery-group images-1\" style=\"width: 193px; height: 255px;\" data-original-width=\"193\" data-original-height=\"255\" > <div class=\"tiled-gallery-item tiled-gallery-item-small\" itemprop=\"associatedMedia\" itemscope itemtype=\"http:\/\/schema.org\/ImageObject\"> <a href=\"https:\/\/unser-quartier.de\/stadt-bergheim\/2021\/01\/sonntagsspaziergang\/ee45c0a5-2190-4ba5-a373-4378f1d1db82\/\" border=\"0\" itemprop=\"url\"> <meta itemprop=\"width\" content=\"189\"> <meta itemprop=\"height\" content=\"251\"> <img decoding=\"async\" class=\"\" data-attachment-id=\"32783\" data-orig-file=\"https:\/\/unser-quartier.de\/stadt-bergheim\/files\/2021\/01\/EE45C0A5-2190-4BA5-A373-4378F1D1DB82.jpeg\" data-orig-size=\"768,1024\" data-comments-opened=\"\" data-image-meta=\"{&quot;aperture&quot;:&quot;0&quot;,&quot;credit&quot;:&quot;&quot;,&quot;camera&quot;:&quot;&quot;,&quot;caption&quot;:&quot;&quot;,&quot;created_timestamp&quot;:&quot;0&quot;,&quot;copyright&quot;:&quot;&quot;,&quot;focal_length&quot;:&quot;0&quot;,&quot;iso&quot;:&quot;0&quot;,&quot;shutter_speed&quot;:&quot;0&quot;,&quot;title&quot;:&quot;&quot;,&quot;orientation&quot;:&quot;0&quot;}\" data-image-title=\"EE45C0A5-2190-4BA5-A373-4378F1D1DB82\" data-image-description=\"\" data-medium-file=\"https:\/\/i0.wp.com\/unser-quartier.de\/stadt-bergheim\/files\/2021\/01\/EE45C0A5-2190-4BA5-A373-4378F1D1DB82.jpeg?fit=225%2C300&#038;ssl=1\" data-large-file=\"https:\/\/i0.wp.com\/unser-quartier.de\/stadt-bergheim\/files\/2021\/01\/EE45C0A5-2190-4BA5-A373-4378F1D1DB82.jpeg?fit=768%2C1024&#038;ssl=1\" src=\"https:\/\/i0.wp.com\/unser-quartier.de\/stadt-bergheim\/files\/2021\/01\/EE45C0A5-2190-4BA5-A373-4378F1D1DB82.jpeg?w=189&#038;h=251&#038;ssl=1\" srcset=\"https:\/\/i0.wp.com\/unser-quartier.de\/stadt-bergheim\/files\/2021\/01\/EE45C0A5-2190-4BA5-A373-4378F1D1DB82.jpeg?w=768&amp;ssl=1 768w, https:\/\/i0.wp.com\/unser-quartier.de\/stadt-bergheim\/files\/2021\/01\/EE45C0A5-2190-4BA5-A373-4378F1D1DB82.jpeg?resize=225%2C300&amp;ssl=1 225w, https:\/\/i0.wp.com\/unser-quartier.de\/stadt-bergheim\/files\/2021\/01\/EE45C0A5-2190-4BA5-A373-4378F1D1DB82.jpeg?resize=113%2C150&amp;ssl=1 113w\" width=\"189\" height=\"251\" loading=\"lazy\" data-original-width=\"189\" data-original-height=\"251\" itemprop=\"http:\/\/schema.org\/image\" title=\"EE45C0A5-2190-4BA5-A373-4378F1D1DB82\" alt=\"EE45C0A5-2190-4BA5-A373-4378F1D1DB82\" style=\"width: 189px; height: 251px;\" \/> <\/a> <\/div> <\/div> <!-- close group --> <div class=\"gallery-group images-1\" style=\"width: 193px; height: 255px;\" data-original-width=\"193\" data-original-height=\"255\" > <div class=\"tiled-gallery-item tiled-gallery-item-small\" itemprop=\"associatedMedia\" itemscope itemtype=\"http:\/\/schema.org\/ImageObject\"> <a href=\"https:\/\/unser-quartier.de\/stadt-bergheim\/2021\/01\/sonntagsspaziergang\/564f5fb7-3135-46b3-b5b4-d73ca4c1c8cf\/\" border=\"0\" itemprop=\"url\"> <meta itemprop=\"width\" content=\"189\"> <meta itemprop=\"height\" content=\"251\"> <img decoding=\"async\" class=\"\" data-attachment-id=\"32784\" data-orig-file=\"https:\/\/unser-quartier.de\/stadt-bergheim\/files\/2021\/01\/564F5FB7-3135-46B3-B5B4-D73CA4C1C8CF.jpeg\" data-orig-size=\"768,1024\" data-comments-opened=\"\" data-image-meta=\"{&quot;aperture&quot;:&quot;0&quot;,&quot;credit&quot;:&quot;&quot;,&quot;camera&quot;:&quot;&quot;,&quot;caption&quot;:&quot;&quot;,&quot;created_timestamp&quot;:&quot;0&quot;,&quot;copyright&quot;:&quot;&quot;,&quot;focal_length&quot;:&quot;0&quot;,&quot;iso&quot;:&quot;0&quot;,&quot;shutter_speed&quot;:&quot;0&quot;,&quot;title&quot;:&quot;&quot;,&quot;orientation&quot;:&quot;0&quot;}\" data-image-title=\"564F5FB7-3135-46B3-B5B4-D73CA4C1C8CF\" data-image-description=\"\" data-medium-file=\"https:\/\/i0.wp.com\/unser-quartier.de\/stadt-bergheim\/files\/2021\/01\/564F5FB7-3135-46B3-B5B4-D73CA4C1C8CF.jpeg?fit=225%2C300&#038;ssl=1\" data-large-file=\"https:\/\/i0.wp.com\/unser-quartier.de\/stadt-bergheim\/files\/2021\/01\/564F5FB7-3135-46B3-B5B4-D73CA4C1C8CF.jpeg?fit=768%2C1024&#038;ssl=1\" src=\"https:\/\/i0.wp.com\/unser-quartier.de\/stadt-bergheim\/files\/2021\/01\/564F5FB7-3135-46B3-B5B4-D73CA4C1C8CF.jpeg?w=189&#038;h=251&#038;ssl=1\" srcset=\"https:\/\/i0.wp.com\/unser-quartier.de\/stadt-bergheim\/files\/2021\/01\/564F5FB7-3135-46B3-B5B4-D73CA4C1C8CF.jpeg?w=768&amp;ssl=1 768w, https:\/\/i0.wp.com\/unser-quartier.de\/stadt-bergheim\/files\/2021\/01\/564F5FB7-3135-46B3-B5B4-D73CA4C1C8CF.jpeg?resize=225%2C300&amp;ssl=1 225w, https:\/\/i0.wp.com\/unser-quartier.de\/stadt-bergheim\/files\/2021\/01\/564F5FB7-3135-46B3-B5B4-D73CA4C1C8CF.jpeg?resize=113%2C150&amp;ssl=1 113w\" width=\"189\" height=\"251\" loading=\"lazy\" data-original-width=\"189\" data-original-height=\"251\" itemprop=\"http:\/\/schema.org\/image\" title=\"564F5FB7-3135-46B3-B5B4-D73CA4C1C8CF\" alt=\"564F5FB7-3135-46B3-B5B4-D73CA4C1C8CF\" style=\"width: 189px; height: 251px;\" \/> <\/a> <\/div> <\/div> <!-- close group --> <div class=\"gallery-group images-1\" style=\"width: 192px; height: 255px;\" data-original-width=\"192\" data-original-height=\"255\" > <div class=\"tiled-gallery-item tiled-gallery-item-small\" itemprop=\"associatedMedia\" itemscope itemtype=\"http:\/\/schema.org\/ImageObject\"> <a href=\"https:\/\/unser-quartier.de\/stadt-bergheim\/2021\/01\/sonntagsspaziergang\/38776144-b52d-4f72-9035-c45d5642cd2c\/\" border=\"0\" itemprop=\"url\"> <meta itemprop=\"width\" content=\"188\"> <meta itemprop=\"height\" content=\"251\"> <img decoding=\"async\" class=\"\" data-attachment-id=\"32785\" data-orig-file=\"https:\/\/unser-quartier.de\/stadt-bergheim\/files\/2021\/01\/38776144-B52D-4F72-9035-C45D5642CD2C.jpeg\" data-orig-size=\"768,1024\" data-comments-opened=\"\" data-image-meta=\"{&quot;aperture&quot;:&quot;0&quot;,&quot;credit&quot;:&quot;&quot;,&quot;camera&quot;:&quot;&quot;,&quot;caption&quot;:&quot;&quot;,&quot;created_timestamp&quot;:&quot;0&quot;,&quot;copyright&quot;:&quot;&quot;,&quot;focal_length&quot;:&quot;0&quot;,&quot;iso&quot;:&quot;0&quot;,&quot;shutter_speed&quot;:&quot;0&quot;,&quot;title&quot;:&quot;&quot;,&quot;orientation&quot;:&quot;0&quot;}\" data-image-title=\"38776144-B52D-4F72-9035-C45D5642CD2C\" data-image-description=\"\" data-medium-file=\"https:\/\/i0.wp.com\/unser-quartier.de\/stadt-bergheim\/files\/2021\/01\/38776144-B52D-4F72-9035-C45D5642CD2C.jpeg?fit=225%2C300&#038;ssl=1\" data-large-file=\"https:\/\/i0.wp.com\/unser-quartier.de\/stadt-bergheim\/files\/2021\/01\/38776144-B52D-4F72-9035-C45D5642CD2C.jpeg?fit=768%2C1024&#038;ssl=1\" src=\"https:\/\/i0.wp.com\/unser-quartier.de\/stadt-bergheim\/files\/2021\/01\/38776144-B52D-4F72-9035-C45D5642CD2C.jpeg?w=188&#038;h=251&#038;ssl=1\" srcset=\"https:\/\/i0.wp.com\/unser-quartier.de\/stadt-bergheim\/files\/2021\/01\/38776144-B52D-4F72-9035-C45D5642CD2C.jpeg?w=768&amp;ssl=1 768w, https:\/\/i0.wp.com\/unser-quartier.de\/stadt-bergheim\/files\/2021\/01\/38776144-B52D-4F72-9035-C45D5642CD2C.jpeg?resize=225%2C300&amp;ssl=1 225w, https:\/\/i0.wp.com\/unser-quartier.de\/stadt-bergheim\/files\/2021\/01\/38776144-B52D-4F72-9035-C45D5642CD2C.jpeg?resize=113%2C150&amp;ssl=1 113w\" width=\"188\" height=\"251\" loading=\"lazy\" data-original-width=\"188\" data-original-height=\"251\" itemprop=\"http:\/\/schema.org\/image\" title=\"38776144-B52D-4F72-9035-C45D5642CD2C\" alt=\"38776144-B52D-4F72-9035-C45D5642CD2C\" style=\"width: 188px; height: 251px;\" \/> <\/a> <\/div> <\/div> <!-- close group --> <div class=\"gallery-group images-1\" style=\"width: 192px; height: 255px;\" data-original-width=\"192\" data-original-height=\"255\" > <div class=\"tiled-gallery-item tiled-gallery-item-small\" itemprop=\"associatedMedia\" itemscope itemtype=\"http:\/\/schema.org\/ImageObject\"> <a href=\"https:\/\/unser-quartier.de\/stadt-bergheim\/2021\/01\/sonntagsspaziergang\/889b6527-493a-4590-bb86-6999d17532d4\/\" border=\"0\" itemprop=\"url\"> <meta itemprop=\"width\" content=\"188\"> <meta itemprop=\"height\" content=\"251\"> <img decoding=\"async\" class=\"\" data-attachment-id=\"32786\" data-orig-file=\"https:\/\/unser-quartier.de\/stadt-bergheim\/files\/2021\/01\/889B6527-493A-4590-BB86-6999D17532D4.jpeg\" data-orig-size=\"768,1024\" data-comments-opened=\"\" data-image-meta=\"{&quot;aperture&quot;:&quot;0&quot;,&quot;credit&quot;:&quot;&quot;,&quot;camera&quot;:&quot;&quot;,&quot;caption&quot;:&quot;&quot;,&quot;created_timestamp&quot;:&quot;0&quot;,&quot;copyright&quot;:&quot;&quot;,&quot;focal_length&quot;:&quot;0&quot;,&quot;iso&quot;:&quot;0&quot;,&quot;shutter_speed&quot;:&quot;0&quot;,&quot;title&quot;:&quot;&quot;,&quot;orientation&quot;:&quot;0&quot;}\" data-image-title=\"889B6527-493A-4590-BB86-6999D17532D4\" data-image-description=\"\" data-medium-file=\"https:\/\/i0.wp.com\/unser-quartier.de\/stadt-bergheim\/files\/2021\/01\/889B6527-493A-4590-BB86-6999D17532D4.jpeg?fit=225%2C300&#038;ssl=1\" data-large-file=\"https:\/\/i0.wp.com\/unser-quartier.de\/stadt-bergheim\/files\/2021\/01\/889B6527-493A-4590-BB86-6999D17532D4.jpeg?fit=768%2C1024&#038;ssl=1\" src=\"https:\/\/i0.wp.com\/unser-quartier.de\/stadt-bergheim\/files\/2021\/01\/889B6527-493A-4590-BB86-6999D17532D4.jpeg?w=188&#038;h=251&#038;ssl=1\" srcset=\"https:\/\/i0.wp.com\/unser-quartier.de\/stadt-bergheim\/files\/2021\/01\/889B6527-493A-4590-BB86-6999D17532D4.jpeg?w=768&amp;ssl=1 768w, https:\/\/i0.wp.com\/unser-quartier.de\/stadt-bergheim\/files\/2021\/01\/889B6527-493A-4590-BB86-6999D17532D4.jpeg?resize=225%2C300&amp;ssl=1 225w, https:\/\/i0.wp.com\/unser-quartier.de\/stadt-bergheim\/files\/2021\/01\/889B6527-493A-4590-BB86-6999D17532D4.jpeg?resize=113%2C150&amp;ssl=1 113w\" width=\"188\" height=\"251\" loading=\"lazy\" data-original-width=\"188\" data-original-height=\"251\" itemprop=\"http:\/\/schema.org\/image\" title=\"889B6527-493A-4590-BB86-6999D17532D4\" alt=\"889B6527-493A-4590-BB86-6999D17532D4\" style=\"width: 188px; height: 251px;\" \/> <\/a> <\/div> <\/div> <!-- close group --> <\/div> <!-- close row --> <\/div>\n<\/div>\n<div><\/div>\n<div><\/div>\n","protected":false},"excerpt":{"rendered":"<p>Sonntagsspaziergang . Bei sch\u00f6nstem Sonnenschein und klirrender K\u00e4lte wanderten wir heute um die Ronsdorfer Talsperre. Diese liegt in sehr sch\u00f6ner Landschaft und Wege in bestem Zustand laden ein, die Aussicht auf das Wasser, die Berge und W\u00e4lder zu genie\u00dfen. Von dort gehen viele gut beschilderte\u00a0 Wanderwege aus und man kann w\u00e4hlen zwischen kleinen und gr\u00f6\u00dferen &hellip; <\/p>\n<p><a class=\"more-link btn\" href=\"https:\/\/unser-quartier.de\/stadt-bergheim\/2021\/01\/sonntagsspaziergang\/\">Weiterlesen<\/a><\/p>\n","protected":false},"author":48,"featured_media":32778,"comment_status":"closed","ping_status":"closed","sticky":false,"template":"","format":"standard","meta":{"_bbp_topic_count":0,"_bbp_reply_count":0,"_bbp_total_topic_count":0,"_bbp_total_reply_count":0,"_bbp_voice_count":0,"_bbp_anonymous_reply_count":0,"_bbp_topic_count_hidden":0,"_bbp_reply_count_hidden":0,"_bbp_forum_subforum_count":0,"jetpack_post_was_ever_published":false,"_jetpack_newsletter_access":"","_jetpack_dont_email_post_to_subs":false,"_jetpack_newsletter_tier_id":0,"_jetpack_memberships_contains_paywalled_content":false,"_jetpack_memberships_contains_paid_content":false,"footnotes":""},"categories":[1,71,72],"tags":[],"class_list":["post-32768","post","type-post","status-publish","format-standard","has-post-thumbnail","hentry","category-allgemein","category-freizeit","category-tipps","item-wrap"],"jetpack_sharing_enabled":true,"jetpack_featured_media_url":"https:\/\/i0.wp.com\/unser-quartier.de\/stadt-bergheim\/files\/2021\/01\/325445EE-1B18-431C-8B61-52844197B659.jpeg?fit=768%2C1024&ssl=1","jetpack_shortlink":"https:\/\/wp.me\/p3vhfJ-8ww","jetpack_likes_enabled":true,"_links":{"self":[{"href":"https:\/\/unser-quartier.de\/stadt-bergheim\/wp-json\/wp\/v2\/posts\/32768","targetHints":{"allow":["GET"]}}],"collection":[{"href":"https:\/\/unser-quartier.de\/stadt-bergheim\/wp-json\/wp\/v2\/posts"}],"about":[{"href":"https:\/\/unser-quartier.de\/stadt-bergheim\/wp-json\/wp\/v2\/types\/post"}],"author":[{"embeddable":true,"href":"https:\/\/unser-quartier.de\/stadt-bergheim\/wp-json\/wp\/v2\/users\/48"}],"replies":[{"embeddable":true,"href":"https:\/\/unser-quartier.de\/stadt-bergheim\/wp-json\/wp\/v2\/comments?post=32768"}],"version-history":[{"count":0,"href":"https:\/\/unser-quartier.de\/stadt-bergheim\/wp-json\/wp\/v2\/posts\/32768\/revisions"}],"wp:featuredmedia":[{"embeddable":true,"href":"https:\/\/unser-quartier.de\/stadt-bergheim\/wp-json\/wp\/v2\/media\/32778"}],"wp:attachment":[{"href":"https:\/\/unser-quartier.de\/stadt-bergheim\/wp-json\/wp\/v2\/media?parent=32768"}],"wp:term":[{"taxonomy":"category","embeddable":true,"href":"https:\/\/unser-quartier.de\/stadt-bergheim\/wp-json\/wp\/v2\/categories?post=32768"},{"taxonomy":"post_tag","embeddable":true,"href":"https:\/\/unser-quartier.de\/stadt-bergheim\/wp-json\/wp\/v2\/tags?post=32768"}],"curies":[{"name":"wp","href":"https:\/\/api.w.org\/{rel}","templated":true}]}}