{"id":33703,"date":"2022-06-08T16:34:35","date_gmt":"2022-06-08T14:34:35","guid":{"rendered":"https:\/\/unser-quartier.de\/stadt-bergheim\/?p=33703"},"modified":"2022-06-08T16:34:35","modified_gmt":"2022-06-08T14:34:35","slug":"kreativsommer-im-gleis11","status":"publish","type":"post","link":"https:\/\/unser-quartier.de\/stadt-bergheim\/2022\/06\/kreativsommer-im-gleis11\/","title":{"rendered":"Kreativsommer im Gleis11"},"content":{"rendered":"<div class=\"kvgmc6g5 cxmmr5t8 oygrvhab hcukyx3x c1et5uql\"><img data-recalc-dims=\"1\" loading=\"lazy\" decoding=\"async\" data-attachment-id=\"33704\" data-permalink=\"https:\/\/unser-quartier.de\/stadt-bergheim\/2022\/06\/kreativsommer-im-gleis11\/278700673_7221100101296207_6592323979892294694_n\/\" data-orig-file=\"https:\/\/i0.wp.com\/unser-quartier.de\/stadt-bergheim\/files\/2022\/06\/278700673_7221100101296207_6592323979892294694_n.jpg?fit=960%2C681&amp;ssl=1\" data-orig-size=\"960,681\" data-comments-opened=\"0\" data-image-meta=\"{&quot;aperture&quot;:&quot;0&quot;,&quot;credit&quot;:&quot;&quot;,&quot;camera&quot;:&quot;&quot;,&quot;caption&quot;:&quot;&quot;,&quot;created_timestamp&quot;:&quot;0&quot;,&quot;copyright&quot;:&quot;&quot;,&quot;focal_length&quot;:&quot;0&quot;,&quot;iso&quot;:&quot;0&quot;,&quot;shutter_speed&quot;:&quot;0&quot;,&quot;title&quot;:&quot;&quot;,&quot;orientation&quot;:&quot;0&quot;}\" data-image-title=\"278700673_7221100101296207_6592323979892294694_n\" data-image-description=\"\" data-image-caption=\"\" data-medium-file=\"https:\/\/i0.wp.com\/unser-quartier.de\/stadt-bergheim\/files\/2022\/06\/278700673_7221100101296207_6592323979892294694_n.jpg?fit=300%2C213&amp;ssl=1\" data-large-file=\"https:\/\/i0.wp.com\/unser-quartier.de\/stadt-bergheim\/files\/2022\/06\/278700673_7221100101296207_6592323979892294694_n.jpg?fit=770%2C546&amp;ssl=1\" class=\"alignleft wp-image-33704 size-medium\" src=\"https:\/\/i0.wp.com\/unser-quartier.de\/stadt-bergheim\/files\/2022\/06\/278700673_7221100101296207_6592323979892294694_n.jpg?resize=300%2C213&#038;ssl=1\" alt=\"\" width=\"300\" height=\"213\" srcset=\"https:\/\/i0.wp.com\/unser-quartier.de\/stadt-bergheim\/files\/2022\/06\/278700673_7221100101296207_6592323979892294694_n.jpg?resize=300%2C213&amp;ssl=1 300w, https:\/\/i0.wp.com\/unser-quartier.de\/stadt-bergheim\/files\/2022\/06\/278700673_7221100101296207_6592323979892294694_n.jpg?resize=150%2C106&amp;ssl=1 150w, https:\/\/i0.wp.com\/unser-quartier.de\/stadt-bergheim\/files\/2022\/06\/278700673_7221100101296207_6592323979892294694_n.jpg?resize=768%2C545&amp;ssl=1 768w, https:\/\/i0.wp.com\/unser-quartier.de\/stadt-bergheim\/files\/2022\/06\/278700673_7221100101296207_6592323979892294694_n.jpg?resize=770%2C546&amp;ssl=1 770w, https:\/\/i0.wp.com\/unser-quartier.de\/stadt-bergheim\/files\/2022\/06\/278700673_7221100101296207_6592323979892294694_n.jpg?w=960&amp;ssl=1 960w\" sizes=\"auto, (max-width: 300px) 100vw, 300px\" \/>Im facettenreichen Kreativsommer k\u00f6nnen sich Jung und Alt nach Lust und Laune ausprobieren!<br \/>\nDie Angebote sind kostenfrei, bei der Anmeldung wird aber um ein Pfand von 5 Euro gebeten, das nach Teilnahme an dem Workshop zur\u00fcckgegeben wird. M\u00f6glich gemacht wird der Kreativsommer \u00fcber ein F\u00f6rderung des Budgetbeirats Quadrath-Ichendorf.<\/p>\n<p><strong>Anmeldung:<\/strong><br \/>\nIm Gleis11 zu den \u00d6ffnungszeiten Mo.+Fr. 8-10 Uhr, Di. 10-12 Uhr, Do. 16-17.30 Uhr oder \u00fcber Paypal an @gleis11 (mit Angabe von Name\/n und Workshop).<\/div>\n<div><\/div>\n<div class=\"cxmmr5t8 oygrvhab hcukyx3x c1et5uql o9v6fnle\"><strong>Kontakt:<\/strong><br \/>\nAnika Kresken | <a href=\"mailto:anika.kresken@eg-bm.de\">anika.kresken@eg-bm.de<\/a> | 0176 47877061<br \/>\nSchreiben Sie uns gerne, wenn Sie f\u00fcr die Teilnahme an einem Workshop eine*n \u00dcbersetzer*in ben\u00f6tigen.<\/div>\n<div class=\"cxmmr5t8 oygrvhab hcukyx3x c1et5uql o9v6fnle\"><\/div>\n<div class=\"cxmmr5t8 oygrvhab hcukyx3x c1et5uql o9v6fnle\"><strong>Programm:<\/strong><\/div>\n<div class=\"cxmmr5t8 oygrvhab hcukyx3x c1et5uql o9v6fnle\"><strong>Graffiti 04.07., 17 \u2013 20 Uhr, 10 bis 99 Jahre<\/strong><br \/>\nSie wollten sich schon immer mal im Sprayen ausprobieren? Mit Schablonen und Leinwand<br \/>\ngelingen auch einem Anf\u00e4nger in diesem Workshop tolle Graffitis!<\/div>\n<div class=\"cxmmr5t8 oygrvhab hcukyx3x c1et5uql o9v6fnle\"><\/div>\n<div class=\"cxmmr5t8 oygrvhab hcukyx3x c1et5uql o9v6fnle\"><strong>Salsa 05.07., 16 \u2013 19 Uhr, 8 bis 99 Jahre<\/strong><br \/>\nTanzen ist nicht nur Bewegung, sondern auch Lebensfreude. Besonders, wenn es um Salsa<br \/>\nGeht. Schon nach kurzer Zeit kann man mit ein paar Grundschritten und den ersten<br \/>\nDrehungen das Parkett um Gl\u00fchen bringen.<\/div>\n<div class=\"cxmmr5t8 oygrvhab hcukyx3x c1et5uql o9v6fnle\"><\/div>\n<div class=\"cxmmr5t8 oygrvhab hcukyx3x c1et5uql o9v6fnle\"><strong>Handlettering 06.07., 16 \u2013 19 Uhr, 8 bis 99 Jahre<\/strong><br \/>\nBeim Lettering geht es darum Schrift und Buchstaben kunstvoll zu zeichnen, wobei<br \/>\nverschiedene Stile und Schriftarten kombiniert werden. So werden geschriebene W\u00f6rter zum<br \/>\nKunstwerk.<\/div>\n<div class=\"cxmmr5t8 oygrvhab hcukyx3x c1et5uql o9v6fnle\"><\/div>\n<div class=\"cxmmr5t8 oygrvhab hcukyx3x c1et5uql o9v6fnle\"><strong>Makramee 07.07., 17 \u2013 20 Uhr, 8 bis 99 Jahre<\/strong><br \/>\nIn jeder modernen Wohnung finden sich selbst gekn\u00fcpfte Blumenampeln oder<br \/>\nMakrameefedern. In diesem Workshop lernen Sie die Kunst des modernen Kn\u00fcpfens.<\/div>\n<div class=\"cxmmr5t8 oygrvhab hcukyx3x c1et5uql o9v6fnle\"><\/div>\n<div class=\"cxmmr5t8 oygrvhab hcukyx3x c1et5uql o9v6fnle\"><strong>Kinderbasteln 07.07., 15 \u2013 16.30 Uhr: 2 bis 3 Jahre &amp; 16.30 &#8211; 18 Uhr: 4 bis 6 Jahre<\/strong><br \/>\nAuch f\u00fcr unsere Kleinsten soll es ein Angebot geben! Mit Papier, Pappe, Kleber und Stiften<br \/>\nentstehen tolle neue Kunstwerke f\u00fcr dein Kinderzimmer. Nur in Begleitung eines Elternteils.<\/div>\n<div class=\"cxmmr5t8 oygrvhab hcukyx3x c1et5uql o9v6fnle\"><\/div>\n<div class=\"cxmmr5t8 oygrvhab hcukyx3x c1et5uql o9v6fnle\"><strong>Speckstein 08.07. 16 &#8211; 19 Uhr, 6 bis 99 Jahre<\/strong><br \/>\nSpeckstein fasziniert die Menschen seit jeher. Der sehr weiche Stein l\u00e4sst sich leicht und<br \/>\nsicher zu kleinen Kunstwerken bearbeiten. Man ben\u00f6tigt keine Muskelkraft, sondern nur die<br \/>\nrichtige Technik.<\/div>\n<div class=\"cxmmr5t8 oygrvhab hcukyx3x c1et5uql o9v6fnle\"><\/div>\n<div class=\"cxmmr5t8 oygrvhab hcukyx3x c1et5uql o9v6fnle\"><strong>Malworkshop 11.07., 16 \u2013 19 Uhr, 12 bis 99 Jahre<\/strong><br \/>\nMit professioneller Unterst\u00fctzung w\u00e4hlen Sie Ihr Motiv und die Technik, die sich zur<br \/>\nErarbeitung eignet. Ziel ist es, mit Pinsel und Farben ein individuelles Bild zu schaffen.<\/div>\n<div class=\"cxmmr5t8 oygrvhab hcukyx3x c1et5uql o9v6fnle\"><\/div>\n<div class=\"cxmmr5t8 oygrvhab hcukyx3x c1et5uql o9v6fnle\"><strong>Gesang 12.07., 17 \u2013 20 Uhr, 10 bis 99 Jahre<\/strong><br \/>\nSingen kann jeder! Sie glauben es nicht? Dann lassen Sie sich im Gesangsworkshop<br \/>\n\u00fcberraschen! Gemeinsam machen wir Stimm\u00fcbungen und wagen uns an die ersten Lieder.<\/div>\n<div class=\"cxmmr5t8 oygrvhab hcukyx3x c1et5uql o9v6fnle\"><\/div>\n<div class=\"cxmmr5t8 oygrvhab hcukyx3x c1et5uql o9v6fnle\"><strong>Theater 13.07., 17 &#8211; 20 Uhr, 12 bis 99 Jahre<\/strong><br \/>\nDie eigene Welt mal auf den Kopf stellen &#8211; mit viel Spa\u00df und Leichtigkeit werden wir kleine<br \/>\nSzenen und Geschichten auf der B\u00fchne zum Leben erwecken.<\/div>\n<div class=\"cxmmr5t8 oygrvhab hcukyx3x c1et5uql o9v6fnle\"><\/div>\n<div class=\"cxmmr5t8 oygrvhab hcukyx3x c1et5uql o9v6fnle\"><strong>Trommeln 14.07., 16 \u2013 19 Uhr, 10 bis 99 Jahre<\/strong><br \/>\nDie Trommel ist ein Instrument, das dazu einl\u00e4dt einfach loszuspielen und den Alltagstress<br \/>\nhinter sich zu lassen. Diesen Nachmittag nutzen wir, um erste Rhythmen kennenzulernen<br \/>\nund selbst zu kreieren.<\/div>\n<div class=\"cxmmr5t8 oygrvhab hcukyx3x c1et5uql o9v6fnle\"><\/div>\n<div class=\"cxmmr5t8 oygrvhab hcukyx3x c1et5uql o9v6fnle\"><strong>Gemeinsamer Abschlussabend 14.07., ab 20 Uhr (Donnerstag)<\/strong><br \/>\nEinladung aller Workshopteilnehmenden ihre Werke und neu erlernten<br \/>\nF\u00e4higkeiten in netter und ungezwungener Atmosph\u00e4re zu pr\u00e4sentieren.<\/div>\n<div class=\"cxmmr5t8 oygrvhab hcukyx3x c1et5uql o9v6fnle\"><\/div>\n<div class=\"cxmmr5t8 oygrvhab hcukyx3x c1et5uql o9v6fnle\"><\/div>\n","protected":false},"excerpt":{"rendered":"<p>Im facettenreichen Kreativsommer k\u00f6nnen sich Jung und Alt nach Lust und Laune ausprobieren! Die Angebote sind kostenfrei, bei der Anmeldung wird aber um ein Pfand von 5 Euro gebeten, das nach Teilnahme an dem Workshop zur\u00fcckgegeben wird. M\u00f6glich gemacht wird der Kreativsommer \u00fcber ein F\u00f6rderung des Budgetbeirats Quadrath-Ichendorf. <\/p>\n<p><strong>Anmeldung:<\/strong> Im Gleis11 zu den \u00d6ffnungszeiten Mo.+Fr. &hellip; <\/p>\n<p><a class=\"more-link btn\" href=\"https:\/\/unser-quartier.de\/stadt-bergheim\/2022\/06\/kreativsommer-im-gleis11\/\">Weiterlesen<\/a><\/p>\n","protected":false},"author":133,"featured_media":0,"comment_status":"closed","ping_status":"closed","sticky":false,"template":"","format":"standard","meta":{"_bbp_topic_count":0,"_bbp_reply_count":0,"_bbp_total_topic_count":0,"_bbp_total_reply_count":0,"_bbp_voice_count":0,"_bbp_anonymous_reply_count":0,"_bbp_topic_count_hidden":0,"_bbp_reply_count_hidden":0,"_bbp_forum_subforum_count":0,"jetpack_post_was_ever_published":false,"_jetpack_newsletter_access":"","_jetpack_dont_email_post_to_subs":false,"_jetpack_newsletter_tier_id":0,"_jetpack_memberships_contains_paywalled_content":false,"_jetpack_memberships_contains_paid_content":false,"footnotes":""},"categories":[71],"tags":[],"class_list":["post-33703","post","type-post","status-publish","format-standard","hentry","category-freizeit","item-wrap"],"jetpack_sharing_enabled":true,"jetpack_featured_media_url":"","jetpack_shortlink":"https:\/\/wp.me\/p3vhfJ-8LB","jetpack_likes_enabled":true,"_links":{"self":[{"href":"https:\/\/unser-quartier.de\/stadt-bergheim\/wp-json\/wp\/v2\/posts\/33703","targetHints":{"allow":["GET"]}}],"collection":[{"href":"https:\/\/unser-quartier.de\/stadt-bergheim\/wp-json\/wp\/v2\/posts"}],"about":[{"href":"https:\/\/unser-quartier.de\/stadt-bergheim\/wp-json\/wp\/v2\/types\/post"}],"author":[{"embeddable":true,"href":"https:\/\/unser-quartier.de\/stadt-bergheim\/wp-json\/wp\/v2\/users\/133"}],"replies":[{"embeddable":true,"href":"https:\/\/unser-quartier.de\/stadt-bergheim\/wp-json\/wp\/v2\/comments?post=33703"}],"version-history":[{"count":0,"href":"https:\/\/unser-quartier.de\/stadt-bergheim\/wp-json\/wp\/v2\/posts\/33703\/revisions"}],"wp:attachment":[{"href":"https:\/\/unser-quartier.de\/stadt-bergheim\/wp-json\/wp\/v2\/media?parent=33703"}],"wp:term":[{"taxonomy":"category","embeddable":true,"href":"https:\/\/unser-quartier.de\/stadt-bergheim\/wp-json\/wp\/v2\/categories?post=33703"},{"taxonomy":"post_tag","embeddable":true,"href":"https:\/\/unser-quartier.de\/stadt-bergheim\/wp-json\/wp\/v2\/tags?post=33703"}],"curies":[{"name":"wp","href":"https:\/\/api.w.org\/{rel}","templated":true}]}}