{"id":33711,"date":"2022-06-09T09:53:20","date_gmt":"2022-06-09T07:53:20","guid":{"rendered":"https:\/\/unser-quartier.de\/stadt-bergheim\/?p=33711"},"modified":"2022-06-09T09:56:31","modified_gmt":"2022-06-09T07:56:31","slug":"20-jahre-gemeinsam-gegen-einsam","status":"publish","type":"post","link":"https:\/\/unser-quartier.de\/stadt-bergheim\/2022\/06\/20-jahre-gemeinsam-gegen-einsam\/","title":{"rendered":"20 Jahre &#8220;Gemeinsam gegen einsam&#8221;"},"content":{"rendered":"<p><strong>Jubil\u00e4umsfeier im FuNTASTIK<\/strong><\/p>\n<div id=\"attachment_33712\" style=\"width: 300px\" class=\"wp-caption alignleft\"><img data-recalc-dims=\"1\" loading=\"lazy\" decoding=\"async\" aria-describedby=\"caption-attachment-33712\" data-attachment-id=\"33712\" data-permalink=\"https:\/\/unser-quartier.de\/stadt-bergheim\/2022\/06\/20-jahre-gemeinsam-gegen-einsam\/0806_gemeinsam_1\/\" data-orig-file=\"https:\/\/i0.wp.com\/unser-quartier.de\/stadt-bergheim\/files\/2022\/06\/0806_gemeinsam_1.jpg?fit=400%2C264&amp;ssl=1\" data-orig-size=\"400,264\" data-comments-opened=\"0\" data-image-meta=\"{&quot;aperture&quot;:&quot;0&quot;,&quot;credit&quot;:&quot;&quot;,&quot;camera&quot;:&quot;&quot;,&quot;caption&quot;:&quot;&quot;,&quot;created_timestamp&quot;:&quot;0&quot;,&quot;copyright&quot;:&quot;&quot;,&quot;focal_length&quot;:&quot;0&quot;,&quot;iso&quot;:&quot;0&quot;,&quot;shutter_speed&quot;:&quot;0&quot;,&quot;title&quot;:&quot;&quot;,&quot;orientation&quot;:&quot;0&quot;}\" data-image-title=\"0806_gemeinsam_1\" data-image-description=\"\" data-image-caption=\"\" data-medium-file=\"https:\/\/i0.wp.com\/unser-quartier.de\/stadt-bergheim\/files\/2022\/06\/0806_gemeinsam_1.jpg?fit=300%2C198&amp;ssl=1\" data-large-file=\"https:\/\/i0.wp.com\/unser-quartier.de\/stadt-bergheim\/files\/2022\/06\/0806_gemeinsam_1.jpg?fit=400%2C264&amp;ssl=1\" class=\"wp-image-33712 size-medium\" src=\"https:\/\/i0.wp.com\/unser-quartier.de\/stadt-bergheim\/files\/2022\/06\/0806_gemeinsam_1.jpg?resize=300%2C198&#038;ssl=1\" alt=\"\" width=\"300\" height=\"198\" srcset=\"https:\/\/i0.wp.com\/unser-quartier.de\/stadt-bergheim\/files\/2022\/06\/0806_gemeinsam_1.jpg?resize=300%2C198&amp;ssl=1 300w, https:\/\/i0.wp.com\/unser-quartier.de\/stadt-bergheim\/files\/2022\/06\/0806_gemeinsam_1.jpg?resize=150%2C99&amp;ssl=1 150w, https:\/\/i0.wp.com\/unser-quartier.de\/stadt-bergheim\/files\/2022\/06\/0806_gemeinsam_1.jpg?w=400&amp;ssl=1 400w\" sizes=\"auto, (max-width: 300px) 100vw, 300px\" \/><p id=\"caption-attachment-33712\" class=\"wp-caption-text\">Text &amp; Fotos: \u00a9 BMTV Regionalfernsehen \/ Ortsb\u00fcrgermeister Hans-J\u00fcrgen Knabben und Netzwerkleiterin Anni Wilbertz<\/p><\/div>\n<p>Mit einer Jubil\u00e4umsfeier im FuNTASTIK in Bergheim S\u00fcd-West beging das Netzwerk &#8220;Gemeinsam gegen Einsam&#8221; am Mittwoch, 8. Juni 2022, mit coronabedingter Versp\u00e4tung sein 20j\u00e4hriges Bestehen. Angesto\u00dfen im Jahr 2001 durch das B\u00fcro &#8216;Helfende H\u00e4nde&#8217; der Stadt Bergheim, steht das Seniorennetzwerk heute f\u00fcr verschiedenste soziale, kulturelle und sportliche Angebote.<\/p>\n<p>In den vergangenen 20 Jahren waren unterschiedlichste Ideen umgesetzt worden &#8211; gemeinsames (BIO-) Fr\u00fchst\u00fcck, Wandern, Besuchs- und Begleitdienst f\u00fcr Demenzerkrankte und deren Angeh\u00f6rige, Senioren-Internet-Caf\u00e9, Gymnastikangebote, Singkreis sowie unterschiedlichste Vortr\u00e4ge, Ausfl\u00fcge und Museumsbesuche wurden organisiert, immer dem Gedanken folgend, dass gemeinsame Unternehmungen einer m\u00f6glichen Einsamkeit im Alter entgegenwirken sollen.<\/p>\n<p>Dann kam Corona und zwang zur Neuausrichtung. Aktuell sind das zweimal im Monat stattfindende Fr\u00fchst\u00fcck, w\u00f6chentliche Gymnastiktreffen und BINGO-Veranstaltungen hervorzuheben.<\/p>\n<p>Wer sich den Aktiven in Bergheim S\u00fcd-West anschlie\u00dfen m\u00f6chte, kann sich gerne an die Leiterin des Netzwerks, Annie Wilbertz, Tel. 02271-42451 oder per E-Mail: <a href=\"mailto:WilbertzBM@t-online.de\">WilbertzBM@t-online.de<\/a> wenden.<\/p>\n<p><img data-recalc-dims=\"1\" loading=\"lazy\" decoding=\"async\" data-attachment-id=\"33713\" data-permalink=\"https:\/\/unser-quartier.de\/stadt-bergheim\/2022\/06\/20-jahre-gemeinsam-gegen-einsam\/0806_gemeinsam_2\/\" data-orig-file=\"https:\/\/i0.wp.com\/unser-quartier.de\/stadt-bergheim\/files\/2022\/06\/0806_gemeinsam_2.jpg?fit=400%2C267&amp;ssl=1\" data-orig-size=\"400,267\" data-comments-opened=\"0\" data-image-meta=\"{&quot;aperture&quot;:&quot;0&quot;,&quot;credit&quot;:&quot;&quot;,&quot;camera&quot;:&quot;&quot;,&quot;caption&quot;:&quot;&quot;,&quot;created_timestamp&quot;:&quot;0&quot;,&quot;copyright&quot;:&quot;&quot;,&quot;focal_length&quot;:&quot;0&quot;,&quot;iso&quot;:&quot;0&quot;,&quot;shutter_speed&quot;:&quot;0&quot;,&quot;title&quot;:&quot;&quot;,&quot;orientation&quot;:&quot;0&quot;}\" data-image-title=\"0806_gemeinsam_2\" data-image-description=\"\" data-image-caption=\"\" data-medium-file=\"https:\/\/i0.wp.com\/unser-quartier.de\/stadt-bergheim\/files\/2022\/06\/0806_gemeinsam_2.jpg?fit=300%2C200&amp;ssl=1\" data-large-file=\"https:\/\/i0.wp.com\/unser-quartier.de\/stadt-bergheim\/files\/2022\/06\/0806_gemeinsam_2.jpg?fit=400%2C267&amp;ssl=1\" class=\"alignnone size-medium wp-image-33713\" src=\"https:\/\/i0.wp.com\/unser-quartier.de\/stadt-bergheim\/files\/2022\/06\/0806_gemeinsam_2.jpg?resize=300%2C200&#038;ssl=1\" alt=\"\" width=\"300\" height=\"200\" srcset=\"https:\/\/i0.wp.com\/unser-quartier.de\/stadt-bergheim\/files\/2022\/06\/0806_gemeinsam_2.jpg?resize=300%2C200&amp;ssl=1 300w, https:\/\/i0.wp.com\/unser-quartier.de\/stadt-bergheim\/files\/2022\/06\/0806_gemeinsam_2.jpg?resize=150%2C100&amp;ssl=1 150w, https:\/\/i0.wp.com\/unser-quartier.de\/stadt-bergheim\/files\/2022\/06\/0806_gemeinsam_2.jpg?w=400&amp;ssl=1 400w\" sizes=\"auto, (max-width: 300px) 100vw, 300px\" \/><\/p>\n<p><span style=\"color: #339966;\">Das Seniorenportal Bergheim gratuliert!!<\/span><\/p>\n","protected":false},"excerpt":{"rendered":"<p><strong>Jubil\u00e4umsfeier im FuNTASTIK<\/strong><\/p>\n<p>Mit einer Jubil\u00e4umsfeier im FuNTASTIK in Bergheim S\u00fcd-West beging das Netzwerk &#8220;Gemeinsam gegen Einsam&#8221; am Mittwoch, 8. Juni 2022, mit coronabedingter Versp\u00e4tung sein 20j\u00e4hriges Bestehen. Angesto\u00dfen im Jahr 2001 durch das B\u00fcro &#8216;Helfende H\u00e4nde&#8217; der Stadt Bergheim, steht das Seniorennetzwerk heute f\u00fcr verschiedenste soziale, kulturelle und sportliche Angebote.<\/p>\n<p>In den vergangenen 20 &hellip; <\/p>\n<p><a class=\"more-link btn\" href=\"https:\/\/unser-quartier.de\/stadt-bergheim\/2022\/06\/20-jahre-gemeinsam-gegen-einsam\/\">Weiterlesen<\/a><\/p>\n","protected":false},"author":133,"featured_media":0,"comment_status":"closed","ping_status":"closed","sticky":false,"template":"","format":"standard","meta":{"_bbp_topic_count":0,"_bbp_reply_count":0,"_bbp_total_topic_count":0,"_bbp_total_reply_count":0,"_bbp_voice_count":0,"_bbp_anonymous_reply_count":0,"_bbp_topic_count_hidden":0,"_bbp_reply_count_hidden":0,"_bbp_forum_subforum_count":0,"jetpack_post_was_ever_published":false,"_jetpack_newsletter_access":"","_jetpack_dont_email_post_to_subs":false,"_jetpack_newsletter_tier_id":0,"_jetpack_memberships_contains_paywalled_content":false,"_jetpack_memberships_contains_paid_content":false,"footnotes":""},"categories":[65,59],"tags":[],"class_list":["post-33711","post","type-post","status-publish","format-standard","hentry","category-demenz","category-freiwilliges-engagement","item-wrap"],"jetpack_sharing_enabled":true,"jetpack_featured_media_url":"","jetpack_shortlink":"https:\/\/wp.me\/p3vhfJ-8LJ","jetpack_likes_enabled":true,"_links":{"self":[{"href":"https:\/\/unser-quartier.de\/stadt-bergheim\/wp-json\/wp\/v2\/posts\/33711","targetHints":{"allow":["GET"]}}],"collection":[{"href":"https:\/\/unser-quartier.de\/stadt-bergheim\/wp-json\/wp\/v2\/posts"}],"about":[{"href":"https:\/\/unser-quartier.de\/stadt-bergheim\/wp-json\/wp\/v2\/types\/post"}],"author":[{"embeddable":true,"href":"https:\/\/unser-quartier.de\/stadt-bergheim\/wp-json\/wp\/v2\/users\/133"}],"replies":[{"embeddable":true,"href":"https:\/\/unser-quartier.de\/stadt-bergheim\/wp-json\/wp\/v2\/comments?post=33711"}],"version-history":[{"count":0,"href":"https:\/\/unser-quartier.de\/stadt-bergheim\/wp-json\/wp\/v2\/posts\/33711\/revisions"}],"wp:attachment":[{"href":"https:\/\/unser-quartier.de\/stadt-bergheim\/wp-json\/wp\/v2\/media?parent=33711"}],"wp:term":[{"taxonomy":"category","embeddable":true,"href":"https:\/\/unser-quartier.de\/stadt-bergheim\/wp-json\/wp\/v2\/categories?post=33711"},{"taxonomy":"post_tag","embeddable":true,"href":"https:\/\/unser-quartier.de\/stadt-bergheim\/wp-json\/wp\/v2\/tags?post=33711"}],"curies":[{"name":"wp","href":"https:\/\/api.w.org\/{rel}","templated":true}]}}