{"id":33739,"date":"2022-07-19T14:46:13","date_gmt":"2022-07-19T12:46:13","guid":{"rendered":"https:\/\/unser-quartier.de\/stadt-bergheim\/?p=33739"},"modified":"2022-07-19T14:49:53","modified_gmt":"2022-07-19T12:49:53","slug":"schreibwettbewerb-in-diesem-sommer","status":"publish","type":"post","link":"https:\/\/unser-quartier.de\/stadt-bergheim\/2022\/07\/schreibwettbewerb-in-diesem-sommer\/","title":{"rendered":"Schreibwettbewerb &#8220;In diesem Sommer&#8221;"},"content":{"rendered":"<div class=\"\" dir=\"auto\">\n<div id=\"jsc_c_17q\" class=\"ecm0bbzt hv4rvrfc ihqw7lf3 dati1w0a\" data-ad-comet-preview=\"message\" data-ad-preview=\"message\">\n<div class=\"j83agx80 cbu4d94t ew0dbk1b irj2b8pg\">\n<div class=\"qzhwtbm6 knvmm38d\">\n<div class=\"kvgmc6g5 cxmmr5t8 oygrvhab hcukyx3x c1et5uql ii04i59q\">\n<div dir=\"auto\"><img data-recalc-dims=\"1\" loading=\"lazy\" decoding=\"async\" data-attachment-id=\"33741\" data-permalink=\"https:\/\/unser-quartier.de\/stadt-bergheim\/2022\/07\/schreibwettbewerb-in-diesem-sommer\/293414492_5182684208434035_884987989187546238_n\/\" data-orig-file=\"https:\/\/i0.wp.com\/unser-quartier.de\/stadt-bergheim\/files\/2022\/07\/293414492_5182684208434035_884987989187546238_n.jpg?fit=690%2C521&amp;ssl=1\" data-orig-size=\"690,521\" data-comments-opened=\"0\" data-image-meta=\"{&quot;aperture&quot;:&quot;0&quot;,&quot;credit&quot;:&quot;&quot;,&quot;camera&quot;:&quot;&quot;,&quot;caption&quot;:&quot;&quot;,&quot;created_timestamp&quot;:&quot;0&quot;,&quot;copyright&quot;:&quot;&quot;,&quot;focal_length&quot;:&quot;0&quot;,&quot;iso&quot;:&quot;0&quot;,&quot;shutter_speed&quot;:&quot;0&quot;,&quot;title&quot;:&quot;&quot;,&quot;orientation&quot;:&quot;0&quot;}\" data-image-title=\"293414492_5182684208434035_884987989187546238_n\" data-image-description=\"\" data-image-caption=\"\" data-medium-file=\"https:\/\/i0.wp.com\/unser-quartier.de\/stadt-bergheim\/files\/2022\/07\/293414492_5182684208434035_884987989187546238_n.jpg?fit=300%2C227&amp;ssl=1\" data-large-file=\"https:\/\/i0.wp.com\/unser-quartier.de\/stadt-bergheim\/files\/2022\/07\/293414492_5182684208434035_884987989187546238_n.jpg?fit=690%2C521&amp;ssl=1\" class=\"alignleft wp-image-33741 size-medium\" src=\"https:\/\/i0.wp.com\/unser-quartier.de\/stadt-bergheim\/files\/2022\/07\/293414492_5182684208434035_884987989187546238_n.jpg?resize=300%2C227&#038;ssl=1\" alt=\"\" width=\"300\" height=\"227\" srcset=\"https:\/\/i0.wp.com\/unser-quartier.de\/stadt-bergheim\/files\/2022\/07\/293414492_5182684208434035_884987989187546238_n.jpg?resize=300%2C227&amp;ssl=1 300w, https:\/\/i0.wp.com\/unser-quartier.de\/stadt-bergheim\/files\/2022\/07\/293414492_5182684208434035_884987989187546238_n.jpg?resize=150%2C113&amp;ssl=1 150w, https:\/\/i0.wp.com\/unser-quartier.de\/stadt-bergheim\/files\/2022\/07\/293414492_5182684208434035_884987989187546238_n.jpg?w=690&amp;ssl=1 690w\" sizes=\"auto, (max-width: 300px) 100vw, 300px\" \/>Noch bis zum 8. August k\u00f6nnen alle begeisterten Hobbyautor*innen, ob gro\u00df oder klein, dick oder d\u00fcnn, jung oder alt, ihre Texte zum Thema &#8220;Sommer&#8221; einreichen.<\/div>\n<\/div>\n<div class=\"cxmmr5t8 oygrvhab hcukyx3x c1et5uql o9v6fnle ii04i59q\">\n<div dir=\"auto\"><\/div>\n<div dir=\"auto\">Schreibt \u00fcber Eure Erlebnisse, die Ihr mit Sommer, dem Meer, dem Leben verbindet. Lasst andere teilhaben an einem besonderen Sommer, einem Neuanfang, einem neuen Leben, einem Sommer der Entscheidung oder was immer Ihr mit dem Thema verbindet und erz\u00e4hlen m\u00f6chtet.<\/div>\n<div dir=\"auto\"><\/div>\n<\/div>\n<div class=\"cxmmr5t8 oygrvhab hcukyx3x c1et5uql o9v6fnle ii04i59q\">\n<div dir=\"auto\">Die Jury w\u00e4hlt die besten 5 Geschichten aus. Diese werden am 24. August bei einer Lesung in der Stadtbibliothek pr\u00e4sentiert. Der oder die Sieger*in des Abends darf die Gewinnergeschichte dann am 14.9. im Vorprogramm der Lesung mit Daniela Nagel alias Marie Adams einem gro\u00dfen Publikum pr\u00e4sentieren.<\/div>\n<\/div>\n<div class=\"cxmmr5t8 oygrvhab hcukyx3x c1et5uql o9v6fnle ii04i59q\">\n<div dir=\"auto\">Akzeptiert werden Kurzgeschichten mit maximal 20.000 Zeichen. Beitr\u00e4ge bitte per E-Mail mit dem Betreff \u201eAusschreibung Sommer\u201c als WORD-Datei an <a href=\"mailto:stadtbibliothek@bergheim.de\">stadtbibliothek@bergheim.de<\/a> einreichen. Wir freuen uns auf zahlreiche Teilnehmer!<\/div>\n<\/div>\n<\/div>\n<\/div>\n<\/div>\n<\/div>\n","protected":false},"excerpt":{"rendered":"<p>Noch bis zum 8. August k\u00f6nnen alle begeisterten Hobbyautor*innen, ob gro\u00df oder klein, dick oder d\u00fcnn, jung oder alt, ihre Texte zum Thema &#8220;Sommer&#8221; einreichen. Schreibt \u00fcber Eure Erlebnisse, die Ihr mit Sommer, dem Meer, dem Leben verbindet. Lasst andere teilhaben an einem besonderen Sommer, einem Neuanfang, einem neuen Leben, einem Sommer der Entscheidung oder &hellip; <\/p>\n<p><a class=\"more-link btn\" href=\"https:\/\/unser-quartier.de\/stadt-bergheim\/2022\/07\/schreibwettbewerb-in-diesem-sommer\/\">Weiterlesen<\/a><\/p>\n","protected":false},"author":133,"featured_media":0,"comment_status":"closed","ping_status":"closed","sticky":false,"template":"","format":"standard","meta":{"_bbp_topic_count":0,"_bbp_reply_count":0,"_bbp_total_topic_count":0,"_bbp_total_reply_count":0,"_bbp_voice_count":0,"_bbp_anonymous_reply_count":0,"_bbp_topic_count_hidden":0,"_bbp_reply_count_hidden":0,"_bbp_forum_subforum_count":0,"jetpack_post_was_ever_published":false,"_jetpack_newsletter_access":"","_jetpack_dont_email_post_to_subs":false,"_jetpack_newsletter_tier_id":0,"_jetpack_memberships_contains_paywalled_content":false,"_jetpack_memberships_contains_paid_content":false,"footnotes":""},"categories":[71],"tags":[],"class_list":["post-33739","post","type-post","status-publish","format-standard","hentry","category-freizeit","item-wrap"],"jetpack_sharing_enabled":true,"jetpack_featured_media_url":"","jetpack_shortlink":"https:\/\/wp.me\/p3vhfJ-8Mb","jetpack_likes_enabled":true,"_links":{"self":[{"href":"https:\/\/unser-quartier.de\/stadt-bergheim\/wp-json\/wp\/v2\/posts\/33739","targetHints":{"allow":["GET"]}}],"collection":[{"href":"https:\/\/unser-quartier.de\/stadt-bergheim\/wp-json\/wp\/v2\/posts"}],"about":[{"href":"https:\/\/unser-quartier.de\/stadt-bergheim\/wp-json\/wp\/v2\/types\/post"}],"author":[{"embeddable":true,"href":"https:\/\/unser-quartier.de\/stadt-bergheim\/wp-json\/wp\/v2\/users\/133"}],"replies":[{"embeddable":true,"href":"https:\/\/unser-quartier.de\/stadt-bergheim\/wp-json\/wp\/v2\/comments?post=33739"}],"version-history":[{"count":0,"href":"https:\/\/unser-quartier.de\/stadt-bergheim\/wp-json\/wp\/v2\/posts\/33739\/revisions"}],"wp:attachment":[{"href":"https:\/\/unser-quartier.de\/stadt-bergheim\/wp-json\/wp\/v2\/media?parent=33739"}],"wp:term":[{"taxonomy":"category","embeddable":true,"href":"https:\/\/unser-quartier.de\/stadt-bergheim\/wp-json\/wp\/v2\/categories?post=33739"},{"taxonomy":"post_tag","embeddable":true,"href":"https:\/\/unser-quartier.de\/stadt-bergheim\/wp-json\/wp\/v2\/tags?post=33739"}],"curies":[{"name":"wp","href":"https:\/\/api.w.org\/{rel}","templated":true}]}}