{"id":33743,"date":"2022-07-21T10:49:08","date_gmt":"2022-07-21T08:49:08","guid":{"rendered":"https:\/\/unser-quartier.de\/stadt-bergheim\/?p=33743"},"modified":"2022-07-21T11:32:07","modified_gmt":"2022-07-21T09:32:07","slug":"verbunden-bleiben-und-barrieren-abbauen","status":"publish","type":"post","link":"https:\/\/unser-quartier.de\/stadt-bergheim\/2022\/07\/verbunden-bleiben-und-barrieren-abbauen\/","title":{"rendered":"Verbunden bleiben und Barrieren abbauen"},"content":{"rendered":"<p><strong>Lokale Allianz f\u00fcr Menschen mit Demenz plant Aktion zum Weltalzheimertag in Bergheim<br \/>\n<\/strong><\/p>\n<p><img data-recalc-dims=\"1\" loading=\"lazy\" decoding=\"async\" data-attachment-id=\"33744\" data-permalink=\"https:\/\/unser-quartier.de\/stadt-bergheim\/2022\/07\/verbunden-bleiben-und-barrieren-abbauen\/csm_2022-06-02_wat_motiv_final_vorabansicht_6c2de6f79d\/\" data-orig-file=\"https:\/\/i0.wp.com\/unser-quartier.de\/stadt-bergheim\/files\/2022\/07\/csm_2022-06-02_WAT_Motiv_final_Vorabansicht_6c2de6f79d.jpg?fit=724%2C1024&amp;ssl=1\" data-orig-size=\"724,1024\" data-comments-opened=\"0\" data-image-meta=\"{&quot;aperture&quot;:&quot;0&quot;,&quot;credit&quot;:&quot;&quot;,&quot;camera&quot;:&quot;&quot;,&quot;caption&quot;:&quot;&quot;,&quot;created_timestamp&quot;:&quot;0&quot;,&quot;copyright&quot;:&quot;&quot;,&quot;focal_length&quot;:&quot;0&quot;,&quot;iso&quot;:&quot;0&quot;,&quot;shutter_speed&quot;:&quot;0&quot;,&quot;title&quot;:&quot;&quot;,&quot;orientation&quot;:&quot;0&quot;}\" data-image-title=\"csm_2022-06-02_WAT_Motiv_final_Vorabansicht_6c2de6f79d\" data-image-description=\"\" data-image-caption=\"\" data-medium-file=\"https:\/\/i0.wp.com\/unser-quartier.de\/stadt-bergheim\/files\/2022\/07\/csm_2022-06-02_WAT_Motiv_final_Vorabansicht_6c2de6f79d.jpg?fit=212%2C300&amp;ssl=1\" data-large-file=\"https:\/\/i0.wp.com\/unser-quartier.de\/stadt-bergheim\/files\/2022\/07\/csm_2022-06-02_WAT_Motiv_final_Vorabansicht_6c2de6f79d.jpg?fit=724%2C1024&amp;ssl=1\" class=\"alignleft wp-image-33744 size-medium\" src=\"https:\/\/i0.wp.com\/unser-quartier.de\/stadt-bergheim\/files\/2022\/07\/csm_2022-06-02_WAT_Motiv_final_Vorabansicht_6c2de6f79d.jpg?resize=212%2C300&#038;ssl=1\" alt=\"\" width=\"212\" height=\"300\" srcset=\"https:\/\/i0.wp.com\/unser-quartier.de\/stadt-bergheim\/files\/2022\/07\/csm_2022-06-02_WAT_Motiv_final_Vorabansicht_6c2de6f79d.jpg?resize=212%2C300&amp;ssl=1 212w, https:\/\/i0.wp.com\/unser-quartier.de\/stadt-bergheim\/files\/2022\/07\/csm_2022-06-02_WAT_Motiv_final_Vorabansicht_6c2de6f79d.jpg?resize=106%2C150&amp;ssl=1 106w, https:\/\/i0.wp.com\/unser-quartier.de\/stadt-bergheim\/files\/2022\/07\/csm_2022-06-02_WAT_Motiv_final_Vorabansicht_6c2de6f79d.jpg?w=724&amp;ssl=1 724w\" sizes=\"auto, (max-width: 212px) 100vw, 212px\" \/><\/p>\n<p>Das Motto des diesj\u00e4hrigen Weltalzheimertages lautet: <strong>Demenz &#8211; verbunden bleiben.\u00a0 <\/strong>Nicht zuletzt die Corona-Pandemie mit ihren notwendigen Kontaktbeschr\u00e4nkungen hat deutlich vor Augen gef\u00fchrt, wie sehr wir Gemeinschaft und pers\u00f6nliche Begegnungen brauchen. Auch f\u00fcr Menschen mit Demenz und ihre Angeh\u00f6rigen ist es wichtig, mit anderen verbunden zu bleiben. Teilhabe f\u00fcr Menschen mit Demenz und ihre Angeh\u00f6rigen braucht Sensibilit\u00e4t und Offenheit und bedeutet flexibel auf H\u00fcrden im Alltag zu reagieren: Orientierung und Unterst\u00fctzung geben, den Kontakt nicht abrei\u00dfen lassen, mit Geduld und Gelassenheit reagieren. Menschen mit Demenz und ihre Angeh\u00f6rigen sollen erleben, dass sie trotz der Erkrankung akzeptiert werden und dazugeh\u00f6ren.<\/p>\n<p><strong>Mobile Lego-Rampe\u00a0 f\u00fcr mehr\u00a0 Barrierefreiheit<\/strong><\/p>\n<p>Am Weltalzheimertag, dem 21. September, und der anschlie\u00dfenden Woche der Demenz informieren die Alzheimer-Gesellschaften und andere Engagierte \u00fcber die Erkrankung und ihre Folgen f\u00fcr Betroffene und Angeh\u00f6rige. Die Lokale Allianz f\u00fcr Menschen mit Demenz in der Kreisstadt Bergheim ist wieder mit dabei und plant eine Aktion am Spiel- und Erlebnisbrunnen in der Fu\u00dfg\u00e4ngerzone. dem Motto &#8220;Demenz &#8211; verbunden bleiben&#8221; folgend, gibt das Netzwerk um 14 Uhr den Startschuss und ruft zu Spenden von gebrauchten Legosteinen auf. Daraus soll eine mobile Rollstuhlrampe f\u00fcr ein Gesch\u00e4ft oder eine Einrichtung in Bergheim gebaut werden, die es Menschen mit Einschr\u00e4nkungen erleichtern soll, verbunden zu bleiben und Barrieren zu \u00fcberwinden.<\/p>\n<p><img data-recalc-dims=\"1\" loading=\"lazy\" decoding=\"async\" data-attachment-id=\"33751\" data-permalink=\"https:\/\/unser-quartier.de\/stadt-bergheim\/2022\/07\/verbunden-bleiben-und-barrieren-abbauen\/123822481_3797392170313275_5583121260092377675_n\/\" data-orig-file=\"https:\/\/i0.wp.com\/unser-quartier.de\/stadt-bergheim\/files\/2022\/07\/123822481_3797392170313275_5583121260092377675_n.jpg?fit=526%2C275&amp;ssl=1\" data-orig-size=\"526,275\" data-comments-opened=\"0\" data-image-meta=\"{&quot;aperture&quot;:&quot;0&quot;,&quot;credit&quot;:&quot;&quot;,&quot;camera&quot;:&quot;&quot;,&quot;caption&quot;:&quot;&quot;,&quot;created_timestamp&quot;:&quot;0&quot;,&quot;copyright&quot;:&quot;&quot;,&quot;focal_length&quot;:&quot;0&quot;,&quot;iso&quot;:&quot;0&quot;,&quot;shutter_speed&quot;:&quot;0&quot;,&quot;title&quot;:&quot;&quot;,&quot;orientation&quot;:&quot;0&quot;}\" data-image-title=\"123822481_3797392170313275_5583121260092377675_n\" data-image-description=\"\" data-image-caption=\"\" data-medium-file=\"https:\/\/i0.wp.com\/unser-quartier.de\/stadt-bergheim\/files\/2022\/07\/123822481_3797392170313275_5583121260092377675_n.jpg?fit=300%2C157&amp;ssl=1\" data-large-file=\"https:\/\/i0.wp.com\/unser-quartier.de\/stadt-bergheim\/files\/2022\/07\/123822481_3797392170313275_5583121260092377675_n.jpg?fit=526%2C275&amp;ssl=1\" class=\"alignleft wp-image-33751 size-medium\" src=\"https:\/\/i0.wp.com\/unser-quartier.de\/stadt-bergheim\/files\/2022\/07\/123822481_3797392170313275_5583121260092377675_n.jpg?resize=300%2C157&#038;ssl=1\" alt=\"\" width=\"300\" height=\"157\" srcset=\"https:\/\/i0.wp.com\/unser-quartier.de\/stadt-bergheim\/files\/2022\/07\/123822481_3797392170313275_5583121260092377675_n.jpg?resize=300%2C157&amp;ssl=1 300w, https:\/\/i0.wp.com\/unser-quartier.de\/stadt-bergheim\/files\/2022\/07\/123822481_3797392170313275_5583121260092377675_n.jpg?resize=150%2C78&amp;ssl=1 150w, https:\/\/i0.wp.com\/unser-quartier.de\/stadt-bergheim\/files\/2022\/07\/123822481_3797392170313275_5583121260092377675_n.jpg?w=526&amp;ssl=1 526w\" sizes=\"auto, (max-width: 300px) 100vw, 300px\" \/>Die sch\u00f6ne Idee der Jungen Stadt K\u00f6ln aufgreifend, hatte die Fachstelle Inklusion das Projekt nach Bergheim geholt und steht in Kontakt zum Erfinder und erfahrenen &#8220;Profi-Baumeister&#8221; Winfried Hoffman vom Verein Zukunftswerkstatt Saar. Die Materialkosten f\u00fcr eine Lego-Rampe liegen bei ca. 300 Euro, die von der Lokalen Allianz getragen werden.\u00a0 Unterst\u00fctzt wird das generationenverbindende Projekt von der Kreisstadt Bergheim und dem Rhein-Erft-Kreis, der Alzheimer Gesellschaft,\u00a0 dem Deutschen Roten Kreuz und dem Lazarus Hilfswerk, das mit der KiTa am Turm in der Heerstra\u00dfe bereits eifrige Lego-Bauer am Start hat. Auch Seniorinnen und Senioren in den Bergheimer Tagespflegen und Pflegeheimen k\u00f6nnten mitbauen &#8211; dazu wird es einen extra Workshop geben.<\/p>\n<p>Die Orte, an denen die Spendenboxen f\u00fcr die Legosteine ab September 2022 stehen werden, werden noch bekannt gegeben. Nicht alle Steine sind geeignet und der Zugang darf nicht zu steil sein: Gesucht werden vor allem Basissteine, flache Steine und Grundbauplatten. Ein weiterer Vorteil ist neben der Nachhaltigkeit, dass die bunten Kunststoffkl\u00f6tzchen auch f\u00fcr sehbehinderte Menschen gut zu erkennen sind.<\/p>\n<p><strong>Schulungs- und Bewegungsangebote, Vorlesewerkstatt und Aktionstag<\/strong><\/p>\n<p>Im Anschluss an den Start der Sammelaktion am 21. September 2022 l\u00e4dt die Alzheimer Gesellschaft Bergheim im Rahmen der Demenz-Partner Initiative von 15:00-16:30 Uhr zu einem <strong>Schulungskurs f\u00fcr Interessierte und Angeh\u00f6rige<\/strong> ein. Veranstaltungsort ist das Anton-Heinen-Haus , Kirchstr. 1b, in Bergheim . Betroffene k\u00f6nnen gleichzeitig an einem Bewegungsangebot teilnehmen. Das Bewegungsangebot der Alzheimer Gesellschaft findet ab dem 23. August\u00a0 2022 zweimal im Monat im Anton-Heinen-Haus statt,\u00a0 Kosten pro Teilnahme 3,&#8211; Euro. Anmeldungen unter <a href=\"mailto:alzheimer-bergheim@outlook.de\">alzheimer-bergheim@outlook.de<\/a>; Telefon\u00a0 02271\/ 5 82 93 26<\/p>\n<p>In der zweiten Jahresh\u00e4lfte gibt es wieder zahlreiche Angebote und Veranstaltungen der Lokalen Allianz f\u00fcr Menschen mit Demenz:\u00a0 Am 26. Juli 2022 von 10 bis 14 Uhr ist eine weitere <strong>Vorlesewerkstatt f\u00fcr Demenzlesepat*innen<\/strong> mit Wolfgang Rosen in der Stadtbibliothek &#8211; endlich wieder in Pr\u00e4senz. Die Lokale Allianz\/Demenznetzwerk-Rhein-Erft-Kreis trifft sich am 28. Juli, 14 Uhr bis 16:30 Uhr im Kreishaus zum Austausch und Impulsvortrag von Stefan Knor zum Thema \u201eSensibilisierung f\u00fcr bettl\u00e4grige Menschen\u201c.\u00a0\u00a0 Anmeldungen unter <a href=\"mailto:pflege@rhein-erft-kreis.de\">pflege@rhein-erft-kreis.de<\/a>.<\/p>\n<p>Die Fachstelle \u00c4lterwerden startet eine neue Qualifizierungs-Staffel<strong> Ehrenamtliche Seniorenbegleitung <\/strong>mit einer Infoveranstaltung am\u00a0 17. August im Anton-Heinen-Haus, der Seminartermin ist am 3. \/4.\u00a0 und 10. September. Anmeldungen und Infos unter <a href=\"mailto:aelterwerden@bergheim.de\">aelterwerden@bergheim.de. <\/a><\/p>\n<p>Am 27. August 2022 veranstaltet der Kreissportbund von 10-16 Uhr einen <strong>Inklusionstag<\/strong> in der Sporthalle Niederau\u00dfem, Brieystra\u00dfe.\u00a0 Geboten wird zum Beispiel Blindenfu\u00dfball, Rollstuhlparcours, Rollstuhltanz etc.\u00a0 <strong>&#8220;Mobil ohne Auto&#8221;<\/strong> ist das Motto des Aktionstags der Kreisstadt Bergheim am 18. September.<\/p>\n<p>Informationen zum <strong>&#8220;Leben mit Demenz&#8221;<\/strong> vermittelt der Rhein-Erft-Kreis pflegenden Angeh\u00f6rigen und Ehrenamtlichen zur h\u00e4uslichen Unterst\u00fctzung in einem <strong>Basis-Qualifizierungskurs (40 UE) nach \u00a78 AnF\u00f6VO<\/strong> in einer Online- und einer Pr\u00e4senzphase.\u00a0 Veranstalter sind der Rhein-Erft-Kreis in Kooperation mit der Lebenshilfe und dem Regionalb\u00fcro K\u00f6ln und das s\u00fcdliche Rheinland. Beginn ist am 17. Oktober mit einer Videokonferenz zum Kennenlernen, die Online-Selbstlernphase l\u00e4uft bis zum 18. November. Pr\u00e4senztage in Bergheim sind der 19. und 20. November von 9:30 Uhr &#8211; 16:30 Uhr. Die Kursgeb\u00fchr betr\u00e4gt 180 Euro, die Ehrenamtler*innen gegen einen entsprechenden Nachweis erstattet bekommen. Anbieter von Entlastungs- und Betreuungsangeboten ben\u00f6tigen mindestens eine Basisqualifizierung, um den Entlastungsbetrag in H\u00f6he von 125 \u20ac mit den Pflege- und Krankenkassen abrechnen zu k\u00f6nnen. Anmeldungen bei <a href=\"mailto:alina.baars@rhein-erft-kreis.de\">alina.baars@rhein-erft-kreis.de<\/a>, Telefon 02271\/83-15173. Geplant ist auch noch ein Fachtag zum Thema &#8220;Sucht&#8221; am 18. November 2022 im Kreishaus.<\/p>\n","protected":false},"excerpt":{"rendered":"<p><strong>Lokale Allianz f\u00fcr Menschen mit Demenz plant Aktion zum Weltalzheimertag in Bergheim <\/strong><\/p>\n<\/p>\n<p>Das Motto des diesj\u00e4hrigen Weltalzheimertages lautet: <strong>Demenz &#8211; verbunden bleiben.\u00a0 <\/strong>Nicht zuletzt die Corona-Pandemie mit ihren notwendigen Kontaktbeschr\u00e4nkungen hat deutlich vor Augen gef\u00fchrt, wie sehr wir Gemeinschaft und pers\u00f6nliche Begegnungen brauchen. Auch f\u00fcr Menschen mit Demenz und ihre Angeh\u00f6rigen ist es &hellip; <\/p>\n<p><a class=\"more-link btn\" href=\"https:\/\/unser-quartier.de\/stadt-bergheim\/2022\/07\/verbunden-bleiben-und-barrieren-abbauen\/\">Weiterlesen<\/a><\/p>\n","protected":false},"author":133,"featured_media":0,"comment_status":"closed","ping_status":"closed","sticky":false,"template":"","format":"standard","meta":{"_bbp_topic_count":0,"_bbp_reply_count":0,"_bbp_total_topic_count":0,"_bbp_total_reply_count":0,"_bbp_voice_count":0,"_bbp_anonymous_reply_count":0,"_bbp_topic_count_hidden":0,"_bbp_reply_count_hidden":0,"_bbp_forum_subforum_count":0,"jetpack_post_was_ever_published":false,"_jetpack_newsletter_access":"","_jetpack_dont_email_post_to_subs":false,"_jetpack_newsletter_tier_id":0,"_jetpack_memberships_contains_paywalled_content":false,"_jetpack_memberships_contains_paid_content":false,"footnotes":""},"categories":[65],"tags":[],"class_list":["post-33743","post","type-post","status-publish","format-standard","hentry","category-demenz","item-wrap"],"jetpack_sharing_enabled":true,"jetpack_featured_media_url":"","jetpack_shortlink":"https:\/\/wp.me\/p3vhfJ-8Mf","jetpack_likes_enabled":true,"_links":{"self":[{"href":"https:\/\/unser-quartier.de\/stadt-bergheim\/wp-json\/wp\/v2\/posts\/33743","targetHints":{"allow":["GET"]}}],"collection":[{"href":"https:\/\/unser-quartier.de\/stadt-bergheim\/wp-json\/wp\/v2\/posts"}],"about":[{"href":"https:\/\/unser-quartier.de\/stadt-bergheim\/wp-json\/wp\/v2\/types\/post"}],"author":[{"embeddable":true,"href":"https:\/\/unser-quartier.de\/stadt-bergheim\/wp-json\/wp\/v2\/users\/133"}],"replies":[{"embeddable":true,"href":"https:\/\/unser-quartier.de\/stadt-bergheim\/wp-json\/wp\/v2\/comments?post=33743"}],"version-history":[{"count":0,"href":"https:\/\/unser-quartier.de\/stadt-bergheim\/wp-json\/wp\/v2\/posts\/33743\/revisions"}],"wp:attachment":[{"href":"https:\/\/unser-quartier.de\/stadt-bergheim\/wp-json\/wp\/v2\/media?parent=33743"}],"wp:term":[{"taxonomy":"category","embeddable":true,"href":"https:\/\/unser-quartier.de\/stadt-bergheim\/wp-json\/wp\/v2\/categories?post=33743"},{"taxonomy":"post_tag","embeddable":true,"href":"https:\/\/unser-quartier.de\/stadt-bergheim\/wp-json\/wp\/v2\/tags?post=33743"}],"curies":[{"name":"wp","href":"https:\/\/api.w.org\/{rel}","templated":true}]}}