{"id":33753,"date":"2022-07-26T10:53:41","date_gmt":"2022-07-26T08:53:41","guid":{"rendered":"https:\/\/unser-quartier.de\/stadt-bergheim\/?p=33753"},"modified":"2022-08-22T15:16:31","modified_gmt":"2022-08-22T13:16:31","slug":"ehrenamtliche-seniorenbegleiterinnen-gesucht","status":"publish","type":"post","link":"https:\/\/unser-quartier.de\/stadt-bergheim\/2022\/07\/ehrenamtliche-seniorenbegleiterinnen-gesucht\/","title":{"rendered":"Ehrenamtliche Seniorenbegleiter*innen gesucht"},"content":{"rendered":"<div class=\"\" dir=\"auto\">\n<div id=\"jsc_c_bl\" class=\"ecm0bbzt hv4rvrfc ihqw7lf3 dati1w0a\" data-ad-comet-preview=\"message\" data-ad-preview=\"message\">\n<div class=\"j83agx80 cbu4d94t ew0dbk1b irj2b8pg\">\n<div class=\"qzhwtbm6 knvmm38d\">\n<div class=\"kvgmc6g5 cxmmr5t8 oygrvhab hcukyx3x c1et5uql ii04i59q\">\n<div dir=\"auto\"><strong>\u201eHeute Du \u2013 morgen ich \u2013 Wir wollen einander helfen\u201c<\/strong><\/div>\n<div dir=\"auto\"><\/div>\n<div dir=\"auto\"><\/div>\n<div dir=\"auto\">\n<div id=\"attachment_33754\" style=\"width: 300px\" class=\"wp-caption alignleft\"><img data-recalc-dims=\"1\" loading=\"lazy\" decoding=\"async\" aria-describedby=\"caption-attachment-33754\" data-attachment-id=\"33754\" data-permalink=\"https:\/\/unser-quartier.de\/stadt-bergheim\/2022\/07\/ehrenamtliche-seniorenbegleiterinnen-gesucht\/dsc04836\/\" data-orig-file=\"https:\/\/i0.wp.com\/unser-quartier.de\/stadt-bergheim\/files\/2022\/07\/DSC04836.jpg?fit=1024%2C683&amp;ssl=1\" data-orig-size=\"1024,683\" data-comments-opened=\"0\" data-image-meta=\"{&quot;aperture&quot;:&quot;11&quot;,&quot;credit&quot;:&quot;&quot;,&quot;camera&quot;:&quot;ILCE-6000&quot;,&quot;caption&quot;:&quot;&quot;,&quot;created_timestamp&quot;:&quot;1657804858&quot;,&quot;copyright&quot;:&quot;&quot;,&quot;focal_length&quot;:&quot;16&quot;,&quot;iso&quot;:&quot;100&quot;,&quot;shutter_speed&quot;:&quot;0.00625&quot;,&quot;title&quot;:&quot;&quot;,&quot;orientation&quot;:&quot;1&quot;}\" data-image-title=\"DSC04836\" data-image-description=\"\" data-image-caption=\"\" data-medium-file=\"https:\/\/i0.wp.com\/unser-quartier.de\/stadt-bergheim\/files\/2022\/07\/DSC04836.jpg?fit=300%2C200&amp;ssl=1\" data-large-file=\"https:\/\/i0.wp.com\/unser-quartier.de\/stadt-bergheim\/files\/2022\/07\/DSC04836.jpg?fit=770%2C514&amp;ssl=1\" class=\"wp-image-33754 size-medium\" src=\"https:\/\/i0.wp.com\/unser-quartier.de\/stadt-bergheim\/files\/2022\/07\/DSC04836.jpg?resize=300%2C200&#038;ssl=1\" alt=\"\" width=\"300\" height=\"200\" srcset=\"https:\/\/i0.wp.com\/unser-quartier.de\/stadt-bergheim\/files\/2022\/07\/DSC04836.jpg?resize=300%2C200&amp;ssl=1 300w, https:\/\/i0.wp.com\/unser-quartier.de\/stadt-bergheim\/files\/2022\/07\/DSC04836.jpg?resize=150%2C100&amp;ssl=1 150w, https:\/\/i0.wp.com\/unser-quartier.de\/stadt-bergheim\/files\/2022\/07\/DSC04836.jpg?resize=768%2C512&amp;ssl=1 768w, https:\/\/i0.wp.com\/unser-quartier.de\/stadt-bergheim\/files\/2022\/07\/DSC04836.jpg?resize=770%2C514&amp;ssl=1 770w, https:\/\/i0.wp.com\/unser-quartier.de\/stadt-bergheim\/files\/2022\/07\/DSC04836.jpg?w=1024&amp;ssl=1 1024w\" sizes=\"auto, (max-width: 300px) 100vw, 300px\" \/><p id=\"caption-attachment-33754\" class=\"wp-caption-text\">Marion Eckart (hinten links) mit f\u00fcnf engagierten Seniorenbegleitern aus der ersten Schulungsstaffel (v.l.: Marlies Stark, Frank Grimm, Angelika Lanfermann, Bozenna Siegm\u00fcller und Gaby Lerch).<\/p><\/div>\n<p>\u201eB\u00fcrgerinnen und B\u00fcrger, die Freude daran haben, \u00e4lteren Menschen in Bergheim regelm\u00e4\u00dfig etwas von ihrer freien Zeit zu widmen, werden dringend gebraucht und gesucht\u201c, so Marion Eckart von der Fachstelle \u00c4lterwerden. Die Kreisstadt Bergheim startet eine zweite Qualifizierungsrunde f\u00fcr Ehrenamtler, die sich dieser wichtigen Aufgabe widmen wollen. Die Schulung in Kooperation mit dem Katholischen Bildungsforum Rhein-Erft findet im Anton-Heinen-Haus, Kirchstra\u00dfe 1b, 50126 Bergheim an vier Terminen statt. Am Samstag, 3. September 2022 von 9 bis 16 Uhr bietet Romy Kohler einen Einstieg in die T\u00e4tigkeit als Seniorenbegleiter*in, Anni Wilbertz von der Alzheimergesellschaft Bergheim berichtet \u00fcber Erfahrungen aus der Praxis. Am Sonntag, 4. September, 9 bis 16 Uhr, gibt die Krankenschwester Annette Ullrich praktische Tipps im Umgang mit gehbehinderten Menschen. Seniorenberaterin Anne Sch\u00fcrner vom DRK informiert \u00fcber Unterst\u00fctzungsm\u00f6glichkeiten, Pflegeberatung, pr\u00e4ventive Hausbesuche und \u00c4mterg\u00e4nge. Der Vortrag von Dr. Elke Wiehoff, Fach\u00e4rztin f\u00fcr innere Medizin, \u00fcber altersspezifische Erscheinungsbilder l\u00e4uft hybrid vor Ort im Anton-Heinen-Haus und gleichzeitig online am Dienstag, 6. September, von 17 bis 19:15 Uhr. Am Samstag, 10. September, von 9 bis 14 Uhr spricht Romy Kohler vor der feierlichen \u00dcbergabe der Teilnahme-Bescheinigung noch einmal \u00fcber Herausforderungen und Grenzen.<\/p>\n<\/div>\n<div dir=\"auto\"><\/div>\n<\/div>\n<\/div>\n<div dir=\"auto\"><strong>Begleiten &#8211; Unterst\u00fctzen &#8211; Da sein<\/strong><\/div>\n<div dir=\"auto\"><\/div>\n<div class=\"qzhwtbm6 knvmm38d\">\n<div class=\"cxmmr5t8 oygrvhab hcukyx3x c1et5uql o9v6fnle ii04i59q\">\n<div dir=\"auto\">Bozena Siegm\u00fcller, 69, ist schon mit viel Herzblut dabei. \u201eAls ich den Aufruf gesehen habe, war f\u00fcr mich klar, da mache ich mit\u201c, sagt sie. Was die vielf\u00e4ltig engagierte Seniorin, die schon Erfahrung als vom Gericht bestellte Betreuerin hat, f\u00fcr die Aufgabe pr\u00e4destiniert, sind vor allem \u201eZeit und Geduld\u201c \u2013 etwas, das die eigenen Kinder im Umgang mit ihren alten Eltern oft nicht haben. Auch seien die Familien heute kleiner und lebten zum Teil weiter voneinander entfernt. Der Vorstellung, allein zu sein und keine Hilfe zu haben, nimmt sie sehr mit. \u201eIch habe das bei meiner kranken Mutter erlebt, im Krankenhaus hatte niemand wirklich Zeit, sich um sie zu k\u00fcmmern.\u201c Sie sei nicht in der Lage gewesen, selbst\u00e4ndig ihr Abendessen zu essen und h\u00e4tte hungrig zu Bett gehen m\u00fcssen.<\/div>\n<div dir=\"auto\"><\/div>\n<div dir=\"auto\"><\/div>\n<div dir=\"auto\">Es ist keine pflegerische T\u00e4tigkeit oder Hilfe im Haushalt, die freiwillige Seniorenbegleiter*innen leisten, sondern einfache, allt\u00e4gliche Nachbarschaftshilfe. Mit zunehmendem Alter und eingeschr\u00e4nkter Mobilit\u00e4t bedarf es immer \u00f6fter Unterst\u00fctzung, auch wenn ein Pflegegrad noch gar nicht besteht. Mit einer Begleitperson spazieren oder einkaufen gehen, bei b\u00fcrokratischen oder anderen Erledigungen jemanden zur Seite zu haben, tr\u00e4gt wesentlich dazu bei, auch im Alter noch selbstbestimmt im eigenen Zuhause leben zu k\u00f6nnen \u2013 das, was die meisten Menschen wollen. Die erg\u00e4nzende freiwillige Hilfe soll auch dazu beitragen, die Hemmschwellen zu professionellen Beratungsangeboten abzubauen.<\/div>\n<div dir=\"auto\"><\/div>\n<div dir=\"auto\"><\/div>\n<div dir=\"auto\">\u201eDie alte Dame, die ich besuche, ist immer so froh, wenn ich komme\u201c, schildert Gaby Lerch, 67. Als ehemalige kaufm\u00e4nnische Angestellte in der Verwaltung eines Altenheims wei\u00df sie, wie wichtig es ist \u201eimmer freundlich und geduldig alles zu erkl\u00e4ren.\u201c\u00a0 Frank Grimm, 61, sieht sich selbst als \u201eExot\u201c in der Gruppe der ersten neun Qualifizierten in Bergheim. \u201eIch bin der Mann f\u00fcrs Grobe, zust\u00e4ndig f\u00fcrs Schrauben, Bohren, Nageln, mit Hand und Kopf dabei.\u201c Auf der Suche nach sozialem Engagement hatte der fr\u00fchpensionierte Bundesbeamte bei der Fachstelle \u00c4lterwerden angeklopft und gleich zwei Ehren\u00e4mter an Land gezogen: Als handwerklicher Helfer im Museum der Stadt Bergheim hat er die neue Ausstellung mit aufgebaut, als Seniorenbegleiter ist es eine seiner Lieblingsbesch\u00e4ftigungen, \u201esich mit den Beh\u00f6rden herumzu\u00e4rgern und 80j\u00e4hrigen das Internet zu erkl\u00e4ren\u201c. Durch die Schulung habe er sich mit dem Thema \u00c4lterwerden erstmals konkreter auseinandergesetzt.<\/div>\n<div dir=\"auto\"><\/div>\n<div dir=\"auto\"><\/div>\n<div dir=\"auto\">F\u00fcr Marlies Stark aus Quadrath-Ichendorf ist es vor allem das eigene Alter, das sie sich ihren Sch\u00fctzlingen n\u00e4her f\u00fchlen l\u00e4sst: Die 68j\u00e4hrige Rentnerin hat absolutes Verst\u00e4ndnis daf\u00fcr, wenn das neue Handy f\u00fcr Verzweiflung sorgt oder wenn ihr jemand \u201eeinfach mal nur sein Leid klagen will\u201c. \u201eWir haben Spa\u00df zusammen \u2013 ich bin da und freue mich, wenn ich gebraucht werde\u201c. Ausgebremst durch Corona, hatte die K\u00fcnstlerin und ausgebildete Ged\u00e4chtnistrainerin Angelika Lanfermann aus Bedburg \u201egerade nicht viel zu tun\u201c. Die 68j\u00e4hrige ehemalige Bauingenieurin ist stolz darauf, wenn sie durch ihre Unterst\u00fctzung beim Ausf\u00fcllen von Antr\u00e4gen und Formularen helfen kann und zum Beispiel \u201edas Wohngeld flie\u00dft\u201c.<\/div>\n<div dir=\"auto\"><\/div>\n<div dir=\"auto\"><\/div>\n<div dir=\"auto\">Der kontinuierliche Austausch untereinander und weiterf\u00fchrende Schulungsangebote sind es, die die Teilnehmer der Seniorenbegleiter-Schulung dar\u00fcber hinaus sehr sch\u00e4tzen \u2013 ob das Erste Hilfe ist oder ein Rat im Umgang mit schwierigen Situationen. Der sch\u00f6nste Lohn \u2013 da sind sich alle einig \u2013 ist das Strahlen im Gesicht der betreuten Person. \u201eWir haben viel zu geben, aber wir bekommen noch mehr zur\u00fcck\u201c, bringt Gaby Lerch es auf den Punkt.<\/div>\n<div dir=\"auto\"><\/div>\n<div dir=\"auto\"><\/div>\n<\/div>\n<div class=\"cxmmr5t8 oygrvhab hcukyx3x c1et5uql o9v6fnle ii04i59q\">\n<div dir=\"auto\"><strong>Weitere Informationen und Ansprechpartnerin:<\/strong><\/div>\n<div dir=\"auto\">Marion Eckart, Fachstelle \u00c4lterwerden der Kreisstadt Bergheim Telefon: 02271\/89709 <a href=\"mailto:aelterwerden@bergheim.de\">aelterwerden@bergheim.de<\/a><\/div>\n<\/div>\n<div dir=\"auto\"><\/div>\n<\/div>\n<\/div>\n<\/div>\n<\/div>\n<div id=\"jsc_c_bm\" class=\"l9j0dhe7\">\n<div class=\"l9j0dhe7\">\n<div><\/div>\n<\/div>\n<\/div>\n","protected":false},"excerpt":{"rendered":"<p><strong>\u201eHeute Du \u2013 morgen ich \u2013 Wir wollen einander helfen\u201c<\/strong> <\/p>\n<p>\u201eB\u00fcrgerinnen und B\u00fcrger, die Freude daran haben, \u00e4lteren Menschen in Bergheim regelm\u00e4\u00dfig etwas von ihrer freien Zeit zu widmen, werden dringend gebraucht und gesucht\u201c, so Marion Eckart von der Fachstelle \u00c4lterwerden. Die Kreisstadt Bergheim startet eine zweite Qualifizierungsrunde f\u00fcr Ehrenamtler, die sich dieser wichtigen Aufgabe &hellip; <\/p>\n<p><a class=\"more-link btn\" href=\"https:\/\/unser-quartier.de\/stadt-bergheim\/2022\/07\/ehrenamtliche-seniorenbegleiterinnen-gesucht\/\">Weiterlesen<\/a><\/p>\n","protected":false},"author":133,"featured_media":0,"comment_status":"closed","ping_status":"closed","sticky":false,"template":"","format":"standard","meta":{"_bbp_topic_count":0,"_bbp_reply_count":0,"_bbp_total_topic_count":0,"_bbp_total_reply_count":0,"_bbp_voice_count":0,"_bbp_anonymous_reply_count":0,"_bbp_topic_count_hidden":0,"_bbp_reply_count_hidden":0,"_bbp_forum_subforum_count":0,"jetpack_post_was_ever_published":false,"_jetpack_newsletter_access":"","_jetpack_dont_email_post_to_subs":false,"_jetpack_newsletter_tier_id":0,"_jetpack_memberships_contains_paywalled_content":false,"_jetpack_memberships_contains_paid_content":false,"footnotes":""},"categories":[59],"tags":[],"class_list":["post-33753","post","type-post","status-publish","format-standard","hentry","category-freiwilliges-engagement","item-wrap"],"jetpack_sharing_enabled":true,"jetpack_featured_media_url":"","jetpack_shortlink":"https:\/\/wp.me\/p3vhfJ-8Mp","jetpack_likes_enabled":true,"_links":{"self":[{"href":"https:\/\/unser-quartier.de\/stadt-bergheim\/wp-json\/wp\/v2\/posts\/33753","targetHints":{"allow":["GET"]}}],"collection":[{"href":"https:\/\/unser-quartier.de\/stadt-bergheim\/wp-json\/wp\/v2\/posts"}],"about":[{"href":"https:\/\/unser-quartier.de\/stadt-bergheim\/wp-json\/wp\/v2\/types\/post"}],"author":[{"embeddable":true,"href":"https:\/\/unser-quartier.de\/stadt-bergheim\/wp-json\/wp\/v2\/users\/133"}],"replies":[{"embeddable":true,"href":"https:\/\/unser-quartier.de\/stadt-bergheim\/wp-json\/wp\/v2\/comments?post=33753"}],"version-history":[{"count":0,"href":"https:\/\/unser-quartier.de\/stadt-bergheim\/wp-json\/wp\/v2\/posts\/33753\/revisions"}],"wp:attachment":[{"href":"https:\/\/unser-quartier.de\/stadt-bergheim\/wp-json\/wp\/v2\/media?parent=33753"}],"wp:term":[{"taxonomy":"category","embeddable":true,"href":"https:\/\/unser-quartier.de\/stadt-bergheim\/wp-json\/wp\/v2\/categories?post=33753"},{"taxonomy":"post_tag","embeddable":true,"href":"https:\/\/unser-quartier.de\/stadt-bergheim\/wp-json\/wp\/v2\/tags?post=33753"}],"curies":[{"name":"wp","href":"https:\/\/api.w.org\/{rel}","templated":true}]}}