{"id":33758,"date":"2022-08-01T10:48:08","date_gmt":"2022-08-01T08:48:08","guid":{"rendered":"https:\/\/unser-quartier.de\/stadt-bergheim\/?p=33758"},"modified":"2022-08-01T10:48:08","modified_gmt":"2022-08-01T08:48:08","slug":"3-stolpersteinverlegung-in-bergheim","status":"publish","type":"post","link":"https:\/\/unser-quartier.de\/stadt-bergheim\/2022\/08\/3-stolpersteinverlegung-in-bergheim\/","title":{"rendered":"3. Stolpersteinverlegung in Bergheim"},"content":{"rendered":"<p><span class=\"d2edcug0 hpfvmrgz qv66sw1b c1et5uql lr9zc1uh a8c37x1j fe6kdd0r mau55g9w c8b282yb keod5gw0 nxhoafnm aigsh9s9 d3f4x2em iv3no6db jq4qci2q a3bd9o3v b1v8xokw oo9gr5id hzawbc8m\" dir=\"auto\"><img data-recalc-dims=\"1\" loading=\"lazy\" decoding=\"async\" data-attachment-id=\"33249\" data-permalink=\"https:\/\/unser-quartier.de\/stadt-bergheim\/2021\/10\/verlegung-von-stolpersteinen\/48acb707-3586-4462-bdaf-7ef540b75da4\/\" data-orig-file=\"https:\/\/i0.wp.com\/unser-quartier.de\/stadt-bergheim\/files\/2021\/10\/48ACB707-3586-4462-BDAF-7EF540B75DA4.jpeg?fit=683%2C1024&amp;ssl=1\" data-orig-size=\"683,1024\" data-comments-opened=\"0\" data-image-meta=\"{&quot;aperture&quot;:&quot;0&quot;,&quot;credit&quot;:&quot;&quot;,&quot;camera&quot;:&quot;&quot;,&quot;caption&quot;:&quot;&quot;,&quot;created_timestamp&quot;:&quot;0&quot;,&quot;copyright&quot;:&quot;&quot;,&quot;focal_length&quot;:&quot;0&quot;,&quot;iso&quot;:&quot;0&quot;,&quot;shutter_speed&quot;:&quot;0&quot;,&quot;title&quot;:&quot;&quot;,&quot;orientation&quot;:&quot;1&quot;}\" data-image-title=\"48ACB707-3586-4462-BDAF-7EF540B75DA4\" data-image-description=\"\" data-image-caption=\"\" data-medium-file=\"https:\/\/i0.wp.com\/unser-quartier.de\/stadt-bergheim\/files\/2021\/10\/48ACB707-3586-4462-BDAF-7EF540B75DA4.jpeg?fit=200%2C300&amp;ssl=1\" data-large-file=\"https:\/\/i0.wp.com\/unser-quartier.de\/stadt-bergheim\/files\/2021\/10\/48ACB707-3586-4462-BDAF-7EF540B75DA4.jpeg?fit=683%2C1024&amp;ssl=1\" class=\"alignleft wp-image-33249 size-medium\" src=\"https:\/\/i0.wp.com\/unser-quartier.de\/stadt-bergheim\/files\/2021\/10\/48ACB707-3586-4462-BDAF-7EF540B75DA4.jpeg?resize=200%2C300&#038;ssl=1\" alt=\"\" width=\"200\" height=\"300\" srcset=\"https:\/\/i0.wp.com\/unser-quartier.de\/stadt-bergheim\/files\/2021\/10\/48ACB707-3586-4462-BDAF-7EF540B75DA4.jpeg?resize=200%2C300&amp;ssl=1 200w, https:\/\/i0.wp.com\/unser-quartier.de\/stadt-bergheim\/files\/2021\/10\/48ACB707-3586-4462-BDAF-7EF540B75DA4.jpeg?resize=100%2C150&amp;ssl=1 100w, https:\/\/i0.wp.com\/unser-quartier.de\/stadt-bergheim\/files\/2021\/10\/48ACB707-3586-4462-BDAF-7EF540B75DA4.jpeg?w=683&amp;ssl=1 683w\" sizes=\"auto, (max-width: 200px) 100vw, 200px\" \/>Am 16. August 2022 verlegt die Kreisstadt Bergheim in Zusammenarbeit mit interessierten B\u00fcrger*innen und der Stadtwerke Bergheim GmbH insgesamt zw\u00f6lf Stolpersteine im Stadtteil Quadrath-Ichendorf. Damit soll symbolisch mehreren Familien gedacht werden, die dem NS-Regime zum Opfer fielen. Die Verlegung der Stolpersteine beginnt um 11:00 Uhr in Quadrath-Ichendorf in der Fischbachstra\u00dfe 5. Dort befindet sich der letzte frei gew\u00e4hlte Wohnsitz der Familie Eckstein (Geburtsjahre 1887 bis 1914). <\/span><\/p>\n<p><span class=\"d2edcug0 hpfvmrgz qv66sw1b c1et5uql lr9zc1uh a8c37x1j fe6kdd0r mau55g9w c8b282yb keod5gw0 nxhoafnm aigsh9s9 d3f4x2em iv3no6db jq4qci2q a3bd9o3v b1v8xokw oo9gr5id hzawbc8m\" dir=\"auto\">Erinnert werden soll auch an die Familien Simons (1887-1935), Heinrich Zehnpfennig (geboren 1899, Sterbedatum unbekannt) und August Kr\u00fcll (geboren 1899). Um 11:20 werden die Stolpersteine am letzten frei gew\u00e4hlten Wohnsitz der Familie Simons in der K\u00f6ln-Aachener-Stra\u00dfe 181 verlegt, gegen 12 Uhr am Katzenberg 2\/K\u00f6ln-Aachener Str. 89, wo einst August Kr\u00fcll lebte. Gegen 12:30 Uhr wird mit dem Stein an der Sebastianusstr. 21 an Heinrich Zehnpfennig gedacht. B\u00fcrgerinnen und B\u00fcrger sind herzlich eingeladen, an der Gedenkveranstaltung teilzuehmen.<br \/>\n<\/span><\/p>\n<p><span class=\"d2edcug0 hpfvmrgz qv66sw1b c1et5uql lr9zc1uh a8c37x1j fe6kdd0r mau55g9w c8b282yb keod5gw0 nxhoafnm aigsh9s9 d3f4x2em iv3no6db jq4qci2q a3bd9o3v b1v8xokw oo9gr5id hzawbc8m\" dir=\"auto\"><a href=\"https:\/\/unser-quartier.de\/stadt-bergheim\/2021\/10\/verlegung-von-stolpersteinen\/\">Das Seniorenportal Bergheim berichtete \u00fcber die\u00a0 Verlegung von 13 Stolpersteinen im Oktober 2021 in Nieder- und Oberau\u00dfem sowie Fliesteden.\u00a0\u00a0 <\/a>Im Rahmen des Jubil\u00e4umsjahr \u201e1700 J\u00fcdisches Leben in Deutschland\u201c recherchierten Sch\u00fclerinnen und Sch\u00fcler der Gesamtschule Bergheim zum Thema und dokumentierten ihre <a href=\"https:\/\/www.bergheim.de\/projekt-juedisches-leben-in-bergheim.aspx\" class=\"broken_link\">Forschungsergebnisse auf einer Sonderseite der Kreistadt Bergheim<\/a>.\u00a0 Das Zeitzeugenprojekt in Kooperation mit der Stadtbibliothek Bergheim, dem Stadtarchiv und der Tanzschule Belaro wird in diesem Jahr fortgesetzt.<br \/>\n<\/span><\/p>\n<p><a href=\"https:\/\/www.bergheim.de\/stolpersteine.aspx\">https:\/\/www.bergheim.de\/stolpersteine.aspx<\/a><\/p>\n","protected":false},"excerpt":{"rendered":"<p>Am 16. August 2022 verlegt die Kreisstadt Bergheim in Zusammenarbeit mit interessierten B\u00fcrger*innen und der Stadtwerke Bergheim GmbH insgesamt zw\u00f6lf Stolpersteine im Stadtteil Quadrath-Ichendorf. Damit soll symbolisch mehreren Familien gedacht werden, die dem NS-Regime zum Opfer fielen. Die Verlegung der Stolpersteine beginnt um 11:00 Uhr in Quadrath-Ichendorf in der Fischbachstra\u00dfe 5. Dort befindet sich der &hellip; <\/p>\n<p><a class=\"more-link btn\" href=\"https:\/\/unser-quartier.de\/stadt-bergheim\/2022\/08\/3-stolpersteinverlegung-in-bergheim\/\">Weiterlesen<\/a><\/p>\n","protected":false},"author":133,"featured_media":0,"comment_status":"closed","ping_status":"closed","sticky":false,"template":"","format":"standard","meta":{"_bbp_topic_count":0,"_bbp_reply_count":0,"_bbp_total_topic_count":0,"_bbp_total_reply_count":0,"_bbp_voice_count":0,"_bbp_anonymous_reply_count":0,"_bbp_topic_count_hidden":0,"_bbp_reply_count_hidden":0,"_bbp_forum_subforum_count":0,"jetpack_post_was_ever_published":false,"_jetpack_newsletter_access":"","_jetpack_dont_email_post_to_subs":false,"_jetpack_newsletter_tier_id":0,"_jetpack_memberships_contains_paywalled_content":false,"_jetpack_memberships_contains_paid_content":false,"footnotes":""},"categories":[61],"tags":[],"class_list":["post-33758","post","type-post","status-publish","format-standard","hentry","category-interkulturell","item-wrap"],"jetpack_sharing_enabled":true,"jetpack_featured_media_url":"","jetpack_shortlink":"https:\/\/wp.me\/p3vhfJ-8Mu","jetpack_likes_enabled":true,"_links":{"self":[{"href":"https:\/\/unser-quartier.de\/stadt-bergheim\/wp-json\/wp\/v2\/posts\/33758","targetHints":{"allow":["GET"]}}],"collection":[{"href":"https:\/\/unser-quartier.de\/stadt-bergheim\/wp-json\/wp\/v2\/posts"}],"about":[{"href":"https:\/\/unser-quartier.de\/stadt-bergheim\/wp-json\/wp\/v2\/types\/post"}],"author":[{"embeddable":true,"href":"https:\/\/unser-quartier.de\/stadt-bergheim\/wp-json\/wp\/v2\/users\/133"}],"replies":[{"embeddable":true,"href":"https:\/\/unser-quartier.de\/stadt-bergheim\/wp-json\/wp\/v2\/comments?post=33758"}],"version-history":[{"count":0,"href":"https:\/\/unser-quartier.de\/stadt-bergheim\/wp-json\/wp\/v2\/posts\/33758\/revisions"}],"wp:attachment":[{"href":"https:\/\/unser-quartier.de\/stadt-bergheim\/wp-json\/wp\/v2\/media?parent=33758"}],"wp:term":[{"taxonomy":"category","embeddable":true,"href":"https:\/\/unser-quartier.de\/stadt-bergheim\/wp-json\/wp\/v2\/categories?post=33758"},{"taxonomy":"post_tag","embeddable":true,"href":"https:\/\/unser-quartier.de\/stadt-bergheim\/wp-json\/wp\/v2\/tags?post=33758"}],"curies":[{"name":"wp","href":"https:\/\/api.w.org\/{rel}","templated":true}]}}