{"id":33810,"date":"2022-09-01T18:05:26","date_gmt":"2022-09-01T16:05:26","guid":{"rendered":"https:\/\/unser-quartier.de\/stadt-bergheim\/?p=33810"},"modified":"2022-09-01T18:05:26","modified_gmt":"2022-09-01T16:05:26","slug":"stadtradeln","status":"publish","type":"post","link":"https:\/\/unser-quartier.de\/stadt-bergheim\/2022\/09\/stadtradeln\/","title":{"rendered":"Stadtradeln"},"content":{"rendered":"<div class=\"\" dir=\"auto\">\n<div id=\"jsc_c_1gf\" class=\"d2hqwtrz r227ecj6 ez8dtbzv gt60zsk1\" data-ad-comet-preview=\"message\" data-ad-preview=\"message\">\n<div class=\"alzwoclg cqf1kptm siwo0mpr gu5uzgus\">\n<div class=\"jroqu855 nthtkgg5\">\n<div class=\"m8h3af8h l7ghb35v kjdc1dyq kmwttqpk gh25dzvf n3t5jt4f\">\n<div dir=\"auto\"><strong><img data-recalc-dims=\"1\" loading=\"lazy\" decoding=\"async\" data-attachment-id=\"32863\" data-permalink=\"https:\/\/unser-quartier.de\/stadt-bergheim\/2021\/03\/stadtradel-star-gesucht\/6f8672d0-79bb-41e2-a820-8e3980d46615\/\" data-orig-file=\"https:\/\/i0.wp.com\/unser-quartier.de\/stadt-bergheim\/files\/2021\/03\/6F8672D0-79BB-41E2-A820-8E3980D46615.jpeg?fit=309%2C120&amp;ssl=1\" data-orig-size=\"309,120\" data-comments-opened=\"0\" data-image-meta=\"{&quot;aperture&quot;:&quot;0&quot;,&quot;credit&quot;:&quot;&quot;,&quot;camera&quot;:&quot;&quot;,&quot;caption&quot;:&quot;&quot;,&quot;created_timestamp&quot;:&quot;0&quot;,&quot;copyright&quot;:&quot;&quot;,&quot;focal_length&quot;:&quot;0&quot;,&quot;iso&quot;:&quot;0&quot;,&quot;shutter_speed&quot;:&quot;0&quot;,&quot;title&quot;:&quot;&quot;,&quot;orientation&quot;:&quot;1&quot;}\" data-image-title=\"6F8672D0-79BB-41E2-A820-8E3980D46615\" data-image-description=\"\" data-image-caption=\"\" data-medium-file=\"https:\/\/i0.wp.com\/unser-quartier.de\/stadt-bergheim\/files\/2021\/03\/6F8672D0-79BB-41E2-A820-8E3980D46615.jpeg?fit=300%2C117&amp;ssl=1\" data-large-file=\"https:\/\/i0.wp.com\/unser-quartier.de\/stadt-bergheim\/files\/2021\/03\/6F8672D0-79BB-41E2-A820-8E3980D46615.jpeg?fit=309%2C120&amp;ssl=1\" class=\"alignnone size-medium wp-image-32863\" src=\"https:\/\/i0.wp.com\/unser-quartier.de\/stadt-bergheim\/files\/2021\/03\/6F8672D0-79BB-41E2-A820-8E3980D46615.jpeg?resize=300%2C117&#038;ssl=1\" alt=\"\" width=\"300\" height=\"117\" srcset=\"https:\/\/i0.wp.com\/unser-quartier.de\/stadt-bergheim\/files\/2021\/03\/6F8672D0-79BB-41E2-A820-8E3980D46615.jpeg?resize=300%2C117&amp;ssl=1 300w, https:\/\/i0.wp.com\/unser-quartier.de\/stadt-bergheim\/files\/2021\/03\/6F8672D0-79BB-41E2-A820-8E3980D46615.jpeg?resize=150%2C58&amp;ssl=1 150w, https:\/\/i0.wp.com\/unser-quartier.de\/stadt-bergheim\/files\/2021\/03\/6F8672D0-79BB-41E2-A820-8E3980D46615.jpeg?w=309&amp;ssl=1 309w\" sizes=\"auto, (max-width: 300px) 100vw, 300px\" \/><\/strong><\/div>\n<div dir=\"auto\"><strong>Radeln f\u00fcr ein gutes Klima<br \/>\n<\/strong><span class=\"fxk3tzhb b2rh1bv3 gh55jysx m8h3af8h ewco64xe kjdc1dyq ms56khn7 bq6c9xl4 eohcrkr5 akh3l2rg\"><br \/>\n<\/span><\/div>\n<div dir=\"auto\">In Bergheim haben sich in den letzten beiden Jahren hunderte Radfahrer*innen an der Aktion STADTRADELN beteiligt und sind viele Kilometer in ihrer Freizeit und auf dem Weg zur Arbeit geradelt. 21 Tage lang k\u00f6nnt ihr in die Pedale treten und damit zu mehr Radf\u00f6rderung, Klimaschutz und Lebensqualit\u00e4t beitragen. In diesem Jahr findet das STADTRADELN vom 09.09. bis zum 29.09. statt. Das Besondere an der Aktion ist, dass sogar im Urlaub oder au\u00dferhalb von Bergheim f\u00fcr unsere Kreisstadt geradelt werden kann.<\/p>\n<\/div>\n<div dir=\"auto\">Wer in den drei Wochen komplett auf das Auto verzichten will, kann in diesem Jahr erstmalig als STADTRADEL-STAR mitmachen<\/div>\n<\/div>\n<div class=\"l7ghb35v kjdc1dyq kmwttqpk gh25dzvf jikcssrz n3t5jt4f\">\n<div dir=\"auto\">Alle weiteren Infos:\u00a0 <a class=\"qi72231t nu7423ey n3hqoq4p r86q59rh b3qcqh3k fq87ekyn bdao358l fsf7x5fv rse6dlih s5oniofx m8h3af8h l7ghb35v kjdc1dyq kmwttqpk srn514ro oxkhqvkx rl78xhln nch0832m cr00lzj9 rn8ck1ys s3jn8y49 icdlwmnq cxfqmxzd ezidihy3 broken_link\" tabindex=\"\" role=\"link\" href=\"https:\/\/www.stadtradeln.de\/bergheim?fbclid=IwAR26H232AYGglzZs_9E4_sf7oGRrHe-tIrMrVSsCx-VEQxQJ4_UcAVYoRCw\" target=\"_blank\" rel=\"nofollow noopener\">https:\/\/www.stadtradeln.de\/bergheim<\/a><\/div>\n<\/div>\n<div class=\"l7ghb35v kjdc1dyq kmwttqpk gh25dzvf jikcssrz n3t5jt4f\">\n<div dir=\"auto\"><\/div>\n<\/div>\n<\/div>\n<\/div>\n<\/div>\n<\/div>\n","protected":false},"excerpt":{"rendered":"<p><strong><\/strong> <strong>Radeln f\u00fcr ein gutes Klima <\/strong> In Bergheim haben sich in den letzten beiden Jahren hunderte Radfahrer*innen an der Aktion STADTRADELN beteiligt und sind viele Kilometer in ihrer Freizeit und auf dem Weg zur Arbeit geradelt. 21 Tage lang k\u00f6nnt ihr in die Pedale treten und damit zu mehr Radf\u00f6rderung, Klimaschutz und Lebensqualit\u00e4t beitragen. &hellip; <\/p>\n<p><a class=\"more-link btn\" href=\"https:\/\/unser-quartier.de\/stadt-bergheim\/2022\/09\/stadtradeln\/\">Weiterlesen<\/a><\/p>\n","protected":false},"author":133,"featured_media":0,"comment_status":"closed","ping_status":"closed","sticky":false,"template":"","format":"standard","meta":{"_bbp_topic_count":0,"_bbp_reply_count":0,"_bbp_total_topic_count":0,"_bbp_total_reply_count":0,"_bbp_voice_count":0,"_bbp_anonymous_reply_count":0,"_bbp_topic_count_hidden":0,"_bbp_reply_count_hidden":0,"_bbp_forum_subforum_count":0,"jetpack_post_was_ever_published":false,"_jetpack_newsletter_access":"","_jetpack_dont_email_post_to_subs":false,"_jetpack_newsletter_tier_id":0,"_jetpack_memberships_contains_paywalled_content":false,"_jetpack_memberships_contains_paid_content":false,"footnotes":""},"categories":[71],"tags":[],"class_list":["post-33810","post","type-post","status-publish","format-standard","hentry","category-freizeit","item-wrap"],"jetpack_sharing_enabled":true,"jetpack_featured_media_url":"","jetpack_shortlink":"https:\/\/wp.me\/p3vhfJ-8Nk","jetpack_likes_enabled":true,"_links":{"self":[{"href":"https:\/\/unser-quartier.de\/stadt-bergheim\/wp-json\/wp\/v2\/posts\/33810","targetHints":{"allow":["GET"]}}],"collection":[{"href":"https:\/\/unser-quartier.de\/stadt-bergheim\/wp-json\/wp\/v2\/posts"}],"about":[{"href":"https:\/\/unser-quartier.de\/stadt-bergheim\/wp-json\/wp\/v2\/types\/post"}],"author":[{"embeddable":true,"href":"https:\/\/unser-quartier.de\/stadt-bergheim\/wp-json\/wp\/v2\/users\/133"}],"replies":[{"embeddable":true,"href":"https:\/\/unser-quartier.de\/stadt-bergheim\/wp-json\/wp\/v2\/comments?post=33810"}],"version-history":[{"count":0,"href":"https:\/\/unser-quartier.de\/stadt-bergheim\/wp-json\/wp\/v2\/posts\/33810\/revisions"}],"wp:attachment":[{"href":"https:\/\/unser-quartier.de\/stadt-bergheim\/wp-json\/wp\/v2\/media?parent=33810"}],"wp:term":[{"taxonomy":"category","embeddable":true,"href":"https:\/\/unser-quartier.de\/stadt-bergheim\/wp-json\/wp\/v2\/categories?post=33810"},{"taxonomy":"post_tag","embeddable":true,"href":"https:\/\/unser-quartier.de\/stadt-bergheim\/wp-json\/wp\/v2\/tags?post=33810"}],"curies":[{"name":"wp","href":"https:\/\/api.w.org\/{rel}","templated":true}]}}