{"id":33901,"date":"2022-11-17T16:41:30","date_gmt":"2022-11-17T15:41:30","guid":{"rendered":"https:\/\/unser-quartier.de\/stadt-bergheim\/?p=33901"},"modified":"2022-11-17T16:41:30","modified_gmt":"2022-11-17T15:41:30","slug":"luxus-immobilie-fuer-insekten","status":"publish","type":"post","link":"https:\/\/unser-quartier.de\/stadt-bergheim\/2022\/11\/luxus-immobilie-fuer-insekten\/","title":{"rendered":"Luxus-Immobilie f\u00fcr Insekten"},"content":{"rendered":"<p><strong>Der st\u00e4dtische Betriebshof baut ein Insektenhotel in Form des Aachener Tors<\/strong><\/p>\n<p><img data-recalc-dims=\"1\" loading=\"lazy\" decoding=\"async\" data-attachment-id=\"33904\" data-permalink=\"https:\/\/unser-quartier.de\/stadt-bergheim\/2022\/11\/luxus-immobilie-fuer-insekten\/einweihung-bienenhotel-vor-dem-rathaus\/\" data-orig-file=\"https:\/\/i0.wp.com\/unser-quartier.de\/stadt-bergheim\/files\/2022\/11\/Einweihung-Bienenhotel-vor-dem-Rathaus.jpg?fit=1024%2C768&amp;ssl=1\" data-orig-size=\"1024,768\" data-comments-opened=\"0\" data-image-meta=\"{&quot;aperture&quot;:&quot;0&quot;,&quot;credit&quot;:&quot;&quot;,&quot;camera&quot;:&quot;&quot;,&quot;caption&quot;:&quot;&quot;,&quot;created_timestamp&quot;:&quot;0&quot;,&quot;copyright&quot;:&quot;&quot;,&quot;focal_length&quot;:&quot;0&quot;,&quot;iso&quot;:&quot;0&quot;,&quot;shutter_speed&quot;:&quot;0&quot;,&quot;title&quot;:&quot;&quot;,&quot;orientation&quot;:&quot;0&quot;}\" data-image-title=\"Einweihung Bienenhotel vor dem Rathaus\" data-image-description=\"\" data-image-caption=\"\" data-medium-file=\"https:\/\/i0.wp.com\/unser-quartier.de\/stadt-bergheim\/files\/2022\/11\/Einweihung-Bienenhotel-vor-dem-Rathaus.jpg?fit=300%2C225&amp;ssl=1\" data-large-file=\"https:\/\/i0.wp.com\/unser-quartier.de\/stadt-bergheim\/files\/2022\/11\/Einweihung-Bienenhotel-vor-dem-Rathaus.jpg?fit=770%2C578&amp;ssl=1\" class=\"alignleft wp-image-33904 size-medium\" src=\"https:\/\/i0.wp.com\/unser-quartier.de\/stadt-bergheim\/files\/2022\/11\/Einweihung-Bienenhotel-vor-dem-Rathaus.jpg?resize=300%2C225&#038;ssl=1\" alt=\"\" width=\"300\" height=\"225\" srcset=\"https:\/\/i0.wp.com\/unser-quartier.de\/stadt-bergheim\/files\/2022\/11\/Einweihung-Bienenhotel-vor-dem-Rathaus.jpg?resize=300%2C225&amp;ssl=1 300w, https:\/\/i0.wp.com\/unser-quartier.de\/stadt-bergheim\/files\/2022\/11\/Einweihung-Bienenhotel-vor-dem-Rathaus.jpg?resize=150%2C113&amp;ssl=1 150w, https:\/\/i0.wp.com\/unser-quartier.de\/stadt-bergheim\/files\/2022\/11\/Einweihung-Bienenhotel-vor-dem-Rathaus.jpg?resize=768%2C576&amp;ssl=1 768w, https:\/\/i0.wp.com\/unser-quartier.de\/stadt-bergheim\/files\/2022\/11\/Einweihung-Bienenhotel-vor-dem-Rathaus.jpg?resize=770%2C578&amp;ssl=1 770w, https:\/\/i0.wp.com\/unser-quartier.de\/stadt-bergheim\/files\/2022\/11\/Einweihung-Bienenhotel-vor-dem-Rathaus.jpg?w=1024&amp;ssl=1 1024w\" sizes=\"auto, (max-width: 300px) 100vw, 300px\" \/>Dass der Lebensraum und damit verbunden das Nahrungsangebot f\u00fcr Insekten immer weniger wird<br \/>\nund dass der Artenschutz in der heutigen Zeit immer wichtiger wird, ist unbestritten. Durch das Anlegen von Bl\u00fch- und Wildwiesen, dem Ans\u00e4en von Fr\u00fchjahrs-Bl\u00fchfl\u00e4chen und dem<br \/>\nPflanzen von Bienenn\u00e4hrgeh\u00f6lzen f\u00f6rdert der st\u00e4dtische Betriebshof bereits seit l\u00e4ngerer Zeit die<br \/>\nBiodiversit\u00e4t und den Artenschutz. \u201eDa lag nichts n\u00e4her, als bei der Findung eines komplexen<br \/>\nUmsetzungsprojektes f\u00fcr den Handwerkerbereich im Betriebshof an eine Nisthilfe f\u00fcr Wildbienen<br \/>\nund anderen Insekten zu denken\u201c, sagt Christian Linne, Abteilungsleiter des Betriebshofs.<\/p>\n<p>So entstand die Idee, das Wahrzeichen Bergheims, das Aachener Tor, als neue Heimat f\u00fcr die<br \/>\nInsekten zu entwerfen und umzusetzen. Insgesamt sind 6127 \u201eZimmer\u201c auf einer Gesamtfl\u00e4che von<br \/>\nca. 1,8 qm entstanden. Verwendet wurden dabei Bambus, Backsteine, Papprohre, L\u00e4rchenholz und<br \/>\nweiteres Baumaterial. Hand in Hand haben Tischler, Schlosser und Maler daf\u00fcr gesorgt, dass das<br \/>\nInsektenhotel auf der bereits im Vorfeld angelegten Blumenwiese im vorderen Bereich des<br \/>\nRathauses seinen Standort gefunden hat.<\/p>\n<div class=\"tiled-gallery type-rectangular tiled-gallery-unresized\" data-original-width=\"770\" data-carousel-extra='{&quot;blog_id&quot;:38,&quot;permalink&quot;:&quot;https:\\\/\\\/unser-quartier.de\\\/stadt-bergheim\\\/2022\\\/11\\\/luxus-immobilie-fuer-insekten\\\/&quot;,&quot;likes_blog_id&quot;:51783499}' itemscope itemtype=\"http:\/\/schema.org\/ImageGallery\" > <div class=\"gallery-row\" style=\"width: 770px; height: 512px;\" data-original-width=\"770\" data-original-height=\"512\" > <div class=\"gallery-group images-1\" style=\"width: 385px; height: 512px;\" data-original-width=\"385\" data-original-height=\"512\" > <div class=\"tiled-gallery-item tiled-gallery-item-large\" itemprop=\"associatedMedia\" itemscope itemtype=\"http:\/\/schema.org\/ImageObject\"> <a href=\"https:\/\/unser-quartier.de\/stadt-bergheim\/2022\/11\/luxus-immobilie-fuer-insekten\/einweihung-bienenhotel-vor-dem-rathaus-4\/\" border=\"0\" itemprop=\"url\"> <meta itemprop=\"width\" content=\"381\"> <meta itemprop=\"height\" content=\"508\"> <img decoding=\"async\" class=\"\" data-attachment-id=\"33903\" data-orig-file=\"https:\/\/unser-quartier.de\/stadt-bergheim\/files\/2022\/11\/Einweihung-Bienenhotel-vor-dem-Rathaus-4.jpg\" data-orig-size=\"768,1024\" data-comments-opened=\"\" data-image-meta=\"{&quot;aperture&quot;:&quot;0&quot;,&quot;credit&quot;:&quot;&quot;,&quot;camera&quot;:&quot;&quot;,&quot;caption&quot;:&quot;&quot;,&quot;created_timestamp&quot;:&quot;0&quot;,&quot;copyright&quot;:&quot;&quot;,&quot;focal_length&quot;:&quot;0&quot;,&quot;iso&quot;:&quot;0&quot;,&quot;shutter_speed&quot;:&quot;0&quot;,&quot;title&quot;:&quot;&quot;,&quot;orientation&quot;:&quot;0&quot;}\" data-image-title=\"Einweihung Bienenhotel vor dem Rathaus 4\" data-image-description=\"\" data-medium-file=\"https:\/\/i0.wp.com\/unser-quartier.de\/stadt-bergheim\/files\/2022\/11\/Einweihung-Bienenhotel-vor-dem-Rathaus-4.jpg?fit=225%2C300&#038;ssl=1\" data-large-file=\"https:\/\/i0.wp.com\/unser-quartier.de\/stadt-bergheim\/files\/2022\/11\/Einweihung-Bienenhotel-vor-dem-Rathaus-4.jpg?fit=768%2C1024&#038;ssl=1\" src=\"https:\/\/i0.wp.com\/unser-quartier.de\/stadt-bergheim\/files\/2022\/11\/Einweihung-Bienenhotel-vor-dem-Rathaus-4.jpg?w=381&#038;h=508&#038;ssl=1\" srcset=\"https:\/\/i0.wp.com\/unser-quartier.de\/stadt-bergheim\/files\/2022\/11\/Einweihung-Bienenhotel-vor-dem-Rathaus-4.jpg?w=768&amp;ssl=1 768w, https:\/\/i0.wp.com\/unser-quartier.de\/stadt-bergheim\/files\/2022\/11\/Einweihung-Bienenhotel-vor-dem-Rathaus-4.jpg?resize=225%2C300&amp;ssl=1 225w, https:\/\/i0.wp.com\/unser-quartier.de\/stadt-bergheim\/files\/2022\/11\/Einweihung-Bienenhotel-vor-dem-Rathaus-4.jpg?resize=113%2C150&amp;ssl=1 113w\" width=\"381\" height=\"508\" loading=\"lazy\" data-original-width=\"381\" data-original-height=\"508\" itemprop=\"http:\/\/schema.org\/image\" title=\"Einweihung Bienenhotel vor dem Rathaus 4\" alt=\"Einweihung Bienenhotel vor dem Rathaus 4\" style=\"width: 381px; height: 508px;\" \/> <\/a> <\/div> <\/div> <!-- close group --> <div class=\"gallery-group images-1\" style=\"width: 385px; height: 512px;\" data-original-width=\"385\" data-original-height=\"512\" > <div class=\"tiled-gallery-item tiled-gallery-item-large\" itemprop=\"associatedMedia\" itemscope itemtype=\"http:\/\/schema.org\/ImageObject\"> <a href=\"https:\/\/unser-quartier.de\/stadt-bergheim\/2022\/11\/luxus-immobilie-fuer-insekten\/einweihung-bienenhotel-vor-dem-rathaus-2\/\" border=\"0\" itemprop=\"url\"> <meta itemprop=\"width\" content=\"381\"> <meta itemprop=\"height\" content=\"508\"> <img decoding=\"async\" class=\"\" data-attachment-id=\"33902\" data-orig-file=\"https:\/\/unser-quartier.de\/stadt-bergheim\/files\/2022\/11\/Einweihung-Bienenhotel-vor-dem-Rathaus-2.jpg\" data-orig-size=\"768,1024\" data-comments-opened=\"\" data-image-meta=\"{&quot;aperture&quot;:&quot;0&quot;,&quot;credit&quot;:&quot;&quot;,&quot;camera&quot;:&quot;&quot;,&quot;caption&quot;:&quot;&quot;,&quot;created_timestamp&quot;:&quot;0&quot;,&quot;copyright&quot;:&quot;&quot;,&quot;focal_length&quot;:&quot;0&quot;,&quot;iso&quot;:&quot;0&quot;,&quot;shutter_speed&quot;:&quot;0&quot;,&quot;title&quot;:&quot;&quot;,&quot;orientation&quot;:&quot;0&quot;}\" data-image-title=\"Einweihung Bienenhotel vor dem Rathaus 2\" data-image-description=\"\" data-medium-file=\"https:\/\/i0.wp.com\/unser-quartier.de\/stadt-bergheim\/files\/2022\/11\/Einweihung-Bienenhotel-vor-dem-Rathaus-2.jpg?fit=225%2C300&#038;ssl=1\" data-large-file=\"https:\/\/i0.wp.com\/unser-quartier.de\/stadt-bergheim\/files\/2022\/11\/Einweihung-Bienenhotel-vor-dem-Rathaus-2.jpg?fit=768%2C1024&#038;ssl=1\" src=\"https:\/\/i0.wp.com\/unser-quartier.de\/stadt-bergheim\/files\/2022\/11\/Einweihung-Bienenhotel-vor-dem-Rathaus-2.jpg?w=381&#038;h=508&#038;ssl=1\" srcset=\"https:\/\/i0.wp.com\/unser-quartier.de\/stadt-bergheim\/files\/2022\/11\/Einweihung-Bienenhotel-vor-dem-Rathaus-2.jpg?w=768&amp;ssl=1 768w, https:\/\/i0.wp.com\/unser-quartier.de\/stadt-bergheim\/files\/2022\/11\/Einweihung-Bienenhotel-vor-dem-Rathaus-2.jpg?resize=225%2C300&amp;ssl=1 225w, https:\/\/i0.wp.com\/unser-quartier.de\/stadt-bergheim\/files\/2022\/11\/Einweihung-Bienenhotel-vor-dem-Rathaus-2.jpg?resize=113%2C150&amp;ssl=1 113w\" width=\"381\" height=\"508\" loading=\"lazy\" data-original-width=\"381\" data-original-height=\"508\" itemprop=\"http:\/\/schema.org\/image\" title=\"Einweihung Bienenhotel vor dem Rathaus 2\" alt=\"Einweihung Bienenhotel vor dem Rathaus 2\" style=\"width: 381px; height: 508px;\" \/> <\/a> <\/div> <\/div> <!-- close group --> <\/div> <!-- close row --> <\/div>\n<p>\u201eDass das Hotel nicht nur einen kleinen Beitrag gegen das Insektensterben leistet, sondern auch<br \/>\nnoch mit Wiedererkennungswert von st\u00e4dtischen Mitarbeitern gebaut wurde, freut mich ganz<br \/>\nbesonders. Jetzt m\u00fcssen nur noch die Insekten einziehen und sich wohlf\u00fchlen\u201c, so B\u00fcrgermeister<br \/>\nVolker Mie\u00dfeler.<\/p>\n<p>Der Betriebshof beabsichtigt, diesen Prototypen als Vorlage f\u00fcr andere Projekte zu reproduzieren<br \/>\nund an verschiedenen Standorten im Bergheimer Stadtgebiet aufzustellen. Das bisherige<br \/>\nInsektenhotel auf der Blumenwiese vor dem Rathaus hat bereits einen neuen Standort in exponierter<br \/>\nLage auf dem Friedhof in Quadrath-Ichendorf gefunden.<\/p>\n<p>\u201eNormalerweise muss ich erst einen Bebauungsplan aufstellen und eine Baugenehmigung erteilen,<br \/>\nbevor ein Hotel er\u00f6ffnen kann, doch hier mache ich sehr gerne eine Ausnahme\u201c, erkl\u00e4rt die<br \/>\nTechnische Beigeordnete Claudia Schwan-Schmitz mit einem Augenzwinkern.<\/p>\n","protected":false},"excerpt":{"rendered":"<p><strong>Der st\u00e4dtische Betriebshof baut ein Insektenhotel in Form des Aachener Tors<\/strong><\/p>\n<p>Dass der Lebensraum und damit verbunden das Nahrungsangebot f\u00fcr Insekten immer weniger wird und dass der Artenschutz in der heutigen Zeit immer wichtiger wird, ist unbestritten. Durch das Anlegen von Bl\u00fch- und Wildwiesen, dem Ans\u00e4en von Fr\u00fchjahrs-Bl\u00fchfl\u00e4chen und dem Pflanzen von Bienenn\u00e4hrgeh\u00f6lzen f\u00f6rdert der &hellip; <\/p>\n<p><a class=\"more-link btn\" href=\"https:\/\/unser-quartier.de\/stadt-bergheim\/2022\/11\/luxus-immobilie-fuer-insekten\/\">Weiterlesen<\/a><\/p>\n","protected":false},"author":133,"featured_media":0,"comment_status":"closed","ping_status":"closed","sticky":false,"template":"","format":"standard","meta":{"_bbp_topic_count":0,"_bbp_reply_count":0,"_bbp_total_topic_count":0,"_bbp_total_reply_count":0,"_bbp_voice_count":0,"_bbp_anonymous_reply_count":0,"_bbp_topic_count_hidden":0,"_bbp_reply_count_hidden":0,"_bbp_forum_subforum_count":0,"jetpack_post_was_ever_published":false,"_jetpack_newsletter_access":"","_jetpack_dont_email_post_to_subs":false,"_jetpack_newsletter_tier_id":0,"_jetpack_memberships_contains_paywalled_content":false,"_jetpack_memberships_contains_paid_content":false,"footnotes":""},"categories":[59],"tags":[],"class_list":["post-33901","post","type-post","status-publish","format-standard","hentry","category-freiwilliges-engagement","item-wrap"],"jetpack_sharing_enabled":true,"jetpack_featured_media_url":"","jetpack_shortlink":"https:\/\/wp.me\/p3vhfJ-8ON","jetpack_likes_enabled":true,"_links":{"self":[{"href":"https:\/\/unser-quartier.de\/stadt-bergheim\/wp-json\/wp\/v2\/posts\/33901","targetHints":{"allow":["GET"]}}],"collection":[{"href":"https:\/\/unser-quartier.de\/stadt-bergheim\/wp-json\/wp\/v2\/posts"}],"about":[{"href":"https:\/\/unser-quartier.de\/stadt-bergheim\/wp-json\/wp\/v2\/types\/post"}],"author":[{"embeddable":true,"href":"https:\/\/unser-quartier.de\/stadt-bergheim\/wp-json\/wp\/v2\/users\/133"}],"replies":[{"embeddable":true,"href":"https:\/\/unser-quartier.de\/stadt-bergheim\/wp-json\/wp\/v2\/comments?post=33901"}],"version-history":[{"count":0,"href":"https:\/\/unser-quartier.de\/stadt-bergheim\/wp-json\/wp\/v2\/posts\/33901\/revisions"}],"wp:attachment":[{"href":"https:\/\/unser-quartier.de\/stadt-bergheim\/wp-json\/wp\/v2\/media?parent=33901"}],"wp:term":[{"taxonomy":"category","embeddable":true,"href":"https:\/\/unser-quartier.de\/stadt-bergheim\/wp-json\/wp\/v2\/categories?post=33901"},{"taxonomy":"post_tag","embeddable":true,"href":"https:\/\/unser-quartier.de\/stadt-bergheim\/wp-json\/wp\/v2\/tags?post=33901"}],"curies":[{"name":"wp","href":"https:\/\/api.w.org\/{rel}","templated":true}]}}