{"id":33937,"date":"2022-11-28T11:39:19","date_gmt":"2022-11-28T10:39:19","guid":{"rendered":"https:\/\/unser-quartier.de\/stadt-bergheim\/?p=33937"},"modified":"2022-11-28T11:39:19","modified_gmt":"2022-11-28T10:39:19","slug":"blumenampeln-in-der-city-weihnachtlich-dekoriert","status":"publish","type":"post","link":"https:\/\/unser-quartier.de\/stadt-bergheim\/2022\/11\/blumenampeln-in-der-city-weihnachtlich-dekoriert\/","title":{"rendered":"Blumenampeln in der City weihnachtlich dekoriert"},"content":{"rendered":"<div id=\"attachment_33938\" style=\"width: 200px\" class=\"wp-caption alignleft\"><img data-recalc-dims=\"1\" loading=\"lazy\" decoding=\"async\" aria-describedby=\"caption-attachment-33938\" data-attachment-id=\"33938\" data-permalink=\"https:\/\/unser-quartier.de\/stadt-bergheim\/2022\/11\/blumenampeln-in-der-city-weihnachtlich-dekoriert\/blumenampel\/\" data-orig-file=\"https:\/\/i0.wp.com\/unser-quartier.de\/stadt-bergheim\/files\/2022\/11\/blumenampel.png?fit=200%2C200&amp;ssl=1\" data-orig-size=\"200,200\" data-comments-opened=\"0\" data-image-meta=\"{&quot;aperture&quot;:&quot;0&quot;,&quot;credit&quot;:&quot;&quot;,&quot;camera&quot;:&quot;&quot;,&quot;caption&quot;:&quot;&quot;,&quot;created_timestamp&quot;:&quot;0&quot;,&quot;copyright&quot;:&quot;&quot;,&quot;focal_length&quot;:&quot;0&quot;,&quot;iso&quot;:&quot;0&quot;,&quot;shutter_speed&quot;:&quot;0&quot;,&quot;title&quot;:&quot;&quot;,&quot;orientation&quot;:&quot;0&quot;}\" data-image-title=\"blumenampel\" data-image-description=\"\" data-image-caption=\"\" data-medium-file=\"https:\/\/i0.wp.com\/unser-quartier.de\/stadt-bergheim\/files\/2022\/11\/blumenampel.png?fit=200%2C200&amp;ssl=1\" data-large-file=\"https:\/\/i0.wp.com\/unser-quartier.de\/stadt-bergheim\/files\/2022\/11\/blumenampel.png?fit=200%2C200&amp;ssl=1\" class=\"wp-image-33938 size-full\" src=\"https:\/\/i0.wp.com\/unser-quartier.de\/stadt-bergheim\/files\/2022\/11\/blumenampel.png?resize=200%2C200&#038;ssl=1\" alt=\"\" width=\"200\" height=\"200\" srcset=\"https:\/\/i0.wp.com\/unser-quartier.de\/stadt-bergheim\/files\/2022\/11\/blumenampel.png?w=200&amp;ssl=1 200w, https:\/\/i0.wp.com\/unser-quartier.de\/stadt-bergheim\/files\/2022\/11\/blumenampel.png?resize=150%2C150&amp;ssl=1 150w\" sizes=\"auto, (max-width: 200px) 100vw, 200px\" \/><p id=\"caption-attachment-33938\" class=\"wp-caption-text\">Foto: Kreisstadt Bergheim<\/p><\/div>\n<p><span id=\"page3R_mcid2\" class=\"markedContent\"><span dir=\"ltr\" role=\"presentation\"><span id=\"page3R_mcid8\" class=\"markedContent\"><\/span>Es<\/span> <span dir=\"ltr\" role=\"presentation\">weihnachtet<\/span> <span dir=\"ltr\" role=\"presentation\">schon<\/span> <span dir=\"ltr\" role=\"presentation\">\u00fcberall.<\/span> <span dir=\"ltr\" role=\"presentation\">Kurz<\/span> <span dir=\"ltr\" role=\"presentation\">vor<\/span> <span dir=\"ltr\" role=\"presentation\">dem<\/span> <span dir=\"ltr\" role=\"presentation\">1.<\/span> <span dir=\"ltr\" role=\"presentation\">Advent<\/span> <span dir=\"ltr\" role=\"presentation\">wurde<\/span> <span dir=\"ltr\" role=\"presentation\">i<\/span><span dir=\"ltr\" role=\"presentation\">n<\/span> <span dir=\"ltr\" role=\"presentation\">der<\/span> <span dir=\"ltr\" role=\"presentation\">Bergheimer<\/span> <span dir=\"ltr\" role=\"presentation\">City<\/span> <span dir=\"ltr\" role=\"presentation\">die <\/span><span dir=\"ltr\" role=\"presentation\">Sommerbepflanzung ersetzt und weihnachtlich geschm\u00fcckt. <\/span><\/span><\/p>\n<p><span id=\"page3R_mcid3\" class=\"markedContent\"><\/span><span id=\"page3R_mcid4\" class=\"markedContent\"><\/span><span id=\"page3R_mcid4\" class=\"markedContent\"><span dir=\"ltr\" role=\"presentation\">Ziel<\/span> <span dir=\"ltr\" role=\"presentation\">der Kreisstadt Bergheim ist in diesem Jahr<\/span><span dir=\"ltr\" role=\"presentation\">, die City m\u00f6gl<\/span><span dir=\"ltr\" role=\"presentation\">ichst energies<\/span><span dir=\"ltr\" role=\"presentation\">parend zu schm\u00fccken. <\/span><span dir=\"ltr\" role=\"presentation\">Neben einer energiesparend eingesetzten Weihnachtsbeleucht<\/span><span dir=\"ltr\" role=\"presentation\">ung, die ausschlie\u00dflich mit LED<\/span><span dir=\"ltr\" role=\"presentation\">&#8211;<\/span><span dir=\"ltr\" role=\"presentation\">Lampen<\/span><br role=\"presentation\" \/><span dir=\"ltr\" role=\"presentation\">best\u00fcckt ist<\/span> <span dir=\"ltr\" role=\"presentation\">und nur in der Zeit von 17 bis 22 Uhr leuchtet, sind die Blumenampeln<\/span> <span dir=\"ltr\" role=\"presentation\">ohne Beleuchtung <\/span><span dir=\"ltr\" role=\"presentation\">deko<\/span><span dir=\"ltr\" role=\"presentation\">riert<\/span><span dir=\"ltr\" role=\"presentation\">.<\/span> <span dir=\"ltr\" role=\"presentation\">I<\/span><span dir=\"ltr\" role=\"presentation\">n<\/span> <span dir=\"ltr\" role=\"presentation\">Kooperatio<\/span><span dir=\"ltr\" role=\"presentation\">n<\/span> <span dir=\"ltr\" role=\"presentation\">mit<\/span> <span dir=\"ltr\" role=\"presentation\">dem<\/span> <span dir=\"ltr\" role=\"presentation\">ASH<\/span><span dir=\"ltr\" role=\"presentation\">&#8211;<\/span><span dir=\"ltr\" role=\"presentation\">Sprungbrett<\/span> <span dir=\"ltr\" role=\"presentation\">sind<\/span> <span dir=\"ltr\" role=\"presentation\">50<\/span> <span dir=\"ltr\" role=\"presentation\">dunkelrote<\/span> <span dir=\"ltr\" role=\"presentation\">Weihnachtsschleifen<\/span><br role=\"presentation\" \/><span dir=\"ltr\" role=\"presentation\">hergestellt worden.<\/span><\/span><\/p>\n<p><span id=\"page3R_mcid4\" class=\"markedContent\"> <\/span><span id=\"page3R_mcid5\" class=\"markedContent\"><\/span><span id=\"page3R_mcid6\" class=\"markedContent\"><span dir=\"ltr\" role=\"presentation\">Die<\/span> <span dir=\"ltr\" role=\"presentation\">Ma\u00dfnahme<\/span> <span dir=\"ltr\" role=\"presentation\">F.i.T.<\/span> <span dir=\"ltr\" role=\"presentation\">von<\/span> <span dir=\"ltr\" role=\"presentation\">ASH<\/span><span dir=\"ltr\" role=\"presentation\">&#8211;<\/span><span dir=\"ltr\" role=\"presentation\">Sprungbrett<\/span> <span dir=\"ltr\" role=\"presentation\">e.V.<\/span> <span dir=\"ltr\" role=\"presentation\">f\u00f6rdert<\/span> <span dir=\"ltr\" role=\"presentation\">insbesondere<\/span> <span dir=\"ltr\" role=\"presentation\">Menschen,<\/span> <span dir=\"ltr\" role=\"presentation\">die<\/span> <span dir=\"ltr\" role=\"presentation\">als <\/span><span dir=\"ltr\" role=\"presentation\">Alleinerzi<\/span><span dir=\"ltr\" role=\"presentation\">ehende und aus anderen Gr\u00fcnden<\/span> <span dir=\"ltr\" role=\"presentation\">nur in<\/span> <span dir=\"ltr\" role=\"presentation\">Teilzeit arbeiten k\u00f6nnen. Diese werde<\/span><span dir=\"ltr\" role=\"presentation\">n fachlich<\/span><br role=\"presentation\" \/><span dir=\"ltr\" role=\"presentation\">angeleitet und begleitet im Bereich<\/span> <span dir=\"ltr\" role=\"presentation\">der<\/span> <span dir=\"ltr\" role=\"presentation\">Textilverarbeitung und Handarbeit. Dabei sind schon viele<\/span><br role=\"presentation\" \/><span dir=\"ltr\" role=\"presentation\">Tagesdecken, Webteppiche, Kissen, Taschen und Beutel hergestellt worden, die an gemeinn\u00fctzige<\/span><br role=\"presentation\" \/><span dir=\"ltr\" role=\"presentation\">Vereine verschenkt werden.<\/span><\/span><span id=\"page3R_mcid7\" class=\"markedContent\"><\/span><span id=\"page3R_mcid8\" class=\"markedContent\"><br \/>\n<br role=\"presentation\" \/><span dir=\"ltr\" role=\"presentation\">Die<\/span> <span dir=\"ltr\" role=\"presentation\">Arbeits<\/span><span dir=\"ltr\" role=\"presentation\">&#8211;<\/span> <span dir=\"ltr\" role=\"presentation\">und Integrations<\/span><span dir=\"ltr\" role=\"presentation\">begleiter*innen von<\/span> <span dir=\"ltr\" role=\"presentation\">ASH<\/span><span dir=\"ltr\" role=\"presentation\">&#8211;<\/span><span dir=\"ltr\" role=\"presentation\">Sprungbrett<\/span> <span dir=\"ltr\" role=\"presentation\">e.V.<\/span> <span dir=\"ltr\" role=\"presentation\">bieten<\/span> <span dir=\"ltr\" role=\"presentation\">mit<\/span> <span dir=\"ltr\" role=\"presentation\">dem<\/span> <span dir=\"ltr\" role=\"presentation\">Projekt<\/span><br role=\"presentation\" \/><span dir=\"ltr\" role=\"presentation\">Menschen<\/span> <span dir=\"ltr\" role=\"presentation\">die<\/span> <span dir=\"ltr\" role=\"presentation\">M\u00f6glichkeit,<\/span> <span dir=\"ltr\" role=\"presentation\">ihre<\/span> <span dir=\"ltr\" role=\"presentation\">praktischen<\/span> <span dir=\"ltr\" role=\"presentation\">F\u00e4higkeiten<\/span> <span dir=\"ltr\" role=\"presentation\">zu<\/span> <span dir=\"ltr\" role=\"presentation\">trainieren<\/span> <span dir=\"ltr\" role=\"presentation\">und<\/span> <span dir=\"ltr\" role=\"presentation\">sich<\/span> <span dir=\"ltr\" role=\"presentation\">neue<\/span><br role=\"presentation\" \/><span dir=\"ltr\" role=\"presentation\">Schl\u00fcsselqual<\/span><span dir=\"ltr\" role=\"presentation\">ifikationen und Fertigkeiten anzu<\/span><span dir=\"ltr\" role=\"presentation\">eig<\/span><span dir=\"ltr\" role=\"presentation\">n<\/span><span dir=\"ltr\" role=\"presentation\">en.<\/span> <span dir=\"ltr\" role=\"presentation\">\u201eEs ist sc<\/span><span dir=\"ltr\" role=\"presentation\">h\u00f6n, dass wir<\/span> <span dir=\"ltr\" role=\"presentation\">mit<\/span> <span dir=\"ltr\" role=\"presentation\">den S<\/span><span dir=\"ltr\" role=\"presentation\">chleifen einen<\/span><br role=\"presentation\" \/><span dir=\"ltr\" role=\"presentation\">posit<\/span><span dir=\"ltr\" role=\"presentation\">iven Beitrag zur weihnachtlichen Versch\u00f6nerung der Bergheimer Inne<\/span><span dir=\"ltr\" role=\"presentation\">nstadt leisten konnten,\u201c so<\/span><br role=\"presentation\" \/><span dir=\"ltr\" role=\"presentation\">Mark<\/span><span dir=\"ltr\" role=\"presentation\">us Weber, Projektkoordinator<\/span> <span dir=\"ltr\" role=\"presentation\">bei<\/span> <span dir=\"ltr\" role=\"presentation\">ASH Sprungbrett.<\/span><\/span><\/p>\n","protected":false},"excerpt":{"rendered":"<p>Es weihnachtet schon \u00fcberall. Kurz vor dem 1. Advent wurde in der Bergheimer City die Sommerbepflanzung ersetzt und weihnachtlich geschm\u00fcckt. <\/p>\n<p>Ziel der Kreisstadt Bergheim ist in diesem Jahr, die City m\u00f6glichst energiesparend zu schm\u00fccken. Neben einer energiesparend eingesetzten Weihnachtsbeleuchtung, die ausschlie\u00dflich mit LED&#8211;Lampenbest\u00fcckt ist und nur in der Zeit von 17 bis 22 Uhr &hellip; <\/p>\n<p><a class=\"more-link btn\" href=\"https:\/\/unser-quartier.de\/stadt-bergheim\/2022\/11\/blumenampeln-in-der-city-weihnachtlich-dekoriert\/\">Weiterlesen<\/a><\/p>\n","protected":false},"author":133,"featured_media":0,"comment_status":"closed","ping_status":"closed","sticky":false,"template":"","format":"standard","meta":{"_bbp_topic_count":0,"_bbp_reply_count":0,"_bbp_total_topic_count":0,"_bbp_total_reply_count":0,"_bbp_voice_count":0,"_bbp_anonymous_reply_count":0,"_bbp_topic_count_hidden":0,"_bbp_reply_count_hidden":0,"_bbp_forum_subforum_count":0,"jetpack_post_was_ever_published":false,"_jetpack_newsletter_access":"","_jetpack_dont_email_post_to_subs":false,"_jetpack_newsletter_tier_id":0,"_jetpack_memberships_contains_paywalled_content":false,"_jetpack_memberships_contains_paid_content":false,"footnotes":""},"categories":[59],"tags":[],"class_list":["post-33937","post","type-post","status-publish","format-standard","hentry","category-freiwilliges-engagement","item-wrap"],"jetpack_sharing_enabled":true,"jetpack_featured_media_url":"","jetpack_shortlink":"https:\/\/wp.me\/p3vhfJ-8Pn","jetpack_likes_enabled":true,"_links":{"self":[{"href":"https:\/\/unser-quartier.de\/stadt-bergheim\/wp-json\/wp\/v2\/posts\/33937","targetHints":{"allow":["GET"]}}],"collection":[{"href":"https:\/\/unser-quartier.de\/stadt-bergheim\/wp-json\/wp\/v2\/posts"}],"about":[{"href":"https:\/\/unser-quartier.de\/stadt-bergheim\/wp-json\/wp\/v2\/types\/post"}],"author":[{"embeddable":true,"href":"https:\/\/unser-quartier.de\/stadt-bergheim\/wp-json\/wp\/v2\/users\/133"}],"replies":[{"embeddable":true,"href":"https:\/\/unser-quartier.de\/stadt-bergheim\/wp-json\/wp\/v2\/comments?post=33937"}],"version-history":[{"count":1,"href":"https:\/\/unser-quartier.de\/stadt-bergheim\/wp-json\/wp\/v2\/posts\/33937\/revisions"}],"predecessor-version":[{"id":33939,"href":"https:\/\/unser-quartier.de\/stadt-bergheim\/wp-json\/wp\/v2\/posts\/33937\/revisions\/33939"}],"wp:attachment":[{"href":"https:\/\/unser-quartier.de\/stadt-bergheim\/wp-json\/wp\/v2\/media?parent=33937"}],"wp:term":[{"taxonomy":"category","embeddable":true,"href":"https:\/\/unser-quartier.de\/stadt-bergheim\/wp-json\/wp\/v2\/categories?post=33937"},{"taxonomy":"post_tag","embeddable":true,"href":"https:\/\/unser-quartier.de\/stadt-bergheim\/wp-json\/wp\/v2\/tags?post=33937"}],"curies":[{"name":"wp","href":"https:\/\/api.w.org\/{rel}","templated":true}]}}