{"id":33956,"date":"2022-12-16T14:34:23","date_gmt":"2022-12-16T13:34:23","guid":{"rendered":"https:\/\/unser-quartier.de\/stadt-bergheim\/?p=33956"},"modified":"2022-12-16T14:34:23","modified_gmt":"2022-12-16T13:34:23","slug":"es-weihnachtet-im-winterwaeldchen","status":"publish","type":"post","link":"https:\/\/unser-quartier.de\/stadt-bergheim\/2022\/12\/es-weihnachtet-im-winterwaeldchen\/","title":{"rendered":"Es weihnachtet im Winterw\u00e4ldchen"},"content":{"rendered":"<p><span dir=\"ltr\" role=\"presentation\"><img data-recalc-dims=\"1\" loading=\"lazy\" decoding=\"async\" data-attachment-id=\"33957\" data-permalink=\"https:\/\/unser-quartier.de\/stadt-bergheim\/2022\/12\/es-weihnachtet-im-winterwaeldchen\/319611879_919948602307876_5218055507604311100_n\/\" data-orig-file=\"https:\/\/i0.wp.com\/unser-quartier.de\/stadt-bergheim\/files\/2022\/12\/319611879_919948602307876_5218055507604311100_n.jpg?fit=1024%2C395&amp;ssl=1\" data-orig-size=\"1024,395\" data-comments-opened=\"0\" data-image-meta=\"{&quot;aperture&quot;:&quot;0&quot;,&quot;credit&quot;:&quot;&quot;,&quot;camera&quot;:&quot;&quot;,&quot;caption&quot;:&quot;&quot;,&quot;created_timestamp&quot;:&quot;0&quot;,&quot;copyright&quot;:&quot;&quot;,&quot;focal_length&quot;:&quot;0&quot;,&quot;iso&quot;:&quot;0&quot;,&quot;shutter_speed&quot;:&quot;0&quot;,&quot;title&quot;:&quot;&quot;,&quot;orientation&quot;:&quot;0&quot;}\" data-image-title=\"319611879_919948602307876_5218055507604311100_n\" data-image-description=\"\" data-image-caption=\"\" data-medium-file=\"https:\/\/i0.wp.com\/unser-quartier.de\/stadt-bergheim\/files\/2022\/12\/319611879_919948602307876_5218055507604311100_n.jpg?fit=300%2C116&amp;ssl=1\" data-large-file=\"https:\/\/i0.wp.com\/unser-quartier.de\/stadt-bergheim\/files\/2022\/12\/319611879_919948602307876_5218055507604311100_n.jpg?fit=770%2C297&amp;ssl=1\" class=\"alignnone size-medium wp-image-33957\" src=\"https:\/\/i0.wp.com\/unser-quartier.de\/stadt-bergheim\/files\/2022\/12\/319611879_919948602307876_5218055507604311100_n.jpg?resize=300%2C116&#038;ssl=1\" alt=\"\" width=\"300\" height=\"116\" srcset=\"https:\/\/i0.wp.com\/unser-quartier.de\/stadt-bergheim\/files\/2022\/12\/319611879_919948602307876_5218055507604311100_n.jpg?resize=300%2C116&amp;ssl=1 300w, https:\/\/i0.wp.com\/unser-quartier.de\/stadt-bergheim\/files\/2022\/12\/319611879_919948602307876_5218055507604311100_n.jpg?resize=150%2C58&amp;ssl=1 150w, https:\/\/i0.wp.com\/unser-quartier.de\/stadt-bergheim\/files\/2022\/12\/319611879_919948602307876_5218055507604311100_n.jpg?resize=768%2C296&amp;ssl=1 768w, https:\/\/i0.wp.com\/unser-quartier.de\/stadt-bergheim\/files\/2022\/12\/319611879_919948602307876_5218055507604311100_n.jpg?resize=770%2C297&amp;ssl=1 770w, https:\/\/i0.wp.com\/unser-quartier.de\/stadt-bergheim\/files\/2022\/12\/319611879_919948602307876_5218055507604311100_n.jpg?w=1024&amp;ssl=1 1024w\" sizes=\"auto, (max-width: 300px) 100vw, 300px\" \/><\/span><\/p>\n<p><span dir=\"ltr\" role=\"presentation\">In diesem Jahr findet am letzten Adventwochenende in Bergheim vom 16. bis 18. Dezember wieder der<\/span><br role=\"presentation\" \/><span dir=\"ltr\" role=\"presentation\">Weihnachtsmarkt im Winterw\u00e4ldchen (dem ehemaligen Verkehrskindergarten vor dem Aachener Tor)<\/span><br role=\"presentation\" \/><span dir=\"ltr\" role=\"presentation\">statt.<\/span> <span dir=\"ltr\" role=\"presentation\">Sascha<\/span> <span dir=\"ltr\" role=\"presentation\">Claus<\/span> <span dir=\"ltr\" role=\"presentation\">hat<\/span> <span dir=\"ltr\" role=\"presentation\">den<\/span> <span dir=\"ltr\" role=\"presentation\">Markt<\/span> <span dir=\"ltr\" role=\"presentation\">mit<\/span> <span dir=\"ltr\" role=\"presentation\">Unterst\u00fctzung<\/span> <span dir=\"ltr\" role=\"presentation\">des<\/span> <span dir=\"ltr\" role=\"presentation\">st\u00e4dtischen<\/span> <span dir=\"ltr\" role=\"presentation\">Citymanagements<\/span> <span dir=\"ltr\" role=\"presentation\">&amp;<\/span><br role=\"presentation\" \/><span dir=\"ltr\" role=\"presentation\">Stadtmarketings organisiert. <\/span><span dir=\"ltr\" role=\"presentation\">B\u00fcrgermeister Volker Mie\u00dfeler wird den Markt am Freitag, den 16.12.2022 um 18 Uhr er\u00f6ffnen: \u201cHier <\/span><span dir=\"ltr\" role=\"presentation\">im Winterw\u00e4ldchen mit dem Blick auf unser Bergheimer Wahrzeichen herrscht immer eine ganz <\/span><span dir=\"ltr\" role=\"presentation\">besonders stimmungsvolle Atmosph\u00e4re. Ich freue mich, dass f\u00fcr den Weihnachtsmarkt so zahlreiche <\/span><span dir=\"ltr\" role=\"presentation\">Aussteller gewonnen werden konnten, die die kleinen und gro\u00dfen Besucherinnen und Besucher an <\/span><span dir=\"ltr\" role=\"presentation\">diesem Wochenende weihnachtlich verzaubern werden\u201c.<\/span><\/p>\n<p><span dir=\"ltr\" role=\"presentation\">Mehr<\/span> <span dir=\"ltr\" role=\"presentation\">als<\/span> <span dir=\"ltr\" role=\"presentation\">30<\/span> <span dir=\"ltr\" role=\"presentation\">Ausstellerinnen<\/span> <span dir=\"ltr\" role=\"presentation\">und<\/span> <span dir=\"ltr\" role=\"presentation\">Aussteller<\/span> <span dir=\"ltr\" role=\"presentation\">bieten<\/span> <span dir=\"ltr\" role=\"presentation\">S\u00fc\u00dfigkeiten,<\/span> <span dir=\"ltr\" role=\"presentation\">Kunsthandwerk<\/span> <span dir=\"ltr\" role=\"presentation\">und<\/span> <span dir=\"ltr\" role=\"presentation\">zahlreiche<\/span><br role=\"presentation\" \/><span dir=\"ltr\" role=\"presentation\">kulinarische<\/span> <span dir=\"ltr\" role=\"presentation\">K\u00f6stlichkeiten<\/span> <span dir=\"ltr\" role=\"presentation\">an.<\/span> <span dir=\"ltr\" role=\"presentation\">Ein<\/span> <span dir=\"ltr\" role=\"presentation\">Karussell<\/span> <span dir=\"ltr\" role=\"presentation\">und<\/span> <span dir=\"ltr\" role=\"presentation\">weitere<\/span> <span dir=\"ltr\" role=\"presentation\">Attraktionen<\/span> <span dir=\"ltr\" role=\"presentation\">f\u00fcr<\/span> <span dir=\"ltr\" role=\"presentation\">Kinder<\/span> <span dir=\"ltr\" role=\"presentation\">sorgen<\/span> <span dir=\"ltr\" role=\"presentation\">f\u00fcr<\/span><br role=\"presentation\" \/><span dir=\"ltr\" role=\"presentation\">Unterhaltung. Am Eingang begr\u00fc\u00dft ein 8 Meter hoher Weihnachtsmann das Publikum. Erstmalig<\/span><br role=\"presentation\" \/><span dir=\"ltr\" role=\"presentation\">pr\u00e4sentiert eine Hundestaffel die Arbeit der Vierbeiner. An einigen St\u00e4nden k\u00f6nnen individuelle<\/span><br role=\"presentation\" \/><span dir=\"ltr\" role=\"presentation\">Weihnachtsgeschenke<\/span> <span dir=\"ltr\" role=\"presentation\">vor<\/span> <span dir=\"ltr\" role=\"presentation\">Ort<\/span> <span dir=\"ltr\" role=\"presentation\">gestaltet<\/span> <span dir=\"ltr\" role=\"presentation\">werden.<\/span> <span dir=\"ltr\" role=\"presentation\">Der<\/span> <span dir=\"ltr\" role=\"presentation\">Weihnachtsmann<\/span> <span dir=\"ltr\" role=\"presentation\">kommt<\/span> <span dir=\"ltr\" role=\"presentation\">t\u00e4glich<\/span> <span dir=\"ltr\" role=\"presentation\">ins<\/span><br role=\"presentation\" \/><span dir=\"ltr\" role=\"presentation\">Winterw\u00e4ldchen, um mit den Kindern Fotos zu machen.<\/span><\/p>\n<p><span dir=\"ltr\" role=\"presentation\">Das Gel\u00e4nde vor dem Aachener Tor wird wieder aufwendig und stimmungsvoll dekoriert und l\u00e4dt<\/span><br role=\"presentation\" \/><span dir=\"ltr\" role=\"presentation\">insbesondere in den Abendstunden zum Verweilen ein. Bei schlechtem Wetter gibt es zahlreiche<\/span><br role=\"presentation\" \/><span dir=\"ltr\" role=\"presentation\">Unterstellm\u00f6glichkeiten.<\/span> <span dir=\"ltr\" role=\"presentation\">Ein<\/span> <span dir=\"ltr\" role=\"presentation\">Drehorgelspieler<\/span> <span dir=\"ltr\" role=\"presentation\">sorgt<\/span> <span dir=\"ltr\" role=\"presentation\">am<\/span> <span dir=\"ltr\" role=\"presentation\">Aachener<\/span> <span dir=\"ltr\" role=\"presentation\">Tor<\/span> <span dir=\"ltr\" role=\"presentation\">an<\/span> <span dir=\"ltr\" role=\"presentation\">den<\/span> <span dir=\"ltr\" role=\"presentation\">drei<\/span> <span dir=\"ltr\" role=\"presentation\">Tagen<\/span> <span dir=\"ltr\" role=\"presentation\">f\u00fcr<\/span><br role=\"presentation\" \/><span dir=\"ltr\" role=\"presentation\">weihnachtliche Stimmung, die bis in die Fu\u00dfg\u00e4ngerzone zu h\u00f6ren ist. Auf der B\u00fchne werden Jolina<\/span><br role=\"presentation\" \/><span dir=\"ltr\" role=\"presentation\">Carl, Rosita, die K\u00f6lsche Nachtigall, Thomas Junggeburth, Friends of Music Oberau\u00dfem und die<\/span><br role=\"presentation\" \/><span dir=\"ltr\" role=\"presentation\">Musikschule La M\u00fasica zu sehen und zu h\u00f6ren sein.<\/span><\/p>\n<p><span dir=\"ltr\" role=\"presentation\"><strong>Der Weihnachtsmarkt ist ge\u00f6ffnet:<\/strong><br \/>\n<\/span><br role=\"presentation\" \/><span dir=\"ltr\" role=\"presentation\">Freitag, 16.12.<\/span> 2022 <span dir=\"ltr\" role=\"presentation\">von 13 bis 22 Uhr<\/span><br role=\"presentation\" \/><span dir=\"ltr\" role=\"presentation\">Samstag 17.12.<\/span>2022 <span dir=\"ltr\" role=\"presentation\">von 11 bis 22 Uhr<\/span><br role=\"presentation\" \/><span dir=\"ltr\" role=\"presentation\">Sonntag 18.12.<\/span> 2022 <span dir=\"ltr\" role=\"presentation\">von 11 bis 20 Uhr<\/span><\/p>\n","protected":false},"excerpt":{"rendered":"<\/p>\n<p>In diesem Jahr findet am letzten Adventwochenende in Bergheim vom 16. bis 18. Dezember wieder derWeihnachtsmarkt im Winterw\u00e4ldchen (dem ehemaligen Verkehrskindergarten vor dem Aachener Tor)statt. Sascha Claus hat den Markt mit Unterst\u00fctzung des st\u00e4dtischen Citymanagements &amp;Stadtmarketings organisiert. B\u00fcrgermeister Volker Mie\u00dfeler wird den Markt am Freitag, den 16.12.2022 um 18 Uhr er\u00f6ffnen: \u201cHier im Winterw\u00e4ldchen &hellip; <\/p>\n<p><a class=\"more-link btn\" href=\"https:\/\/unser-quartier.de\/stadt-bergheim\/2022\/12\/es-weihnachtet-im-winterwaeldchen\/\">Weiterlesen<\/a><\/p>\n","protected":false},"author":133,"featured_media":0,"comment_status":"closed","ping_status":"closed","sticky":false,"template":"","format":"standard","meta":{"_bbp_topic_count":0,"_bbp_reply_count":0,"_bbp_total_topic_count":0,"_bbp_total_reply_count":0,"_bbp_voice_count":0,"_bbp_anonymous_reply_count":0,"_bbp_topic_count_hidden":0,"_bbp_reply_count_hidden":0,"_bbp_forum_subforum_count":0,"jetpack_post_was_ever_published":false,"_jetpack_newsletter_access":"","_jetpack_dont_email_post_to_subs":false,"_jetpack_newsletter_tier_id":0,"_jetpack_memberships_contains_paywalled_content":false,"_jetpack_memberships_contains_paid_content":false,"footnotes":""},"categories":[71],"tags":[],"class_list":["post-33956","post","type-post","status-publish","format-standard","hentry","category-freizeit","item-wrap"],"jetpack_sharing_enabled":true,"jetpack_featured_media_url":"","jetpack_shortlink":"https:\/\/wp.me\/p3vhfJ-8PG","jetpack_likes_enabled":true,"_links":{"self":[{"href":"https:\/\/unser-quartier.de\/stadt-bergheim\/wp-json\/wp\/v2\/posts\/33956","targetHints":{"allow":["GET"]}}],"collection":[{"href":"https:\/\/unser-quartier.de\/stadt-bergheim\/wp-json\/wp\/v2\/posts"}],"about":[{"href":"https:\/\/unser-quartier.de\/stadt-bergheim\/wp-json\/wp\/v2\/types\/post"}],"author":[{"embeddable":true,"href":"https:\/\/unser-quartier.de\/stadt-bergheim\/wp-json\/wp\/v2\/users\/133"}],"replies":[{"embeddable":true,"href":"https:\/\/unser-quartier.de\/stadt-bergheim\/wp-json\/wp\/v2\/comments?post=33956"}],"version-history":[{"count":1,"href":"https:\/\/unser-quartier.de\/stadt-bergheim\/wp-json\/wp\/v2\/posts\/33956\/revisions"}],"predecessor-version":[{"id":33958,"href":"https:\/\/unser-quartier.de\/stadt-bergheim\/wp-json\/wp\/v2\/posts\/33956\/revisions\/33958"}],"wp:attachment":[{"href":"https:\/\/unser-quartier.de\/stadt-bergheim\/wp-json\/wp\/v2\/media?parent=33956"}],"wp:term":[{"taxonomy":"category","embeddable":true,"href":"https:\/\/unser-quartier.de\/stadt-bergheim\/wp-json\/wp\/v2\/categories?post=33956"},{"taxonomy":"post_tag","embeddable":true,"href":"https:\/\/unser-quartier.de\/stadt-bergheim\/wp-json\/wp\/v2\/tags?post=33956"}],"curies":[{"name":"wp","href":"https:\/\/api.w.org\/{rel}","templated":true}]}}