{"id":34173,"date":"2023-07-14T11:36:18","date_gmt":"2023-07-14T09:36:18","guid":{"rendered":"https:\/\/unser-quartier.de\/stadt-bergheim\/?p=34173"},"modified":"2023-07-14T11:36:18","modified_gmt":"2023-07-14T09:36:18","slug":"ag-selbsthilfegruppen-mit-neuem-vorstand","status":"publish","type":"post","link":"https:\/\/unser-quartier.de\/stadt-bergheim\/2023\/07\/ag-selbsthilfegruppen-mit-neuem-vorstand\/","title":{"rendered":"AG Selbsthilfegruppen mit neuem Vorstand"},"content":{"rendered":"<div id=\"attachment_34174\" style=\"width: 300px\" class=\"wp-caption alignleft\"><img data-recalc-dims=\"1\" loading=\"lazy\" decoding=\"async\" aria-describedby=\"caption-attachment-34174\" data-attachment-id=\"34174\" data-permalink=\"https:\/\/unser-quartier.de\/stadt-bergheim\/2023\/07\/ag-selbsthilfegruppen-mit-neuem-vorstand\/vorstand\/\" data-orig-file=\"https:\/\/i0.wp.com\/unser-quartier.de\/stadt-bergheim\/files\/2023\/07\/vorstand.jpg?fit=1024%2C768&amp;ssl=1\" data-orig-size=\"1024,768\" data-comments-opened=\"0\" data-image-meta=\"{&quot;aperture&quot;:&quot;1.73&quot;,&quot;credit&quot;:&quot;&quot;,&quot;camera&quot;:&quot;Pixel 6a&quot;,&quot;caption&quot;:&quot;&quot;,&quot;created_timestamp&quot;:&quot;1688411109&quot;,&quot;copyright&quot;:&quot;&quot;,&quot;focal_length&quot;:&quot;4.38&quot;,&quot;iso&quot;:&quot;324&quot;,&quot;shutter_speed&quot;:&quot;0.010006&quot;,&quot;title&quot;:&quot;&quot;,&quot;orientation&quot;:&quot;1&quot;}\" data-image-title=\"vorstand\" data-image-description=\"\" data-image-caption=\"\" data-medium-file=\"https:\/\/i0.wp.com\/unser-quartier.de\/stadt-bergheim\/files\/2023\/07\/vorstand.jpg?fit=300%2C225&amp;ssl=1\" data-large-file=\"https:\/\/i0.wp.com\/unser-quartier.de\/stadt-bergheim\/files\/2023\/07\/vorstand.jpg?fit=770%2C578&amp;ssl=1\" class=\"wp-image-34174 size-medium\" src=\"https:\/\/i0.wp.com\/unser-quartier.de\/stadt-bergheim\/files\/2023\/07\/vorstand.jpg?resize=300%2C225&#038;ssl=1\" alt=\"\" width=\"300\" height=\"225\" srcset=\"https:\/\/i0.wp.com\/unser-quartier.de\/stadt-bergheim\/files\/2023\/07\/vorstand.jpg?resize=300%2C225&amp;ssl=1 300w, https:\/\/i0.wp.com\/unser-quartier.de\/stadt-bergheim\/files\/2023\/07\/vorstand.jpg?resize=150%2C113&amp;ssl=1 150w, https:\/\/i0.wp.com\/unser-quartier.de\/stadt-bergheim\/files\/2023\/07\/vorstand.jpg?resize=768%2C576&amp;ssl=1 768w, https:\/\/i0.wp.com\/unser-quartier.de\/stadt-bergheim\/files\/2023\/07\/vorstand.jpg?resize=770%2C578&amp;ssl=1 770w, https:\/\/i0.wp.com\/unser-quartier.de\/stadt-bergheim\/files\/2023\/07\/vorstand.jpg?w=1024&amp;ssl=1 1024w\" sizes=\"auto, (max-width: 300px) 100vw, 300px\" \/><p id=\"caption-attachment-34174\" class=\"wp-caption-text\">Das Vorstandsteam der A-SHG (v.l.): Wolfgang Stommel, Dr. Fatma Logemann, Wolfgang Brandt, Andreas Sippel, Roswitha Haas<\/p><\/div>\n<p>Die Arbeitsgemeinschaft der Selbsthilfegruppen im Rhein-Erft Kreis (AH-SHG) hat einen neuen Vorstand: Gew\u00e4hlt wurden der Vorsitzende Wolfgang Brandt mit seinen neuen Stellvertretern Roswitha Haas und Andreas Sippel sowie Dr. Fatma Logemann und Wolfgang Stommel als Beigeordnete. Die langj\u00e4hrige Vorsitzende Ingrid Weiss ist aus Altersgr\u00fcnden ausgeschieden, steht dem Vorstandsteam aber ebenso wie Gabriele Miller-Staudt aus dem parit\u00e4tischen Wohlfahrtsverband als Beraterin weiter zur Verf\u00fcgung.<\/p>\n<p>Bei der Mitgliederversammlung gab sich der Verein, der im Mai sein 20j\u00e4hriges Jubil\u00e4um feierte, au\u00dferdem eine neue Satzung, die die vielf\u00e4ltigen Aufgaben in Zukunft regelt. Die Arbeitsgemeinschaft ist der Ansprechpartner f\u00fcr die rund 100 Selbsthilfegruppen im Rhein-Erft-Kreis und bietet F\u00f6rderm\u00f6glichkeiten, Weiterbildung und Beratung rund um die Vereinsgr\u00fcndung. Als Bindeglied zwischen Ratsuchenden und Selbsthilfegruppen stellt die AG auch den Kontakt her. Die AG SHG mit Sitz im Kreishaus ist in zahlreichen Aussch\u00fcssen aktiv und tritt daf\u00fcr ein, dass die Selbsthilfe mehr Gewicht in der \u00d6ffentlichkeit findet.<\/p>\n<p><strong>Kontakt:<\/strong><br \/>\n<a id=\"wbbid_22\" href=\"mailto:info@ag-shg.de\" data-newtab=\"nt\">info@ag-shg.de<\/a><br \/>\n<a id=\"wbbid_22\" href=\"https:\/\/www.ag-shg.de\" data-newtab=\"nt\">www.ag-shg.de<\/a><\/p>\n","protected":false},"excerpt":{"rendered":"<p>Die Arbeitsgemeinschaft der Selbsthilfegruppen im Rhein-Erft Kreis (AH-SHG) hat einen neuen Vorstand: Gew\u00e4hlt wurden der Vorsitzende Wolfgang Brandt mit seinen neuen Stellvertretern Roswitha Haas und Andreas Sippel sowie Dr. Fatma Logemann und Wolfgang Stommel als Beigeordnete. Die langj\u00e4hrige Vorsitzende Ingrid Weiss ist aus Altersgr\u00fcnden ausgeschieden, steht dem Vorstandsteam aber ebenso wie Gabriele Miller-Staudt aus dem &hellip; <\/p>\n<p><a class=\"more-link btn\" href=\"https:\/\/unser-quartier.de\/stadt-bergheim\/2023\/07\/ag-selbsthilfegruppen-mit-neuem-vorstand\/\">Weiterlesen<\/a><\/p>\n","protected":false},"author":133,"featured_media":0,"comment_status":"closed","ping_status":"closed","sticky":false,"template":"","format":"standard","meta":{"_bbp_topic_count":0,"_bbp_reply_count":0,"_bbp_total_topic_count":0,"_bbp_total_reply_count":0,"_bbp_voice_count":0,"_bbp_anonymous_reply_count":0,"_bbp_topic_count_hidden":0,"_bbp_reply_count_hidden":0,"_bbp_forum_subforum_count":0,"jetpack_post_was_ever_published":false,"_jetpack_newsletter_access":"","_jetpack_dont_email_post_to_subs":false,"_jetpack_newsletter_tier_id":0,"_jetpack_memberships_contains_paywalled_content":false,"_jetpack_memberships_contains_paid_content":false,"footnotes":""},"categories":[59],"tags":[],"class_list":["post-34173","post","type-post","status-publish","format-standard","hentry","category-freiwilliges-engagement","item-wrap"],"jetpack_sharing_enabled":true,"jetpack_featured_media_url":"","jetpack_shortlink":"https:\/\/wp.me\/p3vhfJ-8Tb","jetpack_likes_enabled":true,"_links":{"self":[{"href":"https:\/\/unser-quartier.de\/stadt-bergheim\/wp-json\/wp\/v2\/posts\/34173","targetHints":{"allow":["GET"]}}],"collection":[{"href":"https:\/\/unser-quartier.de\/stadt-bergheim\/wp-json\/wp\/v2\/posts"}],"about":[{"href":"https:\/\/unser-quartier.de\/stadt-bergheim\/wp-json\/wp\/v2\/types\/post"}],"author":[{"embeddable":true,"href":"https:\/\/unser-quartier.de\/stadt-bergheim\/wp-json\/wp\/v2\/users\/133"}],"replies":[{"embeddable":true,"href":"https:\/\/unser-quartier.de\/stadt-bergheim\/wp-json\/wp\/v2\/comments?post=34173"}],"version-history":[{"count":1,"href":"https:\/\/unser-quartier.de\/stadt-bergheim\/wp-json\/wp\/v2\/posts\/34173\/revisions"}],"predecessor-version":[{"id":34175,"href":"https:\/\/unser-quartier.de\/stadt-bergheim\/wp-json\/wp\/v2\/posts\/34173\/revisions\/34175"}],"wp:attachment":[{"href":"https:\/\/unser-quartier.de\/stadt-bergheim\/wp-json\/wp\/v2\/media?parent=34173"}],"wp:term":[{"taxonomy":"category","embeddable":true,"href":"https:\/\/unser-quartier.de\/stadt-bergheim\/wp-json\/wp\/v2\/categories?post=34173"},{"taxonomy":"post_tag","embeddable":true,"href":"https:\/\/unser-quartier.de\/stadt-bergheim\/wp-json\/wp\/v2\/tags?post=34173"}],"curies":[{"name":"wp","href":"https:\/\/api.w.org\/{rel}","templated":true}]}}