{"id":34176,"date":"2023-07-14T11:47:13","date_gmt":"2023-07-14T09:47:13","guid":{"rendered":"https:\/\/unser-quartier.de\/stadt-bergheim\/?p=34176"},"modified":"2023-07-14T11:47:13","modified_gmt":"2023-07-14T09:47:13","slug":"aufhebung-des-hundeverbots-auf-friedhoefen","status":"publish","type":"post","link":"https:\/\/unser-quartier.de\/stadt-bergheim\/2023\/07\/aufhebung-des-hundeverbots-auf-friedhoefen\/","title":{"rendered":"Aufhebung des Hundeverbots auf Friedh\u00f6fen"},"content":{"rendered":"<div id=\"attachment_34177\" style=\"width: 300px\" class=\"wp-caption alignleft\"><img data-recalc-dims=\"1\" loading=\"lazy\" decoding=\"async\" aria-describedby=\"caption-attachment-34177\" data-attachment-id=\"34177\" data-permalink=\"https:\/\/unser-quartier.de\/stadt-bergheim\/2023\/07\/aufhebung-des-hundeverbots-auf-friedhoefen\/dog-g43f4baa15_1280\/\" data-orig-file=\"https:\/\/i0.wp.com\/unser-quartier.de\/stadt-bergheim\/files\/2023\/07\/dog-g43f4baa15_1280.jpg?fit=1024%2C682&amp;ssl=1\" data-orig-size=\"1024,682\" data-comments-opened=\"0\" data-image-meta=\"{&quot;aperture&quot;:&quot;0&quot;,&quot;credit&quot;:&quot;&quot;,&quot;camera&quot;:&quot;&quot;,&quot;caption&quot;:&quot;&quot;,&quot;created_timestamp&quot;:&quot;0&quot;,&quot;copyright&quot;:&quot;&quot;,&quot;focal_length&quot;:&quot;0&quot;,&quot;iso&quot;:&quot;0&quot;,&quot;shutter_speed&quot;:&quot;0&quot;,&quot;title&quot;:&quot;&quot;,&quot;orientation&quot;:&quot;0&quot;}\" data-image-title=\"dog-g43f4baa15_1280\" data-image-description=\"\" data-image-caption=\"\" data-medium-file=\"https:\/\/i0.wp.com\/unser-quartier.de\/stadt-bergheim\/files\/2023\/07\/dog-g43f4baa15_1280.jpg?fit=300%2C200&amp;ssl=1\" data-large-file=\"https:\/\/i0.wp.com\/unser-quartier.de\/stadt-bergheim\/files\/2023\/07\/dog-g43f4baa15_1280.jpg?fit=770%2C513&amp;ssl=1\" class=\"wp-image-34177 size-medium\" src=\"https:\/\/i0.wp.com\/unser-quartier.de\/stadt-bergheim\/files\/2023\/07\/dog-g43f4baa15_1280.jpg?resize=300%2C200&#038;ssl=1\" alt=\"\" width=\"300\" height=\"200\" srcset=\"https:\/\/i0.wp.com\/unser-quartier.de\/stadt-bergheim\/files\/2023\/07\/dog-g43f4baa15_1280.jpg?resize=300%2C200&amp;ssl=1 300w, https:\/\/i0.wp.com\/unser-quartier.de\/stadt-bergheim\/files\/2023\/07\/dog-g43f4baa15_1280.jpg?resize=150%2C100&amp;ssl=1 150w, https:\/\/i0.wp.com\/unser-quartier.de\/stadt-bergheim\/files\/2023\/07\/dog-g43f4baa15_1280.jpg?resize=768%2C512&amp;ssl=1 768w, https:\/\/i0.wp.com\/unser-quartier.de\/stadt-bergheim\/files\/2023\/07\/dog-g43f4baa15_1280.jpg?resize=770%2C513&amp;ssl=1 770w, https:\/\/i0.wp.com\/unser-quartier.de\/stadt-bergheim\/files\/2023\/07\/dog-g43f4baa15_1280.jpg?w=1024&amp;ssl=1 1024w\" sizes=\"auto, (max-width: 300px) 100vw, 300px\" \/><p id=\"caption-attachment-34177\" class=\"wp-caption-text\">Foto: pixabay.de<\/p><\/div>\n<p>Im Zuge der 3. \u00c4nderung der Friedhofssatzung vom 03.07.2023, welche ab dem 11.07.2023 in<br \/>\nKraft getreten ist, wurde unter anderem das Hundeverbot auf allen st\u00e4dtischen Friedh\u00f6fen der Kreisstadt Bergheim aufgehoben. Der Rat der Kreisstadt Bergheim hatte die \u00c4nderung der Satzung in seiner Sitzung am 19.06.2023 beschlossen. Demnach ist das Mitf\u00fchren von Hunden beim Friedhofsbesuch in Bergheim ab sofort erlaubt. Zuvor galt lediglich eine Ausnahmeregelung f\u00fcr Blinden- und Assistenzhunde, zum Beispiel f\u00fcr Schwerbehindertenbegleithunde.<\/p>\n<p>Die Kreisstadt Bergheim weist jedoch darauf hin, dass die Tiere an einer Leine mit maximal zwei<br \/>\nMetern L\u00e4nge zu f\u00fchren sind und bittet alle Hundehalter beim Besuch eines Friedhofs dessen<br \/>\nbesonderen Charakter zu ber\u00fccksichtigen und darauf zu achten, dass andere Besucherinnen und<br \/>\nBesucher sich nicht durch die Anwesenheit des Vierbeiners gest\u00f6rt f\u00fchlen. Selbstverst\u00e4ndlich soll<br \/>\ndarauf geachtet werden, dass keine Hinterlassenschaften der Tiere auf dem Friedhof<br \/>\nzur\u00fcckbleiben.<\/p>\n<p>Die Kreisstadt Bergheim m\u00f6chte mit der Aufhebung des Hundeverbots einen ersten Schritt zur<br \/>\nUmwandlung der st\u00e4dtischen Friedh\u00f6fe hin zu Orten der B\u00fcrgerbegegnung und Naherholung<br \/>\ngehen. \u201eAuch wenn Friedh\u00f6fe weiterhin ein Ort f\u00fcr Trauer, Bestattung und Verabschiedung<br \/>\nbleiben sollen, haben sich die Anforderungen unserer Gesellschaft an eine zeitgem\u00e4\u00dfe<br \/>\nBestattungs- und Trauerkultur ver\u00e4ndert. So k\u00f6nnen Friedh\u00f6fe auch als \u201eGr\u00fcne Oasen\u201c im<br \/>\nStadtgebiet, mit ihrer pflanzlichen Vegetation und ihrem reichhaltigen Vorkommen an Lebewesen,<br \/>\nk\u00fcnftig dazu beitragen, zus\u00e4tzliche R\u00e4ume f\u00fcr soziale Begegnungen der Bergheimer B\u00fcrger innen<br \/>\nund B\u00fcrger zu schaffen\u201c, so B\u00fcrgermeister Volker Mie\u00dfeler.<\/p>\n","protected":false},"excerpt":{"rendered":"<p>Im Zuge der 3. \u00c4nderung der Friedhofssatzung vom 03.07.2023, welche ab dem 11.07.2023 in Kraft getreten ist, wurde unter anderem das Hundeverbot auf allen st\u00e4dtischen Friedh\u00f6fen der Kreisstadt Bergheim aufgehoben. Der Rat der Kreisstadt Bergheim hatte die \u00c4nderung der Satzung in seiner Sitzung am 19.06.2023 beschlossen. Demnach ist das Mitf\u00fchren von Hunden beim Friedhofsbesuch in &hellip; <\/p>\n<p><a class=\"more-link btn\" href=\"https:\/\/unser-quartier.de\/stadt-bergheim\/2023\/07\/aufhebung-des-hundeverbots-auf-friedhoefen\/\">Weiterlesen<\/a><\/p>\n","protected":false},"author":133,"featured_media":0,"comment_status":"closed","ping_status":"closed","sticky":false,"template":"","format":"standard","meta":{"_bbp_topic_count":0,"_bbp_reply_count":0,"_bbp_total_topic_count":0,"_bbp_total_reply_count":0,"_bbp_voice_count":0,"_bbp_anonymous_reply_count":0,"_bbp_topic_count_hidden":0,"_bbp_reply_count_hidden":0,"_bbp_forum_subforum_count":0,"jetpack_post_was_ever_published":false,"_jetpack_newsletter_access":"","_jetpack_dont_email_post_to_subs":false,"_jetpack_newsletter_tier_id":0,"_jetpack_memberships_contains_paywalled_content":false,"_jetpack_memberships_contains_paid_content":false,"footnotes":""},"categories":[71],"tags":[],"class_list":["post-34176","post","type-post","status-publish","format-standard","hentry","category-freizeit","item-wrap"],"jetpack_sharing_enabled":true,"jetpack_featured_media_url":"","jetpack_shortlink":"https:\/\/wp.me\/p3vhfJ-8Te","jetpack_likes_enabled":true,"_links":{"self":[{"href":"https:\/\/unser-quartier.de\/stadt-bergheim\/wp-json\/wp\/v2\/posts\/34176","targetHints":{"allow":["GET"]}}],"collection":[{"href":"https:\/\/unser-quartier.de\/stadt-bergheim\/wp-json\/wp\/v2\/posts"}],"about":[{"href":"https:\/\/unser-quartier.de\/stadt-bergheim\/wp-json\/wp\/v2\/types\/post"}],"author":[{"embeddable":true,"href":"https:\/\/unser-quartier.de\/stadt-bergheim\/wp-json\/wp\/v2\/users\/133"}],"replies":[{"embeddable":true,"href":"https:\/\/unser-quartier.de\/stadt-bergheim\/wp-json\/wp\/v2\/comments?post=34176"}],"version-history":[{"count":1,"href":"https:\/\/unser-quartier.de\/stadt-bergheim\/wp-json\/wp\/v2\/posts\/34176\/revisions"}],"predecessor-version":[{"id":34178,"href":"https:\/\/unser-quartier.de\/stadt-bergheim\/wp-json\/wp\/v2\/posts\/34176\/revisions\/34178"}],"wp:attachment":[{"href":"https:\/\/unser-quartier.de\/stadt-bergheim\/wp-json\/wp\/v2\/media?parent=34176"}],"wp:term":[{"taxonomy":"category","embeddable":true,"href":"https:\/\/unser-quartier.de\/stadt-bergheim\/wp-json\/wp\/v2\/categories?post=34176"},{"taxonomy":"post_tag","embeddable":true,"href":"https:\/\/unser-quartier.de\/stadt-bergheim\/wp-json\/wp\/v2\/tags?post=34176"}],"curies":[{"name":"wp","href":"https:\/\/api.w.org\/{rel}","templated":true}]}}