{"id":34813,"date":"2024-09-23T10:54:32","date_gmt":"2024-09-23T08:54:32","guid":{"rendered":"https:\/\/unser-quartier.de\/stadt-bergheim\/?p=34813"},"modified":"2024-09-23T10:58:02","modified_gmt":"2024-09-23T08:58:02","slug":"grenzenlos-in-niederaussem","status":"publish","type":"post","link":"https:\/\/unser-quartier.de\/stadt-bergheim\/2024\/09\/grenzenlos-in-niederaussem\/","title":{"rendered":"&#8220;Grenzenlos&#8221; in Niederau\u00dfem"},"content":{"rendered":"<p><strong>Ein Caf\u00e9 und Second-Hand-Laden f\u00fcr alle <\/strong><\/p>\n<div id=\"attachment_34818\" style=\"width: 300px\" class=\"wp-caption alignleft\"><img data-recalc-dims=\"1\" loading=\"lazy\" decoding=\"async\" aria-describedby=\"caption-attachment-34818\" data-attachment-id=\"34818\" data-permalink=\"https:\/\/unser-quartier.de\/stadt-bergheim\/2024\/09\/grenzenlos-in-niederaussem\/img_6251\/\" data-orig-file=\"https:\/\/i0.wp.com\/unser-quartier.de\/stadt-bergheim\/files\/2024\/09\/IMG_6251.jpg?fit=1024%2C768&amp;ssl=1\" data-orig-size=\"1024,768\" data-comments-opened=\"0\" data-image-meta=\"{&quot;aperture&quot;:&quot;0&quot;,&quot;credit&quot;:&quot;&quot;,&quot;camera&quot;:&quot;&quot;,&quot;caption&quot;:&quot;&quot;,&quot;created_timestamp&quot;:&quot;1726676279&quot;,&quot;copyright&quot;:&quot;&quot;,&quot;focal_length&quot;:&quot;0&quot;,&quot;iso&quot;:&quot;0&quot;,&quot;shutter_speed&quot;:&quot;0&quot;,&quot;title&quot;:&quot;&quot;,&quot;orientation&quot;:&quot;1&quot;}\" data-image-title=\"IMG_6251\" data-image-description=\"\" data-image-caption=\"\" data-medium-file=\"https:\/\/i0.wp.com\/unser-quartier.de\/stadt-bergheim\/files\/2024\/09\/IMG_6251.jpg?fit=300%2C225&amp;ssl=1\" data-large-file=\"https:\/\/i0.wp.com\/unser-quartier.de\/stadt-bergheim\/files\/2024\/09\/IMG_6251.jpg?fit=770%2C578&amp;ssl=1\" class=\"wp-image-34818 size-medium\" src=\"https:\/\/i0.wp.com\/unser-quartier.de\/stadt-bergheim\/files\/2024\/09\/IMG_6251.jpg?resize=300%2C225&#038;ssl=1\" alt=\"\" width=\"300\" height=\"225\" srcset=\"https:\/\/i0.wp.com\/unser-quartier.de\/stadt-bergheim\/files\/2024\/09\/IMG_6251.jpg?resize=300%2C225&amp;ssl=1 300w, https:\/\/i0.wp.com\/unser-quartier.de\/stadt-bergheim\/files\/2024\/09\/IMG_6251.jpg?resize=150%2C113&amp;ssl=1 150w, https:\/\/i0.wp.com\/unser-quartier.de\/stadt-bergheim\/files\/2024\/09\/IMG_6251.jpg?resize=768%2C576&amp;ssl=1 768w, https:\/\/i0.wp.com\/unser-quartier.de\/stadt-bergheim\/files\/2024\/09\/IMG_6251.jpg?resize=770%2C578&amp;ssl=1 770w, https:\/\/i0.wp.com\/unser-quartier.de\/stadt-bergheim\/files\/2024\/09\/IMG_6251.jpg?w=1024&amp;ssl=1 1024w\" sizes=\"auto, (max-width: 300px) 100vw, 300px\" \/><p id=\"caption-attachment-34818\" class=\"wp-caption-text\">&#8220;Grenzenlos engagiert&#8221; in der ehemaligen Paulusschule in Niederau\u00dfem mit Caf\u00e9 und Second-Hand-Laden f\u00fcr alle &#8211; Ehrenamtlerin Hannelore Lersch-Steier, Christa M\u00f6dder vom Erzbistum K\u00f6ln und Quartiersmanagerin Sabine Niehus, Kreisstadt Bergheim<\/p><\/div>\n<p>Mittwoch, 15 Uhr: Im Foyer der ehemaligen Paulusschule im Quartiersb\u00fcro Niederau\u00dfem herrscht reger Betrieb. Einmal in der Woche \u00f6ffnet das Caf\u00e9 Grenzenlos seine T\u00fcren. Bis 17:30 Uhr gibt es guten Schamong-Kaffee und selbstgebackenen Kuchen zu kleinen Preisen. An den liebevoll gedeckten Tischen sitzen neben einer Gruppe t\u00fcrkischer Senioren junge M\u00fctter und ein paar \u00e4ltere Damen. Kinder kommen aus der Schule und g\u00f6nnen sich ein gro\u00dfes St\u00fcck Torte, die Kleinsten schlafen im Kinderwagen, die Gr\u00f6\u00dferen flitzen mit leuchtenden Augen zwischen Kuchentheke, Kicker und Regalen hin und her. F\u00fcr sie ist das \u201eGrenzenlos\u201c ein buntes Schlaraffenland, das neben leckeren Waffeln, Bastel- und Spielangeboten einen prall gef\u00fcllten Second-Hand-Laden mit Kindersachen und Spielzeug, Mode f\u00fcr Damen und Herren jeden Alters, Haushaltswaren und B\u00fcchern beherbergt.<\/p>\n<p>\u201eWas viele nicht wissen, ist, dass wir nicht nur f\u00fcr Bed\u00fcrftige da sind, sondern ein lebendiger Treffpunkt f\u00fcr alle Menschen hier im Stadtteil\u201c, sagt Christa M\u00f6dder, Engagementf\u00f6rderin im Katholischen Kirchengemeindeverband Bergheim-Ost. Er\u00f6ffnet am 15. M\u00e4rz 2017 im Zuge der Fl\u00fcchtlingskrise, trifft die \u00d6kumenische Initiative der \u201eNeuen Nachbarn\u201c einen Nerv: Nachhaltigkeit ist Trend, Wiederverwenden statt Wegwerfen, bunte Vielfalt und Miteinander statt Einsamkeit und Ausgrenzung. F\u00fcr Rentnerin Heidrun Khanu ist das \u201eGrenzenlos\u201c das \u201eHighlight der Woche\u201c, sie ist Stammgast, seit eine Freundin sie mitnahm. \u201eIch finde hier leider auch immer etwas Sch\u00f6nes\u201c, lacht die 77j\u00e4hrige und pr\u00e4sentiert stolz ihre neuen Sneaker und den modischen Glitzerpulli. Die Freundlichkeit der Ehrenamtler, die netten Gespr\u00e4che und die tolle Unterst\u00fctzung sind es, die sie an ihrem \u201ezweiten Zuhause\u201c so sch\u00e4tzt. Eine echte Hilfe hat sie in Hannelore Lersch-Steier aus Glessen gefunden, die ihr und anderen als ehemalige Berufsbetreuerin ehrenamtlich mit Rat und Tat zur Seite steht.<\/p>\n<div class=\"tiled-gallery type-rectangular tiled-gallery-unresized\" data-original-width=\"770\" data-carousel-extra='{&quot;blog_id&quot;:38,&quot;permalink&quot;:&quot;https:\\\/\\\/unser-quartier.de\\\/stadt-bergheim\\\/2024\\\/09\\\/grenzenlos-in-niederaussem\\\/&quot;,&quot;likes_blog_id&quot;:51783499}' itemscope itemtype=\"http:\/\/schema.org\/ImageGallery\" > <div class=\"gallery-row\" style=\"width: 770px; height: 386px;\" data-original-width=\"770\" data-original-height=\"386\" > <div class=\"gallery-group images-1\" style=\"width: 514px; height: 386px;\" data-original-width=\"514\" data-original-height=\"386\" > <div class=\"tiled-gallery-item tiled-gallery-item-large\" itemprop=\"associatedMedia\" itemscope itemtype=\"http:\/\/schema.org\/ImageObject\"> <a href=\"https:\/\/unser-quartier.de\/stadt-bergheim\/2024\/09\/grenzenlos-in-niederaussem\/img_6247\/\" border=\"0\" itemprop=\"url\"> <meta itemprop=\"width\" content=\"510\"> <meta itemprop=\"height\" content=\"382\"> <img decoding=\"async\" class=\"\" data-attachment-id=\"34817\" data-orig-file=\"https:\/\/unser-quartier.de\/stadt-bergheim\/files\/2024\/09\/IMG_6247.jpg\" data-orig-size=\"1024,768\" data-comments-opened=\"\" data-image-meta=\"{&quot;aperture&quot;:&quot;0&quot;,&quot;credit&quot;:&quot;&quot;,&quot;camera&quot;:&quot;&quot;,&quot;caption&quot;:&quot;&quot;,&quot;created_timestamp&quot;:&quot;1726675920&quot;,&quot;copyright&quot;:&quot;&quot;,&quot;focal_length&quot;:&quot;0&quot;,&quot;iso&quot;:&quot;0&quot;,&quot;shutter_speed&quot;:&quot;0&quot;,&quot;title&quot;:&quot;&quot;,&quot;orientation&quot;:&quot;1&quot;}\" data-image-title=\"IMG_6247\" data-image-description=\"\" data-medium-file=\"https:\/\/i0.wp.com\/unser-quartier.de\/stadt-bergheim\/files\/2024\/09\/IMG_6247.jpg?fit=300%2C225&#038;ssl=1\" data-large-file=\"https:\/\/i0.wp.com\/unser-quartier.de\/stadt-bergheim\/files\/2024\/09\/IMG_6247.jpg?fit=770%2C578&#038;ssl=1\" src=\"https:\/\/i0.wp.com\/unser-quartier.de\/stadt-bergheim\/files\/2024\/09\/IMG_6247.jpg?w=510&#038;h=382&#038;ssl=1\" srcset=\"https:\/\/i0.wp.com\/unser-quartier.de\/stadt-bergheim\/files\/2024\/09\/IMG_6247.jpg?w=1024&amp;ssl=1 1024w, https:\/\/i0.wp.com\/unser-quartier.de\/stadt-bergheim\/files\/2024\/09\/IMG_6247.jpg?resize=300%2C225&amp;ssl=1 300w, https:\/\/i0.wp.com\/unser-quartier.de\/stadt-bergheim\/files\/2024\/09\/IMG_6247.jpg?resize=150%2C113&amp;ssl=1 150w, https:\/\/i0.wp.com\/unser-quartier.de\/stadt-bergheim\/files\/2024\/09\/IMG_6247.jpg?resize=768%2C576&amp;ssl=1 768w, https:\/\/i0.wp.com\/unser-quartier.de\/stadt-bergheim\/files\/2024\/09\/IMG_6247.jpg?resize=770%2C578&amp;ssl=1 770w\" width=\"510\" height=\"382\" loading=\"lazy\" data-original-width=\"510\" data-original-height=\"382\" itemprop=\"http:\/\/schema.org\/image\" title=\"IMG_6247\" alt=\"Rosi, Ingeborg und Miriam helfen im Second-Hand-Laden\" style=\"width: 510px; height: 382px;\" \/> <\/a> <div class=\"tiled-gallery-caption\" itemprop=\"caption description\"> Rosi, Ingeborg und Miriam helfen im Second-Hand-Laden <\/div> <\/div> <\/div> <!-- close group --> <div class=\"gallery-group images-2\" style=\"width: 256px; height: 386px;\" data-original-width=\"256\" data-original-height=\"386\" > <div class=\"tiled-gallery-item tiled-gallery-item-large\" itemprop=\"associatedMedia\" itemscope itemtype=\"http:\/\/schema.org\/ImageObject\"> <a href=\"https:\/\/unser-quartier.de\/stadt-bergheim\/2024\/09\/grenzenlos-in-niederaussem\/img_6261\/\" border=\"0\" itemprop=\"url\"> <meta itemprop=\"width\" content=\"252\"> <meta itemprop=\"height\" content=\"189\"> <img decoding=\"async\" class=\"\" data-attachment-id=\"34820\" data-orig-file=\"https:\/\/unser-quartier.de\/stadt-bergheim\/files\/2024\/09\/IMG_6261.jpg\" data-orig-size=\"1024,768\" data-comments-opened=\"\" data-image-meta=\"{&quot;aperture&quot;:&quot;0&quot;,&quot;credit&quot;:&quot;&quot;,&quot;camera&quot;:&quot;&quot;,&quot;caption&quot;:&quot;&quot;,&quot;created_timestamp&quot;:&quot;1726676883&quot;,&quot;copyright&quot;:&quot;&quot;,&quot;focal_length&quot;:&quot;0&quot;,&quot;iso&quot;:&quot;0&quot;,&quot;shutter_speed&quot;:&quot;0&quot;,&quot;title&quot;:&quot;&quot;,&quot;orientation&quot;:&quot;1&quot;}\" data-image-title=\"IMG_6261\" data-image-description=\"\" data-medium-file=\"https:\/\/i0.wp.com\/unser-quartier.de\/stadt-bergheim\/files\/2024\/09\/IMG_6261.jpg?fit=300%2C225&#038;ssl=1\" data-large-file=\"https:\/\/i0.wp.com\/unser-quartier.de\/stadt-bergheim\/files\/2024\/09\/IMG_6261.jpg?fit=770%2C578&#038;ssl=1\" src=\"https:\/\/i0.wp.com\/unser-quartier.de\/stadt-bergheim\/files\/2024\/09\/IMG_6261.jpg?w=252&#038;h=189&#038;ssl=1\" srcset=\"https:\/\/i0.wp.com\/unser-quartier.de\/stadt-bergheim\/files\/2024\/09\/IMG_6261.jpg?w=1024&amp;ssl=1 1024w, https:\/\/i0.wp.com\/unser-quartier.de\/stadt-bergheim\/files\/2024\/09\/IMG_6261.jpg?resize=300%2C225&amp;ssl=1 300w, https:\/\/i0.wp.com\/unser-quartier.de\/stadt-bergheim\/files\/2024\/09\/IMG_6261.jpg?resize=150%2C113&amp;ssl=1 150w, https:\/\/i0.wp.com\/unser-quartier.de\/stadt-bergheim\/files\/2024\/09\/IMG_6261.jpg?resize=768%2C576&amp;ssl=1 768w, https:\/\/i0.wp.com\/unser-quartier.de\/stadt-bergheim\/files\/2024\/09\/IMG_6261.jpg?resize=770%2C578&amp;ssl=1 770w\" width=\"252\" height=\"189\" loading=\"lazy\" data-original-width=\"252\" data-original-height=\"189\" itemprop=\"http:\/\/schema.org\/image\" title=\"IMG_6261\" alt=\"Andrea im Schlaraffenland mit Kindersachen und Spielzeug\" style=\"width: 252px; height: 189px;\" \/> <\/a> <div class=\"tiled-gallery-caption\" itemprop=\"caption description\"> Andrea im Schlaraffenland mit Kindersachen und Spielzeug <\/div> <\/div> <div class=\"tiled-gallery-item tiled-gallery-item-large\" itemprop=\"associatedMedia\" itemscope itemtype=\"http:\/\/schema.org\/ImageObject\"> <a href=\"https:\/\/unser-quartier.de\/stadt-bergheim\/2024\/09\/grenzenlos-in-niederaussem\/img_6255\/\" border=\"0\" itemprop=\"url\"> <meta itemprop=\"width\" content=\"252\"> <meta itemprop=\"height\" content=\"189\"> <img decoding=\"async\" class=\"\" data-attachment-id=\"34819\" data-orig-file=\"https:\/\/unser-quartier.de\/stadt-bergheim\/files\/2024\/09\/IMG_6255.jpg\" data-orig-size=\"1024,768\" data-comments-opened=\"\" data-image-meta=\"{&quot;aperture&quot;:&quot;0&quot;,&quot;credit&quot;:&quot;&quot;,&quot;camera&quot;:&quot;&quot;,&quot;caption&quot;:&quot;&quot;,&quot;created_timestamp&quot;:&quot;1726676553&quot;,&quot;copyright&quot;:&quot;&quot;,&quot;focal_length&quot;:&quot;0&quot;,&quot;iso&quot;:&quot;0&quot;,&quot;shutter_speed&quot;:&quot;0&quot;,&quot;title&quot;:&quot;&quot;,&quot;orientation&quot;:&quot;1&quot;}\" data-image-title=\"IMG_6255\" data-image-description=\"\" data-medium-file=\"https:\/\/i0.wp.com\/unser-quartier.de\/stadt-bergheim\/files\/2024\/09\/IMG_6255.jpg?fit=300%2C225&#038;ssl=1\" data-large-file=\"https:\/\/i0.wp.com\/unser-quartier.de\/stadt-bergheim\/files\/2024\/09\/IMG_6255.jpg?fit=770%2C578&#038;ssl=1\" src=\"https:\/\/i0.wp.com\/unser-quartier.de\/stadt-bergheim\/files\/2024\/09\/IMG_6255.jpg?w=252&#038;h=189&#038;ssl=1\" srcset=\"https:\/\/i0.wp.com\/unser-quartier.de\/stadt-bergheim\/files\/2024\/09\/IMG_6255.jpg?w=1024&amp;ssl=1 1024w, https:\/\/i0.wp.com\/unser-quartier.de\/stadt-bergheim\/files\/2024\/09\/IMG_6255.jpg?resize=300%2C225&amp;ssl=1 300w, https:\/\/i0.wp.com\/unser-quartier.de\/stadt-bergheim\/files\/2024\/09\/IMG_6255.jpg?resize=150%2C113&amp;ssl=1 150w, https:\/\/i0.wp.com\/unser-quartier.de\/stadt-bergheim\/files\/2024\/09\/IMG_6255.jpg?resize=768%2C576&amp;ssl=1 768w, https:\/\/i0.wp.com\/unser-quartier.de\/stadt-bergheim\/files\/2024\/09\/IMG_6255.jpg?resize=770%2C578&amp;ssl=1 770w\" width=\"252\" height=\"189\" loading=\"lazy\" data-original-width=\"252\" data-original-height=\"189\" itemprop=\"http:\/\/schema.org\/image\" title=\"IMG_6255\" alt=\"Kompetente Beratung von der ehemaligen Bekleidungsfachfrau Anita Dohmen und Sirfaz Gondal\" style=\"width: 252px; height: 189px;\" \/> <\/a> <div class=\"tiled-gallery-caption\" itemprop=\"caption description\"> Kompetente Beratung von der ehemaligen Bekleidungsfachfrau Anita Dohmen und Sirfaz Gondal <\/div> <\/div> <\/div> <!-- close group --> <\/div> <!-- close row --> <div class=\"gallery-row\" style=\"width: 770px; height: 645px;\" data-original-width=\"770\" data-original-height=\"645\" > <div class=\"gallery-group images-3\" style=\"width: 285px; height: 645px;\" data-original-width=\"285\" data-original-height=\"645\" > <div class=\"tiled-gallery-item tiled-gallery-item-large\" itemprop=\"associatedMedia\" itemscope itemtype=\"http:\/\/schema.org\/ImageObject\"> <a href=\"https:\/\/unser-quartier.de\/stadt-bergheim\/2024\/09\/grenzenlos-in-niederaussem\/img_6265\/\" border=\"0\" itemprop=\"url\"> <meta itemprop=\"width\" content=\"281\"> <meta itemprop=\"height\" content=\"211\"> <img decoding=\"async\" class=\"\" data-attachment-id=\"34821\" data-orig-file=\"https:\/\/unser-quartier.de\/stadt-bergheim\/files\/2024\/09\/IMG_6265.jpg\" data-orig-size=\"1024,768\" data-comments-opened=\"\" data-image-meta=\"{&quot;aperture&quot;:&quot;0&quot;,&quot;credit&quot;:&quot;&quot;,&quot;camera&quot;:&quot;&quot;,&quot;caption&quot;:&quot;&quot;,&quot;created_timestamp&quot;:&quot;1726677316&quot;,&quot;copyright&quot;:&quot;&quot;,&quot;focal_length&quot;:&quot;0&quot;,&quot;iso&quot;:&quot;0&quot;,&quot;shutter_speed&quot;:&quot;0&quot;,&quot;title&quot;:&quot;&quot;,&quot;orientation&quot;:&quot;1&quot;}\" data-image-title=\"IMG_6265\" data-image-description=\"\" data-medium-file=\"https:\/\/i0.wp.com\/unser-quartier.de\/stadt-bergheim\/files\/2024\/09\/IMG_6265.jpg?fit=300%2C225&#038;ssl=1\" data-large-file=\"https:\/\/i0.wp.com\/unser-quartier.de\/stadt-bergheim\/files\/2024\/09\/IMG_6265.jpg?fit=770%2C578&#038;ssl=1\" src=\"https:\/\/i0.wp.com\/unser-quartier.de\/stadt-bergheim\/files\/2024\/09\/IMG_6265.jpg?w=281&#038;h=211&#038;ssl=1\" srcset=\"https:\/\/i0.wp.com\/unser-quartier.de\/stadt-bergheim\/files\/2024\/09\/IMG_6265.jpg?w=1024&amp;ssl=1 1024w, https:\/\/i0.wp.com\/unser-quartier.de\/stadt-bergheim\/files\/2024\/09\/IMG_6265.jpg?resize=300%2C225&amp;ssl=1 300w, https:\/\/i0.wp.com\/unser-quartier.de\/stadt-bergheim\/files\/2024\/09\/IMG_6265.jpg?resize=150%2C113&amp;ssl=1 150w, https:\/\/i0.wp.com\/unser-quartier.de\/stadt-bergheim\/files\/2024\/09\/IMG_6265.jpg?resize=768%2C576&amp;ssl=1 768w, https:\/\/i0.wp.com\/unser-quartier.de\/stadt-bergheim\/files\/2024\/09\/IMG_6265.jpg?resize=770%2C578&amp;ssl=1 770w\" width=\"281\" height=\"211\" loading=\"lazy\" data-original-width=\"281\" data-original-height=\"211\" itemprop=\"http:\/\/schema.org\/image\" title=\"IMG_6265\" alt=\"Ehrenamtlerin Hannelore mit Stammgast Heidrun Khanu\" style=\"width: 281px; height: 211px;\" \/> <\/a> <div class=\"tiled-gallery-caption\" itemprop=\"caption description\"> Ehrenamtlerin Hannelore mit Stammgast Heidrun Khanu <\/div> <\/div> <div class=\"tiled-gallery-item tiled-gallery-item-large\" itemprop=\"associatedMedia\" itemscope itemtype=\"http:\/\/schema.org\/ImageObject\"> <a href=\"https:\/\/unser-quartier.de\/stadt-bergheim\/2024\/09\/grenzenlos-in-niederaussem\/img_6243\/\" border=\"0\" itemprop=\"url\"> <meta itemprop=\"width\" content=\"281\"> <meta itemprop=\"height\" content=\"211\"> <img decoding=\"async\" class=\"\" data-attachment-id=\"34816\" data-orig-file=\"https:\/\/unser-quartier.de\/stadt-bergheim\/files\/2024\/09\/IMG_6243.jpg\" data-orig-size=\"1024,768\" data-comments-opened=\"\" data-image-meta=\"{&quot;aperture&quot;:&quot;0&quot;,&quot;credit&quot;:&quot;&quot;,&quot;camera&quot;:&quot;&quot;,&quot;caption&quot;:&quot;&quot;,&quot;created_timestamp&quot;:&quot;1726675718&quot;,&quot;copyright&quot;:&quot;&quot;,&quot;focal_length&quot;:&quot;0&quot;,&quot;iso&quot;:&quot;0&quot;,&quot;shutter_speed&quot;:&quot;0&quot;,&quot;title&quot;:&quot;&quot;,&quot;orientation&quot;:&quot;1&quot;}\" data-image-title=\"IMG_6243\" data-image-description=\"\" data-medium-file=\"https:\/\/i0.wp.com\/unser-quartier.de\/stadt-bergheim\/files\/2024\/09\/IMG_6243.jpg?fit=300%2C225&#038;ssl=1\" data-large-file=\"https:\/\/i0.wp.com\/unser-quartier.de\/stadt-bergheim\/files\/2024\/09\/IMG_6243.jpg?fit=770%2C578&#038;ssl=1\" src=\"https:\/\/i0.wp.com\/unser-quartier.de\/stadt-bergheim\/files\/2024\/09\/IMG_6243.jpg?w=281&#038;h=211&#038;ssl=1\" srcset=\"https:\/\/i0.wp.com\/unser-quartier.de\/stadt-bergheim\/files\/2024\/09\/IMG_6243.jpg?w=1024&amp;ssl=1 1024w, https:\/\/i0.wp.com\/unser-quartier.de\/stadt-bergheim\/files\/2024\/09\/IMG_6243.jpg?resize=300%2C225&amp;ssl=1 300w, https:\/\/i0.wp.com\/unser-quartier.de\/stadt-bergheim\/files\/2024\/09\/IMG_6243.jpg?resize=150%2C113&amp;ssl=1 150w, https:\/\/i0.wp.com\/unser-quartier.de\/stadt-bergheim\/files\/2024\/09\/IMG_6243.jpg?resize=768%2C576&amp;ssl=1 768w, https:\/\/i0.wp.com\/unser-quartier.de\/stadt-bergheim\/files\/2024\/09\/IMG_6243.jpg?resize=770%2C578&amp;ssl=1 770w\" width=\"281\" height=\"211\" loading=\"lazy\" data-original-width=\"281\" data-original-height=\"211\" itemprop=\"http:\/\/schema.org\/image\" title=\"IMG_6243\" alt=\"Petra Krause und Brigitte Hockwin betreuen das Hausrat-Lager\" style=\"width: 281px; height: 211px;\" \/> <\/a> <div class=\"tiled-gallery-caption\" itemprop=\"caption description\"> Petra Krause und Brigitte Hockwin betreuen das Hausrat-Lager <\/div> <\/div> <div class=\"tiled-gallery-item tiled-gallery-item-large\" itemprop=\"associatedMedia\" itemscope itemtype=\"http:\/\/schema.org\/ImageObject\"> <a href=\"https:\/\/unser-quartier.de\/stadt-bergheim\/2024\/09\/grenzenlos-in-niederaussem\/img_6241\/\" border=\"0\" itemprop=\"url\"> <meta itemprop=\"width\" content=\"281\"> <meta itemprop=\"height\" content=\"211\"> <img decoding=\"async\" class=\"\" data-attachment-id=\"34815\" data-orig-file=\"https:\/\/unser-quartier.de\/stadt-bergheim\/files\/2024\/09\/IMG_6241.jpg\" data-orig-size=\"1024,768\" data-comments-opened=\"\" data-image-meta=\"{&quot;aperture&quot;:&quot;0&quot;,&quot;credit&quot;:&quot;&quot;,&quot;camera&quot;:&quot;&quot;,&quot;caption&quot;:&quot;&quot;,&quot;created_timestamp&quot;:&quot;1726675542&quot;,&quot;copyright&quot;:&quot;&quot;,&quot;focal_length&quot;:&quot;0&quot;,&quot;iso&quot;:&quot;0&quot;,&quot;shutter_speed&quot;:&quot;0&quot;,&quot;title&quot;:&quot;&quot;,&quot;orientation&quot;:&quot;1&quot;}\" data-image-title=\"IMG_6241\" data-image-description=\"\" data-medium-file=\"https:\/\/i0.wp.com\/unser-quartier.de\/stadt-bergheim\/files\/2024\/09\/IMG_6241.jpg?fit=300%2C225&#038;ssl=1\" data-large-file=\"https:\/\/i0.wp.com\/unser-quartier.de\/stadt-bergheim\/files\/2024\/09\/IMG_6241.jpg?fit=770%2C578&#038;ssl=1\" src=\"https:\/\/i0.wp.com\/unser-quartier.de\/stadt-bergheim\/files\/2024\/09\/IMG_6241.jpg?w=281&#038;h=211&#038;ssl=1\" srcset=\"https:\/\/i0.wp.com\/unser-quartier.de\/stadt-bergheim\/files\/2024\/09\/IMG_6241.jpg?w=1024&amp;ssl=1 1024w, https:\/\/i0.wp.com\/unser-quartier.de\/stadt-bergheim\/files\/2024\/09\/IMG_6241.jpg?resize=300%2C225&amp;ssl=1 300w, https:\/\/i0.wp.com\/unser-quartier.de\/stadt-bergheim\/files\/2024\/09\/IMG_6241.jpg?resize=150%2C113&amp;ssl=1 150w, https:\/\/i0.wp.com\/unser-quartier.de\/stadt-bergheim\/files\/2024\/09\/IMG_6241.jpg?resize=768%2C576&amp;ssl=1 768w, https:\/\/i0.wp.com\/unser-quartier.de\/stadt-bergheim\/files\/2024\/09\/IMG_6241.jpg?resize=770%2C578&amp;ssl=1 770w\" width=\"281\" height=\"211\" loading=\"lazy\" data-original-width=\"281\" data-original-height=\"211\" itemprop=\"http:\/\/schema.org\/image\" title=\"IMG_6241\" alt=\"Jedes Woche gibt es ein Buffet mit selbstgebackenem Kuchen und Waffeln.\" style=\"width: 281px; height: 211px;\" \/> <\/a> <div class=\"tiled-gallery-caption\" itemprop=\"caption description\"> Jedes Woche gibt es ein Buffet mit selbstgebackenem Kuchen und Waffeln. <\/div> <\/div> <\/div> <!-- close group --> <div class=\"gallery-group images-1\" style=\"width: 485px; height: 645px;\" data-original-width=\"485\" data-original-height=\"645\" > <div class=\"tiled-gallery-item tiled-gallery-item-large\" itemprop=\"associatedMedia\" itemscope itemtype=\"http:\/\/schema.org\/ImageObject\"> <a href=\"https:\/\/unser-quartier.de\/stadt-bergheim\/2024\/09\/grenzenlos-in-niederaussem\/hans-debuch\/\" border=\"0\" itemprop=\"url\"> <meta itemprop=\"width\" content=\"481\"> <meta itemprop=\"height\" content=\"641\"> <img decoding=\"async\" class=\"\" data-attachment-id=\"34814\" data-orig-file=\"https:\/\/unser-quartier.de\/stadt-bergheim\/files\/2024\/09\/Hans-Debuch.jpg\" data-orig-size=\"768,1024\" data-comments-opened=\"\" data-image-meta=\"{&quot;aperture&quot;:&quot;0&quot;,&quot;credit&quot;:&quot;&quot;,&quot;camera&quot;:&quot;&quot;,&quot;caption&quot;:&quot;&quot;,&quot;created_timestamp&quot;:&quot;0&quot;,&quot;copyright&quot;:&quot;&quot;,&quot;focal_length&quot;:&quot;0&quot;,&quot;iso&quot;:&quot;0&quot;,&quot;shutter_speed&quot;:&quot;0&quot;,&quot;title&quot;:&quot;&quot;,&quot;orientation&quot;:&quot;0&quot;}\" data-image-title=\"Hans Debuch\" data-image-description=\"\" data-medium-file=\"https:\/\/i0.wp.com\/unser-quartier.de\/stadt-bergheim\/files\/2024\/09\/Hans-Debuch.jpg?fit=225%2C300&#038;ssl=1\" data-large-file=\"https:\/\/i0.wp.com\/unser-quartier.de\/stadt-bergheim\/files\/2024\/09\/Hans-Debuch.jpg?fit=768%2C1024&#038;ssl=1\" src=\"https:\/\/i0.wp.com\/unser-quartier.de\/stadt-bergheim\/files\/2024\/09\/Hans-Debuch.jpg?w=481&#038;h=641&#038;ssl=1\" srcset=\"https:\/\/i0.wp.com\/unser-quartier.de\/stadt-bergheim\/files\/2024\/09\/Hans-Debuch.jpg?w=768&amp;ssl=1 768w, https:\/\/i0.wp.com\/unser-quartier.de\/stadt-bergheim\/files\/2024\/09\/Hans-Debuch.jpg?resize=225%2C300&amp;ssl=1 225w, https:\/\/i0.wp.com\/unser-quartier.de\/stadt-bergheim\/files\/2024\/09\/Hans-Debuch.jpg?resize=113%2C150&amp;ssl=1 113w\" width=\"481\" height=\"641\" loading=\"lazy\" data-original-width=\"481\" data-original-height=\"641\" itemprop=\"http:\/\/schema.org\/image\" title=\"Hans Debuch\" alt=\"Hans Debuch vor der Vitrine mit den Fotodokumentationen\" style=\"width: 481px; height: 641px;\" \/> <\/a> <div class=\"tiled-gallery-caption\" itemprop=\"caption description\"> Hans Debuch vor der Vitrine mit den Fotodokumentationen <\/div> <\/div> <\/div> <!-- close group --> <\/div> <!-- close row --> <\/div>\n<p>Ein stetig gewachsenes Team aus bis zu 60 Engagierten k\u00fcmmert sich um die G\u00e4ste, organisiert Nachbarschaftsfeste und eine Fahrradwerkstatt, hilft beim Deutschlernen oder \u00fcbernimmt Patenschaften f\u00fcr Gefl\u00fcchtete. Spenden werden immer montags von 15 bis 16 Uhr angenommen, gesucht wird gerade gut erhaltene Winterkleidung, aber auch Geschirr, T\u00f6pfe und Pfannen. Die Einnahmen werden wieder f\u00fcr soziale Zwecke im Quartier eingesetzt, unter anderem f\u00fcr individuelle Hilfe f\u00fcr Menschen in Not.<\/p>\n<p>Besonders freut Christa M\u00f6dder, dass auch Gefl\u00fcchtete tatkr\u00e4ftig mithelfen. Wie Khouloud, die vor sieben Jahren im Zuge des Familiennachzugs zu ihrem im Hallerhof untergebrachten Ehemann nach Bergheim kam. Deutsch lernte die junge Syrerin unter anderem von Christa M\u00f6dders 89j\u00e4hrigen Schwiegermutter, die ihr vorlas. Zuerst r\u00e4umte Khouloud nur die Tische ab, sp\u00e4ter sprang sie auch als Dolmetscherin und Begleiterin bei Arztbesuchen und \u00c4mtern ein. Heute studiert die Mutter eines sechsj\u00e4hrigen Sohns im dritten Semester Physik. \u201eEs w\u00e4re sicher leichter, wenn ich auf mein soziales Leben ganz verzichten und nur noch lernen w\u00fcrde\u201c, r\u00e4umt die 27j\u00e4hrige ein. Das aber ist undenkbar f\u00fcr die Neu-Bergheimerin. \u201eOhne das Grenzenlos und den Zusammenhalt hier h\u00e4tte ich das alles nicht geschafft.\u201c<\/p>\n<p><strong>Beratung und &#8220;offene Herzen&#8221;<\/strong><\/p>\n<p>Auch Olena Khudoshyna, 48, ist oft \u201eIm Euel\u201c anzutreffen. Ihr Ukrainischer Abend mit jugendlichen Akteuren begeisterte das Publikum. \u201eOffene Herzen\u201c war das Motto, das die engagierte Theaterleiterin aus Charkiw mit ihrer Improvisationsperformance vermitteln m\u00f6chte, \u201egrenzenloses Verst\u00e4ndnis f\u00fcreinander und Liebe.\u201c Die Liebe hat ein \u00e4lterer Herr zwar nicht zwischen den Kleiderst\u00e4ndern gefunden, dank der professionellen Beratung von Anita Dohmen, einer ehemaligen Bekleidungsfachfrau, aber eine komplett neue Garderobe. \u201eEr hat vor Freude geweint.\u201c<\/p>\n<p>Neu ist G\u00e4rtnern f\u00fcr Kinder, ein Foodsharing Projekt besteht auch seit einiger Zeit. Jeden ersten Donnerstag im Monat findet um 9:30 Uhr ein Frauenfr\u00fchst\u00fcck statt, ein gemischtes Angebot speziell f\u00fcr Seniorinnen und Senioren ist in Vorbereitung. Seit April leistet der Sozialarbeiter Herr Accus fachliche Unterst\u00fctzung, immer mittwochs ab 16 Uhr ber\u00e4t er zu Themen wie Wohngeld, Grundsicherung und B\u00fcrgergeld. Durchgef\u00fchrt hat er auch ein Beratungscaf\u00e9 f\u00fcr junge M\u00e4nner. Gestartet als Pilotprojekt und drei Monate aus dem Budget der Stadt und dem Grenzenlos finanziert, tr\u00e4gt jetzt die Caritas Bergheim-Ost die Kosten.<\/p>\n<p>Mit etwas gemischten Gef\u00fchlen sehen Christa M\u00f6dder und Quartiersmanagerin Sabine Niehus der anstehenden Sanierung der Paulusschule entgegen. \u201eWir m\u00fcssen dann ausziehen, wohin wissen wir leider noch nicht.\u201c Dass es aber auch im k\u00fcnftigen \u201eHaus der Vielfalt\u201c mit dem Grenzenlos \u201enoch sch\u00f6ner und besser\u201c weiter gehen wird, sind sie sich sicher. Oder um es mit Olenas neuem deutschen Lieblingssatz zu sagen: \u201eEs ist alles im gr\u00fcnen Bereich.\u201c<\/p>\n<p><strong>Kontakt: <\/strong><\/p>\n<p>Christa M\u00f6dder Tel: 0175 \u2013 2055664<br \/>\n<a href=\"mailto:christa.moedder@erzbistum-koeln.de\">christa.moedder@erzbistum-koeln.de<\/a><\/p>\n<p>Sabine Niehus, Kreisstadt Bergheim, Integration und Stadtteilarbeit<br \/>\nTel: <a href=\"tel:+49-2271-757200\">02271 757200<\/a><br \/>\n<a href=\"mailto:sabine.niehus@bergheim.de\">sabine.niehus@bergheim.de<\/a><\/p>\n","protected":false},"excerpt":{"rendered":"<p><strong>Ein Caf\u00e9 und Second-Hand-Laden f\u00fcr alle <\/strong><\/p>\n<p>Mittwoch, 15 Uhr: Im Foyer der ehemaligen Paulusschule im Quartiersb\u00fcro Niederau\u00dfem herrscht reger Betrieb. Einmal in der Woche \u00f6ffnet das Caf\u00e9 Grenzenlos seine T\u00fcren. Bis 17:30 Uhr gibt es guten Schamong-Kaffee und selbstgebackenen Kuchen zu kleinen Preisen. An den liebevoll gedeckten Tischen sitzen neben einer Gruppe t\u00fcrkischer Senioren &hellip; <\/p>\n<p><a class=\"more-link btn\" href=\"https:\/\/unser-quartier.de\/stadt-bergheim\/2024\/09\/grenzenlos-in-niederaussem\/\">Weiterlesen<\/a><\/p>\n","protected":false},"author":133,"featured_media":0,"comment_status":"closed","ping_status":"closed","sticky":false,"template":"","format":"standard","meta":{"_bbp_topic_count":0,"_bbp_reply_count":0,"_bbp_total_topic_count":0,"_bbp_total_reply_count":0,"_bbp_voice_count":0,"_bbp_anonymous_reply_count":0,"_bbp_topic_count_hidden":0,"_bbp_reply_count_hidden":0,"_bbp_forum_subforum_count":0,"jetpack_post_was_ever_published":false,"_jetpack_newsletter_access":"","_jetpack_dont_email_post_to_subs":false,"_jetpack_newsletter_tier_id":0,"_jetpack_memberships_contains_paywalled_content":false,"_jetpack_memberships_contains_paid_content":false,"footnotes":""},"categories":[59,61],"tags":[],"class_list":["post-34813","post","type-post","status-publish","format-standard","hentry","category-freiwilliges-engagement","category-interkulturell","item-wrap"],"jetpack_sharing_enabled":true,"jetpack_featured_media_url":"","jetpack_shortlink":"https:\/\/wp.me\/p3vhfJ-93v","jetpack_likes_enabled":true,"_links":{"self":[{"href":"https:\/\/unser-quartier.de\/stadt-bergheim\/wp-json\/wp\/v2\/posts\/34813","targetHints":{"allow":["GET"]}}],"collection":[{"href":"https:\/\/unser-quartier.de\/stadt-bergheim\/wp-json\/wp\/v2\/posts"}],"about":[{"href":"https:\/\/unser-quartier.de\/stadt-bergheim\/wp-json\/wp\/v2\/types\/post"}],"author":[{"embeddable":true,"href":"https:\/\/unser-quartier.de\/stadt-bergheim\/wp-json\/wp\/v2\/users\/133"}],"replies":[{"embeddable":true,"href":"https:\/\/unser-quartier.de\/stadt-bergheim\/wp-json\/wp\/v2\/comments?post=34813"}],"version-history":[{"count":2,"href":"https:\/\/unser-quartier.de\/stadt-bergheim\/wp-json\/wp\/v2\/posts\/34813\/revisions"}],"predecessor-version":[{"id":34823,"href":"https:\/\/unser-quartier.de\/stadt-bergheim\/wp-json\/wp\/v2\/posts\/34813\/revisions\/34823"}],"wp:attachment":[{"href":"https:\/\/unser-quartier.de\/stadt-bergheim\/wp-json\/wp\/v2\/media?parent=34813"}],"wp:term":[{"taxonomy":"category","embeddable":true,"href":"https:\/\/unser-quartier.de\/stadt-bergheim\/wp-json\/wp\/v2\/categories?post=34813"},{"taxonomy":"post_tag","embeddable":true,"href":"https:\/\/unser-quartier.de\/stadt-bergheim\/wp-json\/wp\/v2\/tags?post=34813"}],"curies":[{"name":"wp","href":"https:\/\/api.w.org\/{rel}","templated":true}]}}