{"id":35263,"date":"2025-07-23T14:28:24","date_gmt":"2025-07-23T12:28:24","guid":{"rendered":"https:\/\/unser-quartier.de\/stadt-bergheim\/?p=35263"},"modified":"2025-07-23T14:28:24","modified_gmt":"2025-07-23T12:28:24","slug":"gemeinsam-singen-verbindet","status":"publish","type":"post","link":"https:\/\/unser-quartier.de\/stadt-bergheim\/2025\/07\/gemeinsam-singen-verbindet\/","title":{"rendered":"Gemeinsam Singen verbindet"},"content":{"rendered":"<p><strong>Mitsingkonzert der Lokalen Allianz zum Jubil\u00e4um<\/strong><\/p>\n<div data-content-text=\"\">\n<p>Trotz Demenz dazugeh\u00f6ren, dieses sch\u00f6ne Gef\u00fchl weckte die Lokale Allianz f\u00fcr Menschen mit Demenz in Bergheim bei ihrem Mitsingkonzert im Anton-Heinen-Haus. &#8220;Einfach unvergesslich&#8221; &#8211; so das Motto &#8211; war die\u00a0fr\u00f6hlichen Erlebnisreise in die 30er und 40er Jahre mit einem tiefen Griff in die &#8220;Evergreen-Kiste&#8221;, mit Leben gef\u00fcllt durch das\u00a0Tischharfen-Ensemble der Josef-Metternich-Musikschule in H\u00fcrth und dem AWO-Demenzchor aus Stommeln. Launig f\u00fchrte Christa Wolf als Moderatorin durch den bunten Nachmittag, der im Nachklang des 10. Jubil\u00e4ums der Lokalen Allianz f\u00fcr Menschen mit Demenz noch einmal einen H\u00f6hepunkt setzte. \u201eBei uns im Rheinland z\u00e4hlt der 11. Geburtstag ja ohnehin mehr.\u201c 2014 unter dem Dach der Stadtbibliothek Bergheim gegr\u00fcndet, bietet das breite Netzwerk aus Institutionen, Pflegeeinrichtungen und freiwillig Engagierten Beratung, Entlastung und Hilfe vor Ort \u2013 diesmal auch mit Kaffee und Kuchen.<\/p>\n<div class=\"tiled-gallery type-rectangular tiled-gallery-unresized\" data-original-width=\"770\" data-carousel-extra='{&quot;blog_id&quot;:38,&quot;permalink&quot;:&quot;https:\\\/\\\/unser-quartier.de\\\/stadt-bergheim\\\/2025\\\/07\\\/gemeinsam-singen-verbindet\\\/&quot;,&quot;likes_blog_id&quot;:51783499}' itemscope itemtype=\"http:\/\/schema.org\/ImageGallery\" > <div class=\"gallery-row\" style=\"width: 770px; height: 386px;\" data-original-width=\"770\" data-original-height=\"386\" > <div class=\"gallery-group images-1\" style=\"width: 514px; height: 386px;\" data-original-width=\"514\" data-original-height=\"386\" > <div class=\"tiled-gallery-item tiled-gallery-item-large\" itemprop=\"associatedMedia\" itemscope itemtype=\"http:\/\/schema.org\/ImageObject\"> <a href=\"https:\/\/unser-quartier.de\/stadt-bergheim\/2025\/07\/gemeinsam-singen-verbindet\/image00042\/\" border=\"0\" itemprop=\"url\"> <meta itemprop=\"width\" content=\"510\"> <meta itemprop=\"height\" content=\"382\"> <img decoding=\"async\" class=\"\" data-attachment-id=\"35267\" data-orig-file=\"https:\/\/unser-quartier.de\/stadt-bergheim\/files\/2025\/07\/image00042.jpg\" data-orig-size=\"1024,768\" data-comments-opened=\"\" data-image-meta=\"{&quot;aperture&quot;:&quot;0&quot;,&quot;credit&quot;:&quot;&quot;,&quot;camera&quot;:&quot;&quot;,&quot;caption&quot;:&quot;&quot;,&quot;created_timestamp&quot;:&quot;1753198253&quot;,&quot;copyright&quot;:&quot;&quot;,&quot;focal_length&quot;:&quot;0&quot;,&quot;iso&quot;:&quot;0&quot;,&quot;shutter_speed&quot;:&quot;0&quot;,&quot;title&quot;:&quot;&quot;,&quot;orientation&quot;:&quot;1&quot;}\" data-image-title=\"image00042\" data-image-description=\"\" data-medium-file=\"https:\/\/i0.wp.com\/unser-quartier.de\/stadt-bergheim\/files\/2025\/07\/image00042.jpg?fit=300%2C225&#038;ssl=1\" data-large-file=\"https:\/\/i0.wp.com\/unser-quartier.de\/stadt-bergheim\/files\/2025\/07\/image00042.jpg?fit=770%2C578&#038;ssl=1\" src=\"https:\/\/i0.wp.com\/unser-quartier.de\/stadt-bergheim\/files\/2025\/07\/image00042.jpg?w=510&#038;h=382&#038;ssl=1\" srcset=\"https:\/\/i0.wp.com\/unser-quartier.de\/stadt-bergheim\/files\/2025\/07\/image00042.jpg?w=1024&amp;ssl=1 1024w, https:\/\/i0.wp.com\/unser-quartier.de\/stadt-bergheim\/files\/2025\/07\/image00042.jpg?resize=300%2C225&amp;ssl=1 300w, https:\/\/i0.wp.com\/unser-quartier.de\/stadt-bergheim\/files\/2025\/07\/image00042.jpg?resize=150%2C113&amp;ssl=1 150w, https:\/\/i0.wp.com\/unser-quartier.de\/stadt-bergheim\/files\/2025\/07\/image00042.jpg?resize=768%2C576&amp;ssl=1 768w, https:\/\/i0.wp.com\/unser-quartier.de\/stadt-bergheim\/files\/2025\/07\/image00042.jpg?resize=770%2C578&amp;ssl=1 770w\" width=\"510\" height=\"382\" loading=\"lazy\" data-original-width=\"510\" data-original-height=\"382\" itemprop=\"http:\/\/schema.org\/image\" title=\"image00042\" alt=\"Mitsingkonzert\" style=\"width: 510px; height: 382px;\" \/> <\/a> <div class=\"tiled-gallery-caption\" itemprop=\"caption description\"> Mitsingkonzert <\/div> <\/div> <\/div> <!-- close group --> <div class=\"gallery-group images-2\" style=\"width: 256px; height: 386px;\" data-original-width=\"256\" data-original-height=\"386\" > <div class=\"tiled-gallery-item tiled-gallery-item-large\" itemprop=\"associatedMedia\" itemscope itemtype=\"http:\/\/schema.org\/ImageObject\"> <a href=\"https:\/\/unser-quartier.de\/stadt-bergheim\/2025\/07\/gemeinsam-singen-verbindet\/image00037\/\" border=\"0\" itemprop=\"url\"> <meta itemprop=\"width\" content=\"252\"> <meta itemprop=\"height\" content=\"189\"> <img decoding=\"async\" class=\"\" data-attachment-id=\"35266\" data-orig-file=\"https:\/\/unser-quartier.de\/stadt-bergheim\/files\/2025\/07\/image00037.jpg\" data-orig-size=\"1024,768\" data-comments-opened=\"\" data-image-meta=\"{&quot;aperture&quot;:&quot;0&quot;,&quot;credit&quot;:&quot;&quot;,&quot;camera&quot;:&quot;&quot;,&quot;caption&quot;:&quot;&quot;,&quot;created_timestamp&quot;:&quot;1753198308&quot;,&quot;copyright&quot;:&quot;&quot;,&quot;focal_length&quot;:&quot;0&quot;,&quot;iso&quot;:&quot;0&quot;,&quot;shutter_speed&quot;:&quot;0&quot;,&quot;title&quot;:&quot;&quot;,&quot;orientation&quot;:&quot;1&quot;}\" data-image-title=\"image00037\" data-image-description=\"\" data-medium-file=\"https:\/\/i0.wp.com\/unser-quartier.de\/stadt-bergheim\/files\/2025\/07\/image00037.jpg?fit=300%2C225&#038;ssl=1\" data-large-file=\"https:\/\/i0.wp.com\/unser-quartier.de\/stadt-bergheim\/files\/2025\/07\/image00037.jpg?fit=770%2C578&#038;ssl=1\" src=\"https:\/\/i0.wp.com\/unser-quartier.de\/stadt-bergheim\/files\/2025\/07\/image00037.jpg?w=252&#038;h=189&#038;ssl=1\" srcset=\"https:\/\/i0.wp.com\/unser-quartier.de\/stadt-bergheim\/files\/2025\/07\/image00037.jpg?w=1024&amp;ssl=1 1024w, https:\/\/i0.wp.com\/unser-quartier.de\/stadt-bergheim\/files\/2025\/07\/image00037.jpg?resize=300%2C225&amp;ssl=1 300w, https:\/\/i0.wp.com\/unser-quartier.de\/stadt-bergheim\/files\/2025\/07\/image00037.jpg?resize=150%2C113&amp;ssl=1 150w, https:\/\/i0.wp.com\/unser-quartier.de\/stadt-bergheim\/files\/2025\/07\/image00037.jpg?resize=768%2C576&amp;ssl=1 768w, https:\/\/i0.wp.com\/unser-quartier.de\/stadt-bergheim\/files\/2025\/07\/image00037.jpg?resize=770%2C578&amp;ssl=1 770w\" width=\"252\" height=\"189\" loading=\"lazy\" data-original-width=\"252\" data-original-height=\"189\" itemprop=\"http:\/\/schema.org\/image\" title=\"image00037\" alt=\"Der AWO-Demenzchor\" style=\"width: 252px; height: 189px;\" \/> <\/a> <div class=\"tiled-gallery-caption\" itemprop=\"caption description\"> Der AWO-Demenzchor <\/div> <\/div> <div class=\"tiled-gallery-item tiled-gallery-item-large\" itemprop=\"associatedMedia\" itemscope itemtype=\"http:\/\/schema.org\/ImageObject\"> <a href=\"https:\/\/unser-quartier.de\/stadt-bergheim\/2025\/07\/gemeinsam-singen-verbindet\/image00004\/\" border=\"0\" itemprop=\"url\"> <meta itemprop=\"width\" content=\"252\"> <meta itemprop=\"height\" content=\"189\"> <img decoding=\"async\" class=\"\" data-attachment-id=\"35264\" data-orig-file=\"https:\/\/unser-quartier.de\/stadt-bergheim\/files\/2025\/07\/image00004.jpeg\" data-orig-size=\"1024,768\" data-comments-opened=\"\" data-image-meta=\"{&quot;aperture&quot;:&quot;1.6&quot;,&quot;credit&quot;:&quot;&quot;,&quot;camera&quot;:&quot;iPhone 16&quot;,&quot;caption&quot;:&quot;&quot;,&quot;created_timestamp&quot;:&quot;1753201021&quot;,&quot;copyright&quot;:&quot;&quot;,&quot;focal_length&quot;:&quot;5.960000038147&quot;,&quot;iso&quot;:&quot;200&quot;,&quot;shutter_speed&quot;:&quot;0.02&quot;,&quot;title&quot;:&quot;&quot;,&quot;orientation&quot;:&quot;1&quot;}\" data-image-title=\"image00004\" data-image-description=\"\" data-medium-file=\"https:\/\/i0.wp.com\/unser-quartier.de\/stadt-bergheim\/files\/2025\/07\/image00004.jpeg?fit=300%2C225&#038;ssl=1\" data-large-file=\"https:\/\/i0.wp.com\/unser-quartier.de\/stadt-bergheim\/files\/2025\/07\/image00004.jpeg?fit=770%2C578&#038;ssl=1\" src=\"https:\/\/i0.wp.com\/unser-quartier.de\/stadt-bergheim\/files\/2025\/07\/image00004.jpeg?w=252&#038;h=189&#038;ssl=1\" srcset=\"https:\/\/i0.wp.com\/unser-quartier.de\/stadt-bergheim\/files\/2025\/07\/image00004.jpeg?w=1024&amp;ssl=1 1024w, https:\/\/i0.wp.com\/unser-quartier.de\/stadt-bergheim\/files\/2025\/07\/image00004.jpeg?resize=300%2C225&amp;ssl=1 300w, https:\/\/i0.wp.com\/unser-quartier.de\/stadt-bergheim\/files\/2025\/07\/image00004.jpeg?resize=150%2C113&amp;ssl=1 150w, https:\/\/i0.wp.com\/unser-quartier.de\/stadt-bergheim\/files\/2025\/07\/image00004.jpeg?resize=768%2C576&amp;ssl=1 768w, https:\/\/i0.wp.com\/unser-quartier.de\/stadt-bergheim\/files\/2025\/07\/image00004.jpeg?resize=770%2C578&amp;ssl=1 770w\" width=\"252\" height=\"189\" loading=\"lazy\" data-original-width=\"252\" data-original-height=\"189\" itemprop=\"http:\/\/schema.org\/image\" title=\"image00004\" alt=\"Tischharfenensemble\" style=\"width: 252px; height: 189px;\" \/> <\/a> <div class=\"tiled-gallery-caption\" itemprop=\"caption description\"> Tischharfenensemble <\/div> <\/div> <\/div> <!-- close group --> <\/div> <!-- close row --> <div class=\"gallery-row\" style=\"width: 770px; height: 189px;\" data-original-width=\"770\" data-original-height=\"189\" > <div class=\"gallery-group images-1\" style=\"width: 250px; height: 189px;\" data-original-width=\"250\" data-original-height=\"189\" > <div class=\"tiled-gallery-item tiled-gallery-item-small\" itemprop=\"associatedMedia\" itemscope itemtype=\"http:\/\/schema.org\/ImageObject\"> <a href=\"https:\/\/unser-quartier.de\/stadt-bergheim\/2025\/07\/gemeinsam-singen-verbindet\/image00017-2\/\" border=\"0\" itemprop=\"url\"> <meta itemprop=\"width\" content=\"246\"> <meta itemprop=\"height\" content=\"185\"> <img decoding=\"async\" class=\"\" data-attachment-id=\"35265\" data-orig-file=\"https:\/\/unser-quartier.de\/stadt-bergheim\/files\/2025\/07\/image00017.jpg\" data-orig-size=\"1024,768\" data-comments-opened=\"\" data-image-meta=\"{&quot;aperture&quot;:&quot;0&quot;,&quot;credit&quot;:&quot;&quot;,&quot;camera&quot;:&quot;&quot;,&quot;caption&quot;:&quot;&quot;,&quot;created_timestamp&quot;:&quot;1753200536&quot;,&quot;copyright&quot;:&quot;&quot;,&quot;focal_length&quot;:&quot;0&quot;,&quot;iso&quot;:&quot;0&quot;,&quot;shutter_speed&quot;:&quot;0&quot;,&quot;title&quot;:&quot;&quot;,&quot;orientation&quot;:&quot;1&quot;}\" data-image-title=\"image00017\" data-image-description=\"\" data-medium-file=\"https:\/\/i0.wp.com\/unser-quartier.de\/stadt-bergheim\/files\/2025\/07\/image00017.jpg?fit=300%2C225&#038;ssl=1\" data-large-file=\"https:\/\/i0.wp.com\/unser-quartier.de\/stadt-bergheim\/files\/2025\/07\/image00017.jpg?fit=770%2C578&#038;ssl=1\" src=\"https:\/\/i0.wp.com\/unser-quartier.de\/stadt-bergheim\/files\/2025\/07\/image00017.jpg?w=246&#038;h=185&#038;ssl=1\" srcset=\"https:\/\/i0.wp.com\/unser-quartier.de\/stadt-bergheim\/files\/2025\/07\/image00017.jpg?w=1024&amp;ssl=1 1024w, https:\/\/i0.wp.com\/unser-quartier.de\/stadt-bergheim\/files\/2025\/07\/image00017.jpg?resize=300%2C225&amp;ssl=1 300w, https:\/\/i0.wp.com\/unser-quartier.de\/stadt-bergheim\/files\/2025\/07\/image00017.jpg?resize=150%2C113&amp;ssl=1 150w, https:\/\/i0.wp.com\/unser-quartier.de\/stadt-bergheim\/files\/2025\/07\/image00017.jpg?resize=768%2C576&amp;ssl=1 768w, https:\/\/i0.wp.com\/unser-quartier.de\/stadt-bergheim\/files\/2025\/07\/image00017.jpg?resize=770%2C578&amp;ssl=1 770w\" width=\"246\" height=\"185\" loading=\"lazy\" data-original-width=\"246\" data-original-height=\"185\" itemprop=\"http:\/\/schema.org\/image\" title=\"image00017\" alt=\"Ursula Henkel mit j\u00fcngstem Fan, Judith Schmitz und Christa Wolf\" style=\"width: 246px; height: 185px;\" \/> <\/a> <div class=\"tiled-gallery-caption\" itemprop=\"caption description\"> Ursula Henkel mit j\u00fcngstem Fan, Judith Schmitz und Christa Wolf <\/div> <\/div> <\/div> <!-- close group --> <div class=\"gallery-group images-1\" style=\"width: 270px; height: 189px;\" data-original-width=\"270\" data-original-height=\"189\" > <div class=\"tiled-gallery-item tiled-gallery-item-large\" itemprop=\"associatedMedia\" itemscope itemtype=\"http:\/\/schema.org\/ImageObject\"> <a href=\"https:\/\/unser-quartier.de\/stadt-bergheim\/2025\/07\/gemeinsam-singen-verbindet\/image00014\/\" border=\"0\" itemprop=\"url\"> <meta itemprop=\"width\" content=\"266\"> <meta itemprop=\"height\" content=\"185\"> <img decoding=\"async\" class=\"\" data-attachment-id=\"35268\" data-orig-file=\"https:\/\/unser-quartier.de\/stadt-bergheim\/files\/2025\/07\/image00014.jpeg\" data-orig-size=\"1024,711\" data-comments-opened=\"\" data-image-meta=\"{&quot;aperture&quot;:&quot;1.6&quot;,&quot;credit&quot;:&quot;&quot;,&quot;camera&quot;:&quot;iPhone 16&quot;,&quot;caption&quot;:&quot;&quot;,&quot;created_timestamp&quot;:&quot;1753200566&quot;,&quot;copyright&quot;:&quot;&quot;,&quot;focal_length&quot;:&quot;5.960000038147&quot;,&quot;iso&quot;:&quot;125&quot;,&quot;shutter_speed&quot;:&quot;0.02&quot;,&quot;title&quot;:&quot;&quot;,&quot;orientation&quot;:&quot;0&quot;}\" data-image-title=\"image00014\" data-image-description=\"\" data-medium-file=\"https:\/\/i0.wp.com\/unser-quartier.de\/stadt-bergheim\/files\/2025\/07\/image00014.jpeg?fit=300%2C208&#038;ssl=1\" data-large-file=\"https:\/\/i0.wp.com\/unser-quartier.de\/stadt-bergheim\/files\/2025\/07\/image00014.jpeg?fit=770%2C535&#038;ssl=1\" src=\"https:\/\/i0.wp.com\/unser-quartier.de\/stadt-bergheim\/files\/2025\/07\/image00014.jpeg?w=266&#038;h=185&#038;ssl=1\" srcset=\"https:\/\/i0.wp.com\/unser-quartier.de\/stadt-bergheim\/files\/2025\/07\/image00014.jpeg?w=1024&amp;ssl=1 1024w, https:\/\/i0.wp.com\/unser-quartier.de\/stadt-bergheim\/files\/2025\/07\/image00014.jpeg?resize=300%2C208&amp;ssl=1 300w, https:\/\/i0.wp.com\/unser-quartier.de\/stadt-bergheim\/files\/2025\/07\/image00014.jpeg?resize=150%2C104&amp;ssl=1 150w, https:\/\/i0.wp.com\/unser-quartier.de\/stadt-bergheim\/files\/2025\/07\/image00014.jpeg?resize=768%2C533&amp;ssl=1 768w, https:\/\/i0.wp.com\/unser-quartier.de\/stadt-bergheim\/files\/2025\/07\/image00014.jpeg?resize=770%2C535&amp;ssl=1 770w\" width=\"266\" height=\"185\" loading=\"lazy\" data-original-width=\"266\" data-original-height=\"185\" itemprop=\"http:\/\/schema.org\/image\" title=\"image00014\" alt=\"image00014\" style=\"width: 266px; height: 185px;\" \/> <\/a> <\/div> <\/div> <!-- close group --> <div class=\"gallery-group images-1\" style=\"width: 250px; height: 189px;\" data-original-width=\"250\" data-original-height=\"189\" > <div class=\"tiled-gallery-item tiled-gallery-item-small\" itemprop=\"associatedMedia\" itemscope itemtype=\"http:\/\/schema.org\/ImageObject\"> <a href=\"https:\/\/unser-quartier.de\/stadt-bergheim\/2025\/07\/gemeinsam-singen-verbindet\/image00035\/\" border=\"0\" itemprop=\"url\"> <meta itemprop=\"width\" content=\"246\"> <meta itemprop=\"height\" content=\"185\"> <img decoding=\"async\" class=\"\" data-attachment-id=\"35269\" data-orig-file=\"https:\/\/unser-quartier.de\/stadt-bergheim\/files\/2025\/07\/image00035.jpeg\" data-orig-size=\"1024,768\" data-comments-opened=\"\" data-image-meta=\"{&quot;aperture&quot;:&quot;1.6&quot;,&quot;credit&quot;:&quot;&quot;,&quot;camera&quot;:&quot;iPhone 16&quot;,&quot;caption&quot;:&quot;&quot;,&quot;created_timestamp&quot;:&quot;1753199280&quot;,&quot;copyright&quot;:&quot;&quot;,&quot;focal_length&quot;:&quot;5.960000038147&quot;,&quot;iso&quot;:&quot;100&quot;,&quot;shutter_speed&quot;:&quot;0.01&quot;,&quot;title&quot;:&quot;&quot;,&quot;orientation&quot;:&quot;1&quot;}\" data-image-title=\"image00035\" data-image-description=\"\" data-medium-file=\"https:\/\/i0.wp.com\/unser-quartier.de\/stadt-bergheim\/files\/2025\/07\/image00035.jpeg?fit=300%2C225&#038;ssl=1\" data-large-file=\"https:\/\/i0.wp.com\/unser-quartier.de\/stadt-bergheim\/files\/2025\/07\/image00035.jpeg?fit=770%2C578&#038;ssl=1\" src=\"https:\/\/i0.wp.com\/unser-quartier.de\/stadt-bergheim\/files\/2025\/07\/image00035.jpeg?w=246&#038;h=185&#038;ssl=1\" srcset=\"https:\/\/i0.wp.com\/unser-quartier.de\/stadt-bergheim\/files\/2025\/07\/image00035.jpeg?w=1024&amp;ssl=1 1024w, https:\/\/i0.wp.com\/unser-quartier.de\/stadt-bergheim\/files\/2025\/07\/image00035.jpeg?resize=300%2C225&amp;ssl=1 300w, https:\/\/i0.wp.com\/unser-quartier.de\/stadt-bergheim\/files\/2025\/07\/image00035.jpeg?resize=150%2C113&amp;ssl=1 150w, https:\/\/i0.wp.com\/unser-quartier.de\/stadt-bergheim\/files\/2025\/07\/image00035.jpeg?resize=768%2C576&amp;ssl=1 768w, https:\/\/i0.wp.com\/unser-quartier.de\/stadt-bergheim\/files\/2025\/07\/image00035.jpeg?resize=770%2C578&amp;ssl=1 770w\" width=\"246\" height=\"185\" loading=\"lazy\" data-original-width=\"246\" data-original-height=\"185\" itemprop=\"http:\/\/schema.org\/image\" title=\"image00035\" alt=\"Kaffee und Kuchen\" style=\"width: 246px; height: 185px;\" \/> <\/a> <div class=\"tiled-gallery-caption\" itemprop=\"caption description\"> Kaffee und Kuchen <\/div> <\/div> <\/div> <!-- close group --> <\/div> <!-- close row --> <div class=\"gallery-row\" style=\"width: 770px; height: 544px;\" data-original-width=\"770\" data-original-height=\"544\" > <div class=\"gallery-group images-2\" style=\"width: 361px; height: 544px;\" data-original-width=\"361\" data-original-height=\"544\" > <div class=\"tiled-gallery-item tiled-gallery-item-large\" itemprop=\"associatedMedia\" itemscope itemtype=\"http:\/\/schema.org\/ImageObject\"> <a href=\"https:\/\/unser-quartier.de\/stadt-bergheim\/2025\/07\/gemeinsam-singen-verbindet\/image00094\/\" border=\"0\" itemprop=\"url\"> <meta itemprop=\"width\" content=\"357\"> <meta itemprop=\"height\" content=\"268\"> <img decoding=\"async\" class=\"\" data-attachment-id=\"35270\" data-orig-file=\"https:\/\/unser-quartier.de\/stadt-bergheim\/files\/2025\/07\/image00094.jpeg\" data-orig-size=\"1024,768\" data-comments-opened=\"\" data-image-meta=\"{&quot;aperture&quot;:&quot;1.6&quot;,&quot;credit&quot;:&quot;&quot;,&quot;camera&quot;:&quot;iPhone 16&quot;,&quot;caption&quot;:&quot;&quot;,&quot;created_timestamp&quot;:&quot;1753195578&quot;,&quot;copyright&quot;:&quot;&quot;,&quot;focal_length&quot;:&quot;5.960000038147&quot;,&quot;iso&quot;:&quot;200&quot;,&quot;shutter_speed&quot;:&quot;0.02&quot;,&quot;title&quot;:&quot;&quot;,&quot;orientation&quot;:&quot;1&quot;}\" data-image-title=\"image00094\" data-image-description=\"\" data-medium-file=\"https:\/\/i0.wp.com\/unser-quartier.de\/stadt-bergheim\/files\/2025\/07\/image00094.jpeg?fit=300%2C225&#038;ssl=1\" data-large-file=\"https:\/\/i0.wp.com\/unser-quartier.de\/stadt-bergheim\/files\/2025\/07\/image00094.jpeg?fit=770%2C578&#038;ssl=1\" src=\"https:\/\/i0.wp.com\/unser-quartier.de\/stadt-bergheim\/files\/2025\/07\/image00094.jpeg?w=357&#038;h=268&#038;ssl=1\" srcset=\"https:\/\/i0.wp.com\/unser-quartier.de\/stadt-bergheim\/files\/2025\/07\/image00094.jpeg?w=1024&amp;ssl=1 1024w, https:\/\/i0.wp.com\/unser-quartier.de\/stadt-bergheim\/files\/2025\/07\/image00094.jpeg?resize=300%2C225&amp;ssl=1 300w, https:\/\/i0.wp.com\/unser-quartier.de\/stadt-bergheim\/files\/2025\/07\/image00094.jpeg?resize=150%2C113&amp;ssl=1 150w, https:\/\/i0.wp.com\/unser-quartier.de\/stadt-bergheim\/files\/2025\/07\/image00094.jpeg?resize=768%2C576&amp;ssl=1 768w, https:\/\/i0.wp.com\/unser-quartier.de\/stadt-bergheim\/files\/2025\/07\/image00094.jpeg?resize=770%2C578&amp;ssl=1 770w\" width=\"357\" height=\"268\" loading=\"lazy\" data-original-width=\"357\" data-original-height=\"268\" itemprop=\"http:\/\/schema.org\/image\" title=\"image00094\" alt=\"Beate Wallraff, Christa Wolf und Alexandra Parker\" style=\"width: 357px; height: 268px;\" \/> <\/a> <div class=\"tiled-gallery-caption\" itemprop=\"caption description\"> Beate Wallraff, Christa Wolf und Alexandra Parker <\/div> <\/div> <div class=\"tiled-gallery-item tiled-gallery-item-large\" itemprop=\"associatedMedia\" itemscope itemtype=\"http:\/\/schema.org\/ImageObject\"> <a href=\"https:\/\/unser-quartier.de\/stadt-bergheim\/2025\/07\/gemeinsam-singen-verbindet\/image00100\/\" border=\"0\" itemprop=\"url\"> <meta itemprop=\"width\" content=\"357\"> <meta itemprop=\"height\" content=\"268\"> <img decoding=\"async\" class=\"\" data-attachment-id=\"35271\" data-orig-file=\"https:\/\/unser-quartier.de\/stadt-bergheim\/files\/2025\/07\/image00100.jpeg\" data-orig-size=\"1024,768\" data-comments-opened=\"\" data-image-meta=\"{&quot;aperture&quot;:&quot;1.6&quot;,&quot;credit&quot;:&quot;&quot;,&quot;camera&quot;:&quot;iPhone 16&quot;,&quot;caption&quot;:&quot;&quot;,&quot;created_timestamp&quot;:&quot;1753195046&quot;,&quot;copyright&quot;:&quot;&quot;,&quot;focal_length&quot;:&quot;5.960000038147&quot;,&quot;iso&quot;:&quot;125&quot;,&quot;shutter_speed&quot;:&quot;0.02&quot;,&quot;title&quot;:&quot;&quot;,&quot;orientation&quot;:&quot;1&quot;}\" data-image-title=\"image00100\" data-image-description=\"\" data-medium-file=\"https:\/\/i0.wp.com\/unser-quartier.de\/stadt-bergheim\/files\/2025\/07\/image00100.jpeg?fit=300%2C225&#038;ssl=1\" data-large-file=\"https:\/\/i0.wp.com\/unser-quartier.de\/stadt-bergheim\/files\/2025\/07\/image00100.jpeg?fit=770%2C578&#038;ssl=1\" src=\"https:\/\/i0.wp.com\/unser-quartier.de\/stadt-bergheim\/files\/2025\/07\/image00100.jpeg?w=357&#038;h=268&#038;ssl=1\" srcset=\"https:\/\/i0.wp.com\/unser-quartier.de\/stadt-bergheim\/files\/2025\/07\/image00100.jpeg?w=1024&amp;ssl=1 1024w, https:\/\/i0.wp.com\/unser-quartier.de\/stadt-bergheim\/files\/2025\/07\/image00100.jpeg?resize=300%2C225&amp;ssl=1 300w, https:\/\/i0.wp.com\/unser-quartier.de\/stadt-bergheim\/files\/2025\/07\/image00100.jpeg?resize=150%2C113&amp;ssl=1 150w, https:\/\/i0.wp.com\/unser-quartier.de\/stadt-bergheim\/files\/2025\/07\/image00100.jpeg?resize=768%2C576&amp;ssl=1 768w, https:\/\/i0.wp.com\/unser-quartier.de\/stadt-bergheim\/files\/2025\/07\/image00100.jpeg?resize=770%2C578&amp;ssl=1 770w\" width=\"357\" height=\"268\" loading=\"lazy\" data-original-width=\"357\" data-original-height=\"268\" itemprop=\"http:\/\/schema.org\/image\" title=\"image00100\" alt=\"Beate Wallraff im Interview\" style=\"width: 357px; height: 268px;\" \/> <\/a> <div class=\"tiled-gallery-caption\" itemprop=\"caption description\"> Beate Wallraff im Interview <\/div> <\/div> <\/div> <!-- close group --> <div class=\"gallery-group images-1\" style=\"width: 409px; height: 544px;\" data-original-width=\"409\" data-original-height=\"544\" > <div class=\"tiled-gallery-item tiled-gallery-item-large\" itemprop=\"associatedMedia\" itemscope itemtype=\"http:\/\/schema.org\/ImageObject\"> <a href=\"https:\/\/unser-quartier.de\/stadt-bergheim\/2025\/07\/gemeinsam-singen-verbindet\/image00102\/\" border=\"0\" itemprop=\"url\"> <meta itemprop=\"width\" content=\"405\"> <meta itemprop=\"height\" content=\"540\"> <img decoding=\"async\" class=\"\" data-attachment-id=\"35272\" data-orig-file=\"https:\/\/unser-quartier.de\/stadt-bergheim\/files\/2025\/07\/image00102.jpeg\" data-orig-size=\"768,1024\" data-comments-opened=\"\" data-image-meta=\"{&quot;aperture&quot;:&quot;1.6&quot;,&quot;credit&quot;:&quot;&quot;,&quot;camera&quot;:&quot;iPhone 16&quot;,&quot;caption&quot;:&quot;&quot;,&quot;created_timestamp&quot;:&quot;1753194977&quot;,&quot;copyright&quot;:&quot;&quot;,&quot;focal_length&quot;:&quot;5.960000038147&quot;,&quot;iso&quot;:&quot;100&quot;,&quot;shutter_speed&quot;:&quot;0.01&quot;,&quot;title&quot;:&quot;&quot;,&quot;orientation&quot;:&quot;1&quot;}\" data-image-title=\"image00102\" data-image-description=\"\" data-medium-file=\"https:\/\/i0.wp.com\/unser-quartier.de\/stadt-bergheim\/files\/2025\/07\/image00102.jpeg?fit=225%2C300&#038;ssl=1\" data-large-file=\"https:\/\/i0.wp.com\/unser-quartier.de\/stadt-bergheim\/files\/2025\/07\/image00102.jpeg?fit=768%2C1024&#038;ssl=1\" src=\"https:\/\/i0.wp.com\/unser-quartier.de\/stadt-bergheim\/files\/2025\/07\/image00102.jpeg?w=405&#038;h=540&#038;ssl=1\" srcset=\"https:\/\/i0.wp.com\/unser-quartier.de\/stadt-bergheim\/files\/2025\/07\/image00102.jpeg?w=768&amp;ssl=1 768w, https:\/\/i0.wp.com\/unser-quartier.de\/stadt-bergheim\/files\/2025\/07\/image00102.jpeg?resize=225%2C300&amp;ssl=1 225w, https:\/\/i0.wp.com\/unser-quartier.de\/stadt-bergheim\/files\/2025\/07\/image00102.jpeg?resize=113%2C150&amp;ssl=1 113w\" width=\"405\" height=\"540\" loading=\"lazy\" data-original-width=\"405\" data-original-height=\"540\" itemprop=\"http:\/\/schema.org\/image\" title=\"image00102\" alt=\"Aussstellungser\u00f6ffnung im Anton-Heinen-Haus\" style=\"width: 405px; height: 540px;\" \/> <\/a> <div class=\"tiled-gallery-caption\" itemprop=\"caption description\"> Aussstellungser\u00f6ffnung im Anton-Heinen-Haus <\/div> <\/div> <\/div> <!-- close group --> <\/div> <!-- close row --> <div class=\"gallery-row\" style=\"width: 770px; height: 370px;\" data-original-width=\"770\" data-original-height=\"370\" > <div class=\"gallery-group images-1\" style=\"width: 492px; height: 370px;\" data-original-width=\"492\" data-original-height=\"370\" > <div class=\"tiled-gallery-item tiled-gallery-item-large\" itemprop=\"associatedMedia\" itemscope itemtype=\"http:\/\/schema.org\/ImageObject\"> <a href=\"https:\/\/unser-quartier.de\/stadt-bergheim\/2025\/07\/gemeinsam-singen-verbindet\/image00104\/\" border=\"0\" itemprop=\"url\"> <meta itemprop=\"width\" content=\"488\"> <meta itemprop=\"height\" content=\"366\"> <img decoding=\"async\" class=\"\" data-attachment-id=\"35273\" data-orig-file=\"https:\/\/unser-quartier.de\/stadt-bergheim\/files\/2025\/07\/image00104.jpeg\" data-orig-size=\"1024,768\" data-comments-opened=\"\" data-image-meta=\"{&quot;aperture&quot;:&quot;1.6&quot;,&quot;credit&quot;:&quot;&quot;,&quot;camera&quot;:&quot;iPhone 16&quot;,&quot;caption&quot;:&quot;&quot;,&quot;created_timestamp&quot;:&quot;1753194426&quot;,&quot;copyright&quot;:&quot;&quot;,&quot;focal_length&quot;:&quot;5.960000038147&quot;,&quot;iso&quot;:&quot;80&quot;,&quot;shutter_speed&quot;:&quot;0.0066666666666667&quot;,&quot;title&quot;:&quot;&quot;,&quot;orientation&quot;:&quot;1&quot;}\" data-image-title=\"image00104\" data-image-description=\"\" data-medium-file=\"https:\/\/i0.wp.com\/unser-quartier.de\/stadt-bergheim\/files\/2025\/07\/image00104.jpeg?fit=300%2C225&#038;ssl=1\" data-large-file=\"https:\/\/i0.wp.com\/unser-quartier.de\/stadt-bergheim\/files\/2025\/07\/image00104.jpeg?fit=770%2C578&#038;ssl=1\" src=\"https:\/\/i0.wp.com\/unser-quartier.de\/stadt-bergheim\/files\/2025\/07\/image00104.jpeg?w=488&#038;h=366&#038;ssl=1\" srcset=\"https:\/\/i0.wp.com\/unser-quartier.de\/stadt-bergheim\/files\/2025\/07\/image00104.jpeg?w=1024&amp;ssl=1 1024w, https:\/\/i0.wp.com\/unser-quartier.de\/stadt-bergheim\/files\/2025\/07\/image00104.jpeg?resize=300%2C225&amp;ssl=1 300w, https:\/\/i0.wp.com\/unser-quartier.de\/stadt-bergheim\/files\/2025\/07\/image00104.jpeg?resize=150%2C113&amp;ssl=1 150w, https:\/\/i0.wp.com\/unser-quartier.de\/stadt-bergheim\/files\/2025\/07\/image00104.jpeg?resize=768%2C576&amp;ssl=1 768w, https:\/\/i0.wp.com\/unser-quartier.de\/stadt-bergheim\/files\/2025\/07\/image00104.jpeg?resize=770%2C578&amp;ssl=1 770w\" width=\"488\" height=\"366\" loading=\"lazy\" data-original-width=\"488\" data-original-height=\"366\" itemprop=\"http:\/\/schema.org\/image\" title=\"image00104\" alt=\"image00104\" style=\"width: 488px; height: 366px;\" \/> <\/a> <\/div> <\/div> <!-- close group --> <div class=\"gallery-group images-1\" style=\"width: 278px; height: 370px;\" data-original-width=\"278\" data-original-height=\"370\" > <div class=\"tiled-gallery-item tiled-gallery-item-large\" itemprop=\"associatedMedia\" itemscope itemtype=\"http:\/\/schema.org\/ImageObject\"> <a href=\"https:\/\/unser-quartier.de\/stadt-bergheim\/2025\/07\/gemeinsam-singen-verbindet\/image00111\/\" border=\"0\" itemprop=\"url\"> <meta itemprop=\"width\" content=\"274\"> <meta itemprop=\"height\" content=\"366\"> <img decoding=\"async\" class=\"\" data-attachment-id=\"35275\" data-orig-file=\"https:\/\/unser-quartier.de\/stadt-bergheim\/files\/2025\/07\/image00111.jpeg\" data-orig-size=\"768,1024\" data-comments-opened=\"\" data-image-meta=\"{&quot;aperture&quot;:&quot;1.6&quot;,&quot;credit&quot;:&quot;&quot;,&quot;camera&quot;:&quot;iPhone 16&quot;,&quot;caption&quot;:&quot;&quot;,&quot;created_timestamp&quot;:&quot;1753190287&quot;,&quot;copyright&quot;:&quot;&quot;,&quot;focal_length&quot;:&quot;5.960000038147&quot;,&quot;iso&quot;:&quot;64&quot;,&quot;shutter_speed&quot;:&quot;0.0021786492374728&quot;,&quot;title&quot;:&quot;&quot;,&quot;orientation&quot;:&quot;1&quot;}\" data-image-title=\"image00111\" data-image-description=\"\" data-medium-file=\"https:\/\/i0.wp.com\/unser-quartier.de\/stadt-bergheim\/files\/2025\/07\/image00111.jpeg?fit=225%2C300&#038;ssl=1\" data-large-file=\"https:\/\/i0.wp.com\/unser-quartier.de\/stadt-bergheim\/files\/2025\/07\/image00111.jpeg?fit=768%2C1024&#038;ssl=1\" src=\"https:\/\/i0.wp.com\/unser-quartier.de\/stadt-bergheim\/files\/2025\/07\/image00111.jpeg?w=274&#038;h=366&#038;ssl=1\" srcset=\"https:\/\/i0.wp.com\/unser-quartier.de\/stadt-bergheim\/files\/2025\/07\/image00111.jpeg?w=768&amp;ssl=1 768w, https:\/\/i0.wp.com\/unser-quartier.de\/stadt-bergheim\/files\/2025\/07\/image00111.jpeg?resize=225%2C300&amp;ssl=1 225w, https:\/\/i0.wp.com\/unser-quartier.de\/stadt-bergheim\/files\/2025\/07\/image00111.jpeg?resize=113%2C150&amp;ssl=1 113w\" width=\"274\" height=\"366\" loading=\"lazy\" data-original-width=\"274\" data-original-height=\"366\" itemprop=\"http:\/\/schema.org\/image\" title=\"image00111\" alt=\"image00111\" style=\"width: 274px; height: 366px;\" \/> <\/a> <\/div> <\/div> <!-- close group --> <\/div> <!-- close row --> <div class=\"gallery-row\" style=\"width: 770px; height: 579px;\" data-original-width=\"770\" data-original-height=\"579\" > <div class=\"gallery-group images-1\" style=\"width: 770px; height: 579px;\" data-original-width=\"770\" data-original-height=\"579\" > <div class=\"tiled-gallery-item tiled-gallery-item-large\" itemprop=\"associatedMedia\" itemscope itemtype=\"http:\/\/schema.org\/ImageObject\"> <a href=\"https:\/\/unser-quartier.de\/stadt-bergheim\/2025\/07\/gemeinsam-singen-verbindet\/image00109\/\" border=\"0\" itemprop=\"url\"> <meta itemprop=\"width\" content=\"766\"> <meta itemprop=\"height\" content=\"575\"> <img decoding=\"async\" class=\"\" data-attachment-id=\"35274\" data-orig-file=\"https:\/\/unser-quartier.de\/stadt-bergheim\/files\/2025\/07\/image00109.jpeg\" data-orig-size=\"1024,768\" data-comments-opened=\"\" data-image-meta=\"{&quot;aperture&quot;:&quot;1.6&quot;,&quot;credit&quot;:&quot;&quot;,&quot;camera&quot;:&quot;iPhone 16&quot;,&quot;caption&quot;:&quot;&quot;,&quot;created_timestamp&quot;:&quot;1753191749&quot;,&quot;copyright&quot;:&quot;&quot;,&quot;focal_length&quot;:&quot;5.960000038147&quot;,&quot;iso&quot;:&quot;50&quot;,&quot;shutter_speed&quot;:&quot;0.01&quot;,&quot;title&quot;:&quot;&quot;,&quot;orientation&quot;:&quot;1&quot;}\" data-image-title=\"image00109\" data-image-description=\"\" data-medium-file=\"https:\/\/i0.wp.com\/unser-quartier.de\/stadt-bergheim\/files\/2025\/07\/image00109.jpeg?fit=300%2C225&#038;ssl=1\" data-large-file=\"https:\/\/i0.wp.com\/unser-quartier.de\/stadt-bergheim\/files\/2025\/07\/image00109.jpeg?fit=770%2C578&#038;ssl=1\" src=\"https:\/\/i0.wp.com\/unser-quartier.de\/stadt-bergheim\/files\/2025\/07\/image00109.jpeg?w=766&#038;h=575&#038;ssl=1\" srcset=\"https:\/\/i0.wp.com\/unser-quartier.de\/stadt-bergheim\/files\/2025\/07\/image00109.jpeg?w=1024&amp;ssl=1 1024w, https:\/\/i0.wp.com\/unser-quartier.de\/stadt-bergheim\/files\/2025\/07\/image00109.jpeg?resize=300%2C225&amp;ssl=1 300w, https:\/\/i0.wp.com\/unser-quartier.de\/stadt-bergheim\/files\/2025\/07\/image00109.jpeg?resize=150%2C113&amp;ssl=1 150w, https:\/\/i0.wp.com\/unser-quartier.de\/stadt-bergheim\/files\/2025\/07\/image00109.jpeg?resize=768%2C576&amp;ssl=1 768w, https:\/\/i0.wp.com\/unser-quartier.de\/stadt-bergheim\/files\/2025\/07\/image00109.jpeg?resize=770%2C578&amp;ssl=1 770w\" width=\"766\" height=\"575\" loading=\"lazy\" data-original-width=\"766\" data-original-height=\"575\" itemprop=\"http:\/\/schema.org\/image\" title=\"image00109\" alt=\"Vor dem Sturm ... das Vorbereitungsteam mit Judith Schmitz nebst Gatten, Anni Wilbertz, Frau Reinsch, Helga Bajohr und Werner Wieczorek\" style=\"width: 766px; height: 575px;\" \/> <\/a> <div class=\"tiled-gallery-caption\" itemprop=\"caption description\"> Vor dem Sturm &#8230; das Vorbereitungsteam mit Judith Schmitz nebst Gatten, Anni Wilbertz, Frau Reinsch, Helga Bajohr und Werner Wieczorek <\/div> <\/div> <\/div> <!-- close group --> <\/div> <!-- close row --> <\/div>\n<p>\u201eDemenz ist eine Herausforderung, die oft mit viel Unsicherheit und Traurigkeit verbunden ist. Doch gemeinsam k\u00f6nnen wir dazu beitragen, das Leben der Betroffenen lebenswerter zu gestalten, Vorurteile abzubauen und ein Umfeld zu schaffen, in dem jeder Mensch sich respektiert und verstanden f\u00fchlt\u201c, begr\u00fc\u00dfte Alexandra Parker, die stellvertretende Leiterin des Anton-Heinen-Hauses, das trotz Ferien extra f\u00fcr die Allianz-Veranstaltung die T\u00fcren ge\u00f6ffnet hatte. \u201eLassen Sie uns gemeinsam singen, lachen und uns daran erinnern, dass wir durch Zusammenhalt und Mitgef\u00fchl viel bewirken k\u00f6nnen.\u201c<\/p>\n<p>Als \u201eGl\u00fcck pur\u201c beschreibt das langj\u00e4hrige Ensemble- und Allianz-Mitglied Judith Schmitz die positive Wirkung des gemeinsamen Singens und aktiven Musizierens. Die meisten \u00e4lteren Anwesenden brauchten kein Textheft \u2013 \u201edie Lieder bleiben im Kopf\u201c.\u00a0Schon die \u201eVorband\u201c \u2013 Familie Henkel mit Mutter und Ensemble-Leiterin Ursula an der \u201eQuetsch\u201c, Vater Volker mit Klarinette und Sohn Thorsten am Schlagzeug \u2013 traf vor dem eigentlichen Konzertstart mit k\u00f6lschen T\u00f6n den Nerv des Publikums. Bekannte Schlager und Volkslieder hatte auch der eigens mit einem gro\u00dfen Bus und TV-Team, Organist Elmar H\u00fcsch und Chorleiterin Petra Gladbach angereiste AWO-Chor im Gep\u00e4ck. \u201eDie Einladung finden wir eine gro\u00dfe Wertsch\u00e4tzung, wir haben flei\u00dfig f\u00fcr unseren Auftritt in Bergheim geprobt\u201c, so Beate Wallraff. Vor etwas \u00fcber einem Jahr hatte die Vorsitzende der AWO Stommeln die\u00a0Idee zur Gr\u00fcndung eines Chors von Menschen mit Demenz und Angeh\u00f6rigen. Die S\u00e4ngerinnen und S\u00e4nger kennen sich vom Fr\u00fchst\u00fcck, das donnerstagsmorgens in den R\u00e4umen der AWO stattfindet.<\/p>\n<\/div>\n","protected":false},"excerpt":{"rendered":"<p><strong>Mitsingkonzert der Lokalen Allianz zum Jubil\u00e4um<\/strong><\/p>\n<p>Trotz Demenz dazugeh\u00f6ren, dieses sch\u00f6ne Gef\u00fchl weckte die Lokale Allianz f\u00fcr Menschen mit Demenz in Bergheim bei ihrem Mitsingkonzert im Anton-Heinen-Haus. &#8220;Einfach unvergesslich&#8221; &#8211; so das Motto &#8211; war die\u00a0fr\u00f6hlichen Erlebnisreise in die 30er und 40er Jahre mit einem tiefen Griff in die &#8220;Evergreen-Kiste&#8221;, mit Leben gef\u00fcllt durch das\u00a0Tischharfen-Ensemble &hellip; <\/p>\n<p><a class=\"more-link btn\" href=\"https:\/\/unser-quartier.de\/stadt-bergheim\/2025\/07\/gemeinsam-singen-verbindet\/\">Weiterlesen<\/a><\/p>\n","protected":false},"author":133,"featured_media":0,"comment_status":"closed","ping_status":"closed","sticky":false,"template":"","format":"standard","meta":{"_bbp_topic_count":0,"_bbp_reply_count":0,"_bbp_total_topic_count":0,"_bbp_total_reply_count":0,"_bbp_voice_count":0,"_bbp_anonymous_reply_count":0,"_bbp_topic_count_hidden":0,"_bbp_reply_count_hidden":0,"_bbp_forum_subforum_count":0,"jetpack_post_was_ever_published":false,"_jetpack_newsletter_access":"","_jetpack_dont_email_post_to_subs":false,"_jetpack_newsletter_tier_id":0,"_jetpack_memberships_contains_paywalled_content":false,"_jetpack_memberships_contains_paid_content":false,"footnotes":""},"categories":[65],"tags":[],"class_list":["post-35263","post","type-post","status-publish","format-standard","hentry","category-demenz","item-wrap"],"jetpack_sharing_enabled":true,"jetpack_featured_media_url":"","jetpack_shortlink":"https:\/\/wp.me\/p3vhfJ-9aL","jetpack_likes_enabled":true,"_links":{"self":[{"href":"https:\/\/unser-quartier.de\/stadt-bergheim\/wp-json\/wp\/v2\/posts\/35263","targetHints":{"allow":["GET"]}}],"collection":[{"href":"https:\/\/unser-quartier.de\/stadt-bergheim\/wp-json\/wp\/v2\/posts"}],"about":[{"href":"https:\/\/unser-quartier.de\/stadt-bergheim\/wp-json\/wp\/v2\/types\/post"}],"author":[{"embeddable":true,"href":"https:\/\/unser-quartier.de\/stadt-bergheim\/wp-json\/wp\/v2\/users\/133"}],"replies":[{"embeddable":true,"href":"https:\/\/unser-quartier.de\/stadt-bergheim\/wp-json\/wp\/v2\/comments?post=35263"}],"version-history":[{"count":2,"href":"https:\/\/unser-quartier.de\/stadt-bergheim\/wp-json\/wp\/v2\/posts\/35263\/revisions"}],"predecessor-version":[{"id":35278,"href":"https:\/\/unser-quartier.de\/stadt-bergheim\/wp-json\/wp\/v2\/posts\/35263\/revisions\/35278"}],"wp:attachment":[{"href":"https:\/\/unser-quartier.de\/stadt-bergheim\/wp-json\/wp\/v2\/media?parent=35263"}],"wp:term":[{"taxonomy":"category","embeddable":true,"href":"https:\/\/unser-quartier.de\/stadt-bergheim\/wp-json\/wp\/v2\/categories?post=35263"},{"taxonomy":"post_tag","embeddable":true,"href":"https:\/\/unser-quartier.de\/stadt-bergheim\/wp-json\/wp\/v2\/tags?post=35263"}],"curies":[{"name":"wp","href":"https:\/\/api.w.org\/{rel}","templated":true}]}}