{"id":35303,"date":"2025-08-14T14:37:32","date_gmt":"2025-08-14T12:37:32","guid":{"rendered":"https:\/\/unser-quartier.de\/stadt-bergheim\/?p=35303"},"modified":"2025-08-14T14:45:09","modified_gmt":"2025-08-14T12:45:09","slug":"mach-dir-dein-leben-leichter","status":"publish","type":"post","link":"https:\/\/unser-quartier.de\/stadt-bergheim\/2025\/08\/mach-dir-dein-leben-leichter\/","title":{"rendered":"Mach Dir Dein Leben leichter"},"content":{"rendered":"<p><strong>Ein Tag rund um Gesundheit, Pflege, \u00c4lter werden, Handicap <\/strong><br \/>\n<strong>und Freizeitgestaltung<\/strong><\/p>\n<p><img data-recalc-dims=\"1\" loading=\"lazy\" decoding=\"async\" data-attachment-id=\"35304\" data-permalink=\"https:\/\/unser-quartier.de\/stadt-bergheim\/2025\/08\/mach-dir-dein-leben-leichter\/pressekonferenz-mach-dir-dein-leben-leichter-14-08-2025\/\" data-orig-file=\"https:\/\/i0.wp.com\/unser-quartier.de\/stadt-bergheim\/files\/2025\/08\/Pressekonferenz-Mach-dir-dein-Leben-leichter-14.08.2025.jpg?fit=768%2C1024&amp;ssl=1\" data-orig-size=\"768,1024\" data-comments-opened=\"0\" data-image-meta=\"{&quot;aperture&quot;:&quot;0&quot;,&quot;credit&quot;:&quot;&quot;,&quot;camera&quot;:&quot;&quot;,&quot;caption&quot;:&quot;&quot;,&quot;created_timestamp&quot;:&quot;0&quot;,&quot;copyright&quot;:&quot;&quot;,&quot;focal_length&quot;:&quot;0&quot;,&quot;iso&quot;:&quot;0&quot;,&quot;shutter_speed&quot;:&quot;0&quot;,&quot;title&quot;:&quot;&quot;,&quot;orientation&quot;:&quot;0&quot;}\" data-image-title=\"Pressekonferenz Mach dir dein Leben leichter 14.08.2025\" data-image-description=\"\" data-image-caption=\"\" data-medium-file=\"https:\/\/i0.wp.com\/unser-quartier.de\/stadt-bergheim\/files\/2025\/08\/Pressekonferenz-Mach-dir-dein-Leben-leichter-14.08.2025.jpg?fit=225%2C300&amp;ssl=1\" data-large-file=\"https:\/\/i0.wp.com\/unser-quartier.de\/stadt-bergheim\/files\/2025\/08\/Pressekonferenz-Mach-dir-dein-Leben-leichter-14.08.2025.jpg?fit=768%2C1024&amp;ssl=1\" class=\"alignleft wp-image-35304 size-medium\" src=\"https:\/\/i0.wp.com\/unser-quartier.de\/stadt-bergheim\/files\/2025\/08\/Pressekonferenz-Mach-dir-dein-Leben-leichter-14.08.2025.jpg?resize=225%2C300&#038;ssl=1\" alt=\"\" width=\"225\" height=\"300\" srcset=\"https:\/\/i0.wp.com\/unser-quartier.de\/stadt-bergheim\/files\/2025\/08\/Pressekonferenz-Mach-dir-dein-Leben-leichter-14.08.2025.jpg?resize=225%2C300&amp;ssl=1 225w, https:\/\/i0.wp.com\/unser-quartier.de\/stadt-bergheim\/files\/2025\/08\/Pressekonferenz-Mach-dir-dein-Leben-leichter-14.08.2025.jpg?resize=113%2C150&amp;ssl=1 113w, https:\/\/i0.wp.com\/unser-quartier.de\/stadt-bergheim\/files\/2025\/08\/Pressekonferenz-Mach-dir-dein-Leben-leichter-14.08.2025.jpg?w=768&amp;ssl=1 768w\" sizes=\"auto, (max-width: 225px) 100vw, 225px\" \/>Am 30.8.2025 von 13 bis 17 Uhr zeigen im Rathausfoyer und Ratssaal der Kreisstadt Bergheim unterschiedliche Organisationen ihre Angebote, die das Leben vieler Menschen erleichtern und lebenswerter machen. Pr\u00e4sentiert werden die Bereiche, Beratung, Freizeit, Fitness, Gesundheit, Hilfsmittel, Reisen, Pr\u00e4vention, Wellness und vieles mehr. Insbesondere \u00e4ltere Menschen und Menschen mit Einschr\u00e4nkungen und deren Angeh\u00f6rige k\u00f6nnen sich Rat suchen und austauschen.<\/p>\n<p>\u201eIch freue mich, dass eine so wichtige Veranstaltung erstmalig in Bergheim stattfindet und ich bin sicher, dass viele Menschen davon profitieren,\u201c so B\u00fcrgermeister Volker Mie\u00dfeler, der auch Schirmherr der Veranstaltung ist. Der Abteilung Inklusion und Teilhabe der Kreisstadt Bergheim ist es gelungen, fast 40 Ausstellende zu gewinnen, die verschiedene Themen erstmalig im Rathaus der Kreisstadt Bergheim pr\u00e4sentieren. Alle, die den Tag mitgestalten, identifizieren sich mit dem Motto der Veranstaltung: \u201eMach Dir Dein Leben leichter\u201c. Neben den zahlreichen M\u00f6glichkeiten sich zu informieren, sollen auch Genuss und Spa\u00df nicht zu kurz kommen.<\/p>\n<p>Neben einem bunten Rahmenprogramm, kreativen Angeboten f\u00fcr Gro\u00df und Klein, einem Mitsingkonzert,<br \/>\nmedizinischen Vortr\u00e4gen, und einem kleinen Konzert werden verschiedene kulinarische K\u00f6stlichkeiten<br \/>\nangeboten, die das inklusive Caf\u00e9 der St. Augustinus Gruppe fertigt.<\/p>\n<p><img data-recalc-dims=\"1\" loading=\"lazy\" decoding=\"async\" data-attachment-id=\"35306\" data-permalink=\"https:\/\/unser-quartier.de\/stadt-bergheim\/2025\/08\/mach-dir-dein-leben-leichter\/screenshot-2025-08-14-143631\/\" data-orig-file=\"https:\/\/i0.wp.com\/unser-quartier.de\/stadt-bergheim\/files\/2025\/08\/Screenshot-2025-08-14-143631.jpg?fit=1024%2C518&amp;ssl=1\" data-orig-size=\"1024,518\" data-comments-opened=\"0\" data-image-meta=\"{&quot;aperture&quot;:&quot;0&quot;,&quot;credit&quot;:&quot;&quot;,&quot;camera&quot;:&quot;&quot;,&quot;caption&quot;:&quot;&quot;,&quot;created_timestamp&quot;:&quot;0&quot;,&quot;copyright&quot;:&quot;&quot;,&quot;focal_length&quot;:&quot;0&quot;,&quot;iso&quot;:&quot;0&quot;,&quot;shutter_speed&quot;:&quot;0&quot;,&quot;title&quot;:&quot;&quot;,&quot;orientation&quot;:&quot;0&quot;}\" data-image-title=\"Screenshot 2025-08-14 143631\" data-image-description=\"\" data-image-caption=\"\" data-medium-file=\"https:\/\/i0.wp.com\/unser-quartier.de\/stadt-bergheim\/files\/2025\/08\/Screenshot-2025-08-14-143631.jpg?fit=300%2C152&amp;ssl=1\" data-large-file=\"https:\/\/i0.wp.com\/unser-quartier.de\/stadt-bergheim\/files\/2025\/08\/Screenshot-2025-08-14-143631.jpg?fit=770%2C390&amp;ssl=1\" class=\"alignnone wp-image-35306 size-full\" src=\"https:\/\/i0.wp.com\/unser-quartier.de\/stadt-bergheim\/files\/2025\/08\/Screenshot-2025-08-14-143631.jpg?resize=770%2C390&#038;ssl=1\" alt=\"\" width=\"770\" height=\"390\" srcset=\"https:\/\/i0.wp.com\/unser-quartier.de\/stadt-bergheim\/files\/2025\/08\/Screenshot-2025-08-14-143631.jpg?w=1024&amp;ssl=1 1024w, https:\/\/i0.wp.com\/unser-quartier.de\/stadt-bergheim\/files\/2025\/08\/Screenshot-2025-08-14-143631.jpg?resize=300%2C152&amp;ssl=1 300w, https:\/\/i0.wp.com\/unser-quartier.de\/stadt-bergheim\/files\/2025\/08\/Screenshot-2025-08-14-143631.jpg?resize=150%2C76&amp;ssl=1 150w, https:\/\/i0.wp.com\/unser-quartier.de\/stadt-bergheim\/files\/2025\/08\/Screenshot-2025-08-14-143631.jpg?resize=768%2C389&amp;ssl=1 768w, https:\/\/i0.wp.com\/unser-quartier.de\/stadt-bergheim\/files\/2025\/08\/Screenshot-2025-08-14-143631.jpg?resize=770%2C390&amp;ssl=1 770w\" sizes=\"auto, (max-width: 770px) 100vw, 770px\" \/><\/p>\n","protected":false},"excerpt":{"rendered":"<p><strong>Ein Tag rund um Gesundheit, Pflege, \u00c4lter werden, Handicap <\/strong> <strong>und Freizeitgestaltung<\/strong><\/p>\n<p>Am 30.8.2025 von 13 bis 17 Uhr zeigen im Rathausfoyer und Ratssaal der Kreisstadt Bergheim unterschiedliche Organisationen ihre Angebote, die das Leben vieler Menschen erleichtern und lebenswerter machen. Pr\u00e4sentiert werden die Bereiche, Beratung, Freizeit, Fitness, Gesundheit, Hilfsmittel, Reisen, Pr\u00e4vention, Wellness und vieles mehr. &hellip; <\/p>\n<p><a class=\"more-link btn\" href=\"https:\/\/unser-quartier.de\/stadt-bergheim\/2025\/08\/mach-dir-dein-leben-leichter\/\">Weiterlesen<\/a><\/p>\n","protected":false},"author":133,"featured_media":0,"comment_status":"closed","ping_status":"closed","sticky":false,"template":"","format":"standard","meta":{"_bbp_topic_count":0,"_bbp_reply_count":0,"_bbp_total_topic_count":0,"_bbp_total_reply_count":0,"_bbp_voice_count":0,"_bbp_anonymous_reply_count":0,"_bbp_topic_count_hidden":0,"_bbp_reply_count_hidden":0,"_bbp_forum_subforum_count":0,"jetpack_post_was_ever_published":false,"_jetpack_newsletter_access":"","_jetpack_dont_email_post_to_subs":false,"_jetpack_newsletter_tier_id":0,"_jetpack_memberships_contains_paywalled_content":false,"_jetpack_memberships_contains_paid_content":false,"footnotes":""},"categories":[65],"tags":[],"class_list":["post-35303","post","type-post","status-publish","format-standard","hentry","category-demenz","item-wrap"],"jetpack_sharing_enabled":true,"jetpack_featured_media_url":"","jetpack_shortlink":"https:\/\/wp.me\/p3vhfJ-9bp","jetpack_likes_enabled":true,"_links":{"self":[{"href":"https:\/\/unser-quartier.de\/stadt-bergheim\/wp-json\/wp\/v2\/posts\/35303","targetHints":{"allow":["GET"]}}],"collection":[{"href":"https:\/\/unser-quartier.de\/stadt-bergheim\/wp-json\/wp\/v2\/posts"}],"about":[{"href":"https:\/\/unser-quartier.de\/stadt-bergheim\/wp-json\/wp\/v2\/types\/post"}],"author":[{"embeddable":true,"href":"https:\/\/unser-quartier.de\/stadt-bergheim\/wp-json\/wp\/v2\/users\/133"}],"replies":[{"embeddable":true,"href":"https:\/\/unser-quartier.de\/stadt-bergheim\/wp-json\/wp\/v2\/comments?post=35303"}],"version-history":[{"count":3,"href":"https:\/\/unser-quartier.de\/stadt-bergheim\/wp-json\/wp\/v2\/posts\/35303\/revisions"}],"predecessor-version":[{"id":35310,"href":"https:\/\/unser-quartier.de\/stadt-bergheim\/wp-json\/wp\/v2\/posts\/35303\/revisions\/35310"}],"wp:attachment":[{"href":"https:\/\/unser-quartier.de\/stadt-bergheim\/wp-json\/wp\/v2\/media?parent=35303"}],"wp:term":[{"taxonomy":"category","embeddable":true,"href":"https:\/\/unser-quartier.de\/stadt-bergheim\/wp-json\/wp\/v2\/categories?post=35303"},{"taxonomy":"post_tag","embeddable":true,"href":"https:\/\/unser-quartier.de\/stadt-bergheim\/wp-json\/wp\/v2\/tags?post=35303"}],"curies":[{"name":"wp","href":"https:\/\/api.w.org\/{rel}","templated":true}]}}