{"id":35496,"date":"2026-02-24T14:03:40","date_gmt":"2026-02-24T13:03:40","guid":{"rendered":"https:\/\/unser-quartier.de\/stadt-bergheim\/?p=35496"},"modified":"2026-02-24T14:03:40","modified_gmt":"2026-02-24T13:03:40","slug":"brueckenschlag-digital-generationen-verbinden","status":"publish","type":"post","link":"https:\/\/unser-quartier.de\/stadt-bergheim\/2026\/02\/brueckenschlag-digital-generationen-verbinden\/","title":{"rendered":"Br\u00fcckenschlag digital &#8211; Generationen verbinden"},"content":{"rendered":"<div class=\"fusion-fullwidth fullwidth-box fusion-builder-row-4-1 fusion-flex-container has-pattern-background has-mask-background nonhundred-percent-fullwidth non-hundred-percent-height-scrolling\">\n<div class=\"fusion-builder-row fusion-row fusion-flex-align-items-flex-start fusion-flex-content-wrap\">\n<div class=\"fusion-layout-column fusion_builder_column fusion-builder-column-6 fusion_builder_column_1_1 1_1 fusion-flex-column\">\n<div class=\"fusion-column-wrapper fusion-column-has-shadow fusion-flex-justify-content-flex-start fusion-content-layout-column\">\n<div class=\"fusion-title title fusion-title-2 fusion-sep-none fusion-title-text fusion-title-size-two\">\n<p class=\"fusion-responsive-typography-calculated\" data-fontsize=\"38\" data-lineheight=\"45.6px\"><span class=\" fusion-imageframe imageframe-none imageframe-4 hover-type-none\"><img data-recalc-dims=\"1\" loading=\"lazy\" decoding=\"async\" class=\"img-responsive lazyautosizes lazyloaded alignleft wp-image-5372\" title=\"Bild Br\u00fcckenschlag 1\" src=\"https:\/\/i0.wp.com\/ash-sprungbrett.de\/wp-content\/uploads\/2025\/10\/2025-10-08-Bild-Brueckenschlag-1.png?resize=203%2C203&#038;ssl=1\" sizes=\"auto, 254px\" srcset=\"https:\/\/ash-sprungbrett.de\/wp-content\/uploads\/2025\/10\/2025-10-08-Bild-Brueckenschlag-1-200x200.png 200w, https:\/\/ash-sprungbrett.de\/wp-content\/uploads\/2025\/10\/2025-10-08-Bild-Brueckenschlag-1-400x400.png 400w, https:\/\/ash-sprungbrett.de\/wp-content\/uploads\/2025\/10\/2025-10-08-Bild-Brueckenschlag-1-600x600.png 600w, https:\/\/ash-sprungbrett.de\/wp-content\/uploads\/2025\/10\/2025-10-08-Bild-Brueckenschlag-1-800x800.png 800w, https:\/\/ash-sprungbrett.de\/wp-content\/uploads\/2025\/10\/2025-10-08-Bild-Brueckenschlag-1.png 1024w\" alt=\"Beitragsbild Br\u00fcckenschlag 1\" width=\"203\" height=\"203\" data-orig-src=\"https:\/\/ash-sprungbrett.de\/wp-content\/uploads\/2025\/10\/2025-10-08-Bild-Brueckenschlag-1.png\" data-srcset=\"https:\/\/ash-sprungbrett.de\/wp-content\/uploads\/2025\/10\/2025-10-08-Bild-Brueckenschlag-1-200x200.png 200w, https:\/\/ash-sprungbrett.de\/wp-content\/uploads\/2025\/10\/2025-10-08-Bild-Brueckenschlag-1-400x400.png 400w, https:\/\/ash-sprungbrett.de\/wp-content\/uploads\/2025\/10\/2025-10-08-Bild-Brueckenschlag-1-600x600.png 600w, https:\/\/ash-sprungbrett.de\/wp-content\/uploads\/2025\/10\/2025-10-08-Bild-Brueckenschlag-1-800x800.png 800w, https:\/\/ash-sprungbrett.de\/wp-content\/uploads\/2025\/10\/2025-10-08-Bild-Brueckenschlag-1.png 1024w\" data-sizes=\"auto\" data-orig-sizes=\"(max-width: 640px) 100vw, 400px\" \/><\/span>ASH-Sprungbrett startet das generationenverbindende Projekt \u201eBr\u00fcckenschlag digital \u2013 Generationen verbinden\u201c. \u00a0Von Mai 2025 bis April 2028 wird das generationen\u00fcbergreifende Angebot mit F\u00f6rderung durch das Deutsche Hilfswerk in der Bergheimer Innenstadt und in den Quartieren der Stadt umgesetzt. \u201eBr\u00fcckenschlag digital\u201c ist ein wichtiger Beitrag zur digitalen Teilhabe \u00e4lterer B\u00fcrgerinnen und B\u00fcrger. Ziel ist es, die digitale Kluft zu \u00fcberbr\u00fccken und \u00e4lteren Menschen den selbstst\u00e4ndigen und sicheren Umgang mit digitalen Medien zu erm\u00f6glichen.<\/p>\n<\/div>\n<\/div>\n<\/div>\n<\/div>\n<\/div>\n<div class=\"fusion-fullwidth fullwidth-box fusion-builder-row-4-2 fusion-flex-container has-pattern-background has-mask-background nonhundred-percent-fullwidth non-hundred-percent-height-scrolling\">\n<div class=\"fusion-builder-row fusion-row fusion-flex-align-items-flex-start fusion-flex-content-wrap\">\n<div class=\"fusion-layout-column fusion_builder_column fusion-builder-column-7 fusion_builder_column_1_1 1_1 fusion-flex-column\">\n<div class=\"fusion-column-wrapper fusion-column-has-shadow fusion-flex-justify-content-flex-start fusion-content-layout-column\">\n<div class=\"fusion-text fusion-text-3\">\n<p>Das Projekt umfasst:<\/p>\n<p>\u2022 Niedrigschwellige Kurse zur Nutzung von Smartphones, Tablets und Computern<br \/>\n\u2022 Praxisnahe Einf\u00fchrung in Alltagsanwendungen (Online-Einkauf, Online-Banking, digitale Beh\u00f6rdendienste)<br \/>\n\u2022 Unterst\u00fctzung bei digitalen Gesundheitsangeboten (E-Rezept, Terminbuchung, digitale Arztsprechstunde)<br \/>\n\u2022 Kommunikation und Unterhaltung (Videoanrufe, Social Media, E-Books, Spiele)<br \/>\n\u2022 Individuelle Beratungsstunden zu spezifischen digitalen Anwendungen<br \/>\n\u2022 Generationen\u00fcbergreifende \u201aDigital-Tandems\u2018 mit jungen Ehrenamtlichen<\/p>\n<p>Die Heranf\u00fchrung an Smart-Home-Technologien erm\u00f6glicht es zudem, dass \u00e4ltere Menschen l\u00e4nger selbstst\u00e4ndig in ihren eigenen vier W\u00e4nden leben k\u00f6nnen.<\/p>\n<p>Zielgruppe sind B\u00fcrgerinnen und B\u00fcrger ab 60 Jahren, insbesondere Menschen mit geringen Vorkenntnissen und begrenztem Zugang zu digitalen Ger\u00e4ten.<\/p>\n<p>Mehr Infos unter <a href=\"mailto:seniorendigital@ash-sprungbrett.de\"><strong>seniorendigital@ash-sprungbrett.de<\/strong><\/a> oder telefonisch unter (02271) 65 98 55 3<\/p>\n<\/div>\n<\/div>\n<\/div>\n<\/div>\n<\/div>\n<div class=\"fusion-fullwidth fullwidth-box fusion-builder-row-4-3 fusion-flex-container has-pattern-background has-mask-background hundred-percent-fullwidth non-hundred-percent-height-scrolling\">\n<div class=\"fusion-builder-row fusion-row fusion-flex-align-items-flex-start fusion-flex-content-wrap\">\n<div class=\"fusion-layout-column fusion_builder_column fusion-builder-column-8 fusion_builder_column_1_1 1_1 fusion-flex-column\" data-scroll-devices=\"small-visibility,medium-visibility,large-visibility\">\n<div class=\"fusion-column-wrapper fusion-column-has-shadow fusion-flex-justify-content-flex-start fusion-content-layout-column\">\n<div class=\"fusion-text fusion-text-4\">\n<div class=\"fusion-title title fusion-title-11 fusion-sep-none fusion-title-text fusion-title-size-two\"><\/div>\n<\/div>\n<\/div>\n<\/div>\n<\/div>\n<\/div>\n<div class=\"fusion-fullwidth fullwidth-box fusion-builder-row-4-4 fusion-flex-container has-pattern-background has-mask-background nonhundred-percent-fullwidth non-hundred-percent-height-scrolling\">\n<div class=\"fusion-builder-row fusion-row fusion-flex-align-items-flex-start fusion-flex-content-wrap\">\n<div class=\"fusion-layout-column fusion_builder_column fusion-builder-column-9 fusion_builder_column_2_3 2_3 fusion-flex-column\">\n<div class=\"fusion-column-wrapper fusion-column-has-shadow fusion-flex-justify-content-flex-start fusion-content-layout-column\">\n<div class=\"fusion-text fusion-text-5\">\n<p><strong>Veranstaltungen in Bergheim<\/strong><\/p>\n<p><strong>Sie m\u00f6chten in entspannter Runde Ihr Handy besser verstehen lernen?<\/strong><\/p>\n<p>Wir bieten Interessierten ab 60 Jahren offene Gruppenkurse zu verschiedenen Themen rund um Handy, Internet und Apps an. Sie bieten Ihnen die perfekte Gelegenheit, den Umgang mit Handy und Co. zu \u00fcben, Ihre Fragen zu stellen und gemeinsam mit Gleichgesinnten Neues zu entdecken. Ganz ohne Druck und in Ihrem eigenen Tempo.<\/p>\n<p>Wir treffen uns alle 14 Tage f\u00fcr etwa 2 Stunden. Suchen Sie sich einfach den passenden Ort und Termin aus!<\/p>\n<p><strong>&#x1f4cd;<\/strong><strong> Standort B\u00fcsdorf<\/strong><\/p>\n<ul>\n<li><strong>Wo?<\/strong> Vereinsheim B\u00fcsdorf 2013 e.V.<\/li>\n<li><strong>Wann?<\/strong> Jeden 2. Montag, von 16:00 bis 18:00 Uhr<\/li>\n<\/ul>\n<p>(ungerade Woche)<\/p>\n<ul>\n<li><strong>Erster Termin 2026:<\/strong> Montag, 26. Januar 2026<\/li>\n<\/ul>\n<p><strong>&#x1f4cd;<\/strong><strong> Standort Quadrath-Ichendorf<\/strong><\/p>\n<ul>\n<li><strong>Wo?<\/strong> Kulturbahnhof Gleis 11<\/li>\n<li><strong>Wann?<\/strong> Jeden 2. Donnerstag, von 14:00 bis 16:00 Uhr<\/li>\n<\/ul>\n<p>(ungerade Woche)<\/p>\n<ul>\n<li><strong>Erster Termin 2026:<\/strong> Donnerstag, 29. Januar 2026<\/li>\n<\/ul>\n<p>Unser Angebot w\u00e4chst stetig weiter \u2013 neue Standorte sind schon in Planung. Bleiben Sie gespannt!<\/p>\n<\/div>\n<\/div>\n<\/div>\n<div class=\"fusion-layout-column fusion_builder_column fusion-builder-column-10 fusion_builder_column_1_3 1_3 fusion-flex-column\">\n<div class=\"fusion-column-wrapper fusion-column-has-shadow fusion-flex-justify-content-flex-start fusion-content-layout-column\">\n<div class=\"fusion-image-element \"><\/div>\n<\/div>\n<\/div>\n<\/div>\n<\/div>\n<div class=\"fusion-fullwidth fullwidth-box fusion-builder-row-4-5 fusion-flex-container has-pattern-background has-mask-background nonhundred-percent-fullwidth non-hundred-percent-height-scrolling\">\n<div class=\"fusion-builder-row fusion-row fusion-flex-align-items-flex-start fusion-flex-content-wrap\">\n<div class=\"fusion-layout-column fusion_builder_column fusion-builder-column-11 fusion_builder_column_1_3 1_3 fusion-flex-column\">\n<div class=\"fusion-column-wrapper fusion-column-has-shadow fusion-flex-justify-content-flex-start fusion-content-layout-column\">\n<div><\/div>\n<div class=\"fusion-image-element \"><strong>Kaffeeklatsch mit WLAN \u2013 Offene Beratung f\u00fcr digitale Fragen<\/strong><\/div>\n<\/div>\n<\/div>\n<div class=\"fusion-layout-column fusion_builder_column fusion-builder-column-12 fusion_builder_column_2_3 2_3 fusion-flex-column\">\n<div class=\"fusion-column-wrapper fusion-column-has-shadow fusion-flex-justify-content-flex-start fusion-content-layout-column\">\n<div class=\"fusion-text fusion-text-6\">\n<p>&nbsp;<\/p>\n<p>F\u00fchlen Sie sich manchmal von Ihrem Smartphone, Laptop oder Tablet \u00fcberfordert? Haben Sie Fragen zu bestimmten Apps oder zur Nutzung des Internets? Dann kommen Sie doch einfach bei unserem digitalen Kaffeeklatsch vorbei!<\/p>\n<p>Jeden <strong>Dienstag<\/strong> zwischen <strong>9 Uhr und 11:30<\/strong> Uhr laden wir alle Interessierten ab 60 Jahren herzlich in die <strong>Hauptstra\u00dfe 10<\/strong> in der Fu\u00dfg\u00e4ngerzone Bergheim ein.<\/p>\n<p>In entspannter Runde bei einer Tasse Kaffee k\u00f6nnen Sie Ihre Fragen zu Handy, Laptop, Tablet oder Apps stellen. Wir nehmen uns gerne Zeit f\u00fcr Sie \u2013 ganz gleich, ob kleine Unsicherheit oder kniffliges Problem!<\/p>\n<p>Kommen Sie einfach vorbei, spontan und ohne Anmeldung.<\/p>\n<\/div>\n<\/div>\n<\/div>\n<\/div>\n<\/div>\n","protected":false},"excerpt":{"rendered":"<p class=\"fusion-responsive-typography-calculated\" data-fontsize=\"38\" data-lineheight=\"45.6px\">ASH-Sprungbrett startet das generationenverbindende Projekt \u201eBr\u00fcckenschlag digital \u2013 Generationen verbinden\u201c. \u00a0Von Mai 2025 bis April 2028 wird das generationen\u00fcbergreifende Angebot mit F\u00f6rderung durch das Deutsche Hilfswerk in der Bergheimer Innenstadt und in den Quartieren der Stadt umgesetzt. \u201eBr\u00fcckenschlag digital\u201c ist ein wichtiger Beitrag zur digitalen Teilhabe \u00e4lterer B\u00fcrgerinnen und B\u00fcrger. Ziel ist &hellip; <\/p>\n<p><a class=\"more-link btn\" href=\"https:\/\/unser-quartier.de\/stadt-bergheim\/2026\/02\/brueckenschlag-digital-generationen-verbinden\/\">Weiterlesen<\/a><\/p>\n","protected":false},"author":133,"featured_media":0,"comment_status":"closed","ping_status":"closed","sticky":false,"template":"","format":"standard","meta":{"_bbp_topic_count":0,"_bbp_reply_count":0,"_bbp_total_topic_count":0,"_bbp_total_reply_count":0,"_bbp_voice_count":0,"_bbp_anonymous_reply_count":0,"_bbp_topic_count_hidden":0,"_bbp_reply_count_hidden":0,"_bbp_forum_subforum_count":0,"jetpack_post_was_ever_published":false,"_jetpack_newsletter_access":"","_jetpack_dont_email_post_to_subs":false,"_jetpack_newsletter_tier_id":0,"_jetpack_memberships_contains_paywalled_content":false,"_jetpack_memberships_contains_paid_content":false,"footnotes":""},"categories":[65],"tags":[],"class_list":["post-35496","post","type-post","status-publish","format-standard","hentry","category-demenz","item-wrap"],"jetpack_sharing_enabled":true,"jetpack_featured_media_url":"","jetpack_shortlink":"https:\/\/wp.me\/p3vhfJ-9ew","jetpack_likes_enabled":true,"_links":{"self":[{"href":"https:\/\/unser-quartier.de\/stadt-bergheim\/wp-json\/wp\/v2\/posts\/35496","targetHints":{"allow":["GET"]}}],"collection":[{"href":"https:\/\/unser-quartier.de\/stadt-bergheim\/wp-json\/wp\/v2\/posts"}],"about":[{"href":"https:\/\/unser-quartier.de\/stadt-bergheim\/wp-json\/wp\/v2\/types\/post"}],"author":[{"embeddable":true,"href":"https:\/\/unser-quartier.de\/stadt-bergheim\/wp-json\/wp\/v2\/users\/133"}],"replies":[{"embeddable":true,"href":"https:\/\/unser-quartier.de\/stadt-bergheim\/wp-json\/wp\/v2\/comments?post=35496"}],"version-history":[{"count":1,"href":"https:\/\/unser-quartier.de\/stadt-bergheim\/wp-json\/wp\/v2\/posts\/35496\/revisions"}],"predecessor-version":[{"id":35497,"href":"https:\/\/unser-quartier.de\/stadt-bergheim\/wp-json\/wp\/v2\/posts\/35496\/revisions\/35497"}],"wp:attachment":[{"href":"https:\/\/unser-quartier.de\/stadt-bergheim\/wp-json\/wp\/v2\/media?parent=35496"}],"wp:term":[{"taxonomy":"category","embeddable":true,"href":"https:\/\/unser-quartier.de\/stadt-bergheim\/wp-json\/wp\/v2\/categories?post=35496"},{"taxonomy":"post_tag","embeddable":true,"href":"https:\/\/unser-quartier.de\/stadt-bergheim\/wp-json\/wp\/v2\/tags?post=35496"}],"curies":[{"name":"wp","href":"https:\/\/api.w.org\/{rel}","templated":true}]}}