{"id":35506,"date":"2026-03-12T15:17:00","date_gmt":"2026-03-12T14:17:00","guid":{"rendered":"https:\/\/unser-quartier.de\/stadt-bergheim\/?p=35506"},"modified":"2026-03-12T15:17:00","modified_gmt":"2026-03-12T14:17:00","slug":"aelterwerden-in-bergheim","status":"publish","type":"post","link":"https:\/\/unser-quartier.de\/stadt-bergheim\/2026\/03\/aelterwerden-in-bergheim\/","title":{"rendered":"\u00c4lterwerden in Bergheim"},"content":{"rendered":"<p><strong>Informations- und Diskussionsveranstaltung am\u00a0 25.03.2026 im Rathaus<\/strong><\/p>\n<div id=\"attachment_34796\" style=\"width: 300px\" class=\"wp-caption alignleft\"><img data-recalc-dims=\"1\" loading=\"lazy\" decoding=\"async\" aria-describedby=\"caption-attachment-34796\" data-attachment-id=\"34796\" data-permalink=\"https:\/\/unser-quartier.de\/stadt-bergheim\/2024\/08\/termin-aenderung-ehrenamtliche-seniorenbegleitung\/dsc04834\/\" data-orig-file=\"https:\/\/i0.wp.com\/unser-quartier.de\/stadt-bergheim\/files\/2024\/08\/DSC04834.jpg?fit=1024%2C683&amp;ssl=1\" data-orig-size=\"1024,683\" data-comments-opened=\"0\" data-image-meta=\"{&quot;aperture&quot;:&quot;11&quot;,&quot;credit&quot;:&quot;&quot;,&quot;camera&quot;:&quot;ILCE-6000&quot;,&quot;caption&quot;:&quot;&quot;,&quot;created_timestamp&quot;:&quot;1657804855&quot;,&quot;copyright&quot;:&quot;&quot;,&quot;focal_length&quot;:&quot;16&quot;,&quot;iso&quot;:&quot;100&quot;,&quot;shutter_speed&quot;:&quot;0.008&quot;,&quot;title&quot;:&quot;&quot;,&quot;orientation&quot;:&quot;1&quot;}\" data-image-title=\"DSC04834\" data-image-description=\"\" data-image-caption=\"\" data-medium-file=\"https:\/\/i0.wp.com\/unser-quartier.de\/stadt-bergheim\/files\/2024\/08\/DSC04834.jpg?fit=300%2C200&amp;ssl=1\" data-large-file=\"https:\/\/i0.wp.com\/unser-quartier.de\/stadt-bergheim\/files\/2024\/08\/DSC04834.jpg?fit=770%2C514&amp;ssl=1\" class=\"wp-image-34796 size-medium\" src=\"https:\/\/i0.wp.com\/unser-quartier.de\/stadt-bergheim\/files\/2024\/08\/DSC04834.jpg?resize=300%2C200&#038;ssl=1\" alt=\"\" width=\"300\" height=\"200\" srcset=\"https:\/\/i0.wp.com\/unser-quartier.de\/stadt-bergheim\/files\/2024\/08\/DSC04834.jpg?resize=300%2C200&amp;ssl=1 300w, https:\/\/i0.wp.com\/unser-quartier.de\/stadt-bergheim\/files\/2024\/08\/DSC04834.jpg?resize=150%2C100&amp;ssl=1 150w, https:\/\/i0.wp.com\/unser-quartier.de\/stadt-bergheim\/files\/2024\/08\/DSC04834.jpg?resize=768%2C512&amp;ssl=1 768w, https:\/\/i0.wp.com\/unser-quartier.de\/stadt-bergheim\/files\/2024\/08\/DSC04834.jpg?resize=770%2C514&amp;ssl=1 770w, https:\/\/i0.wp.com\/unser-quartier.de\/stadt-bergheim\/files\/2024\/08\/DSC04834.jpg?w=1024&amp;ssl=1 1024w\" sizes=\"auto, (max-width: 300px) 100vw, 300px\" \/><p id=\"caption-attachment-34796\" class=\"wp-caption-text\">Bergheimer Seniorenbegleiter*innen<\/p><\/div>\n<p>Die Kreisstadt Bergheim hat in den letzten Jahren viel auf den Weg gebracht, um das \u00c4lterwerden in Bergheim so angenehm wie m\u00f6glich zu gestalten. Dazu geh\u00f6ren Ortsbegehungen zur Barrierefreiheit, Pr\u00e4ventive Hausbesuche, finanzielle Unterst\u00fctzung f\u00fcr Angebote f\u00fcr Seniorinnen und Senioren zur St\u00e4rkung des sozialen Miteinanders, Ausbildung von ehrenamtlichen Seniorenbegleiter\/innen und vieles mehr. Auch das Seniorenportal Bergheim ist urspr\u00fcnglich eine st\u00e4dtische Initiative, die jetzt vom EFI-Team Bergheim ehrenamtlich weitergetragen wird.<\/p>\n<p>Als Leuchtturmprojekt ist das Seniorenkonzept \u201eGemeinsam \u00e4lter werden in Bergheim\u201c hervorzuheben. In verschiedenen Handlungsfeldern, z.B. Gesundheit und Pflege, Sicherheit, Notfallvorsorge und Hitzepr\u00e4vention, Wohnen, Leben im Alter, Mobilit\u00e4t und Teilhabe, werden Ma\u00dfnahmen vorgeschlagen, die nun nach und nach umgesetzt werden.<\/p>\n<p>Reicht das aus, um in Bergheim gut \u00e4lter werden zu k\u00f6nnen? Was k\u00f6nnen wir selbst daf\u00fcr tun? Diesen Fragen soll mit Expertinnen und Experten des Fachbereiches Soziales und Integration in einer Informations- und Diskussionsveranstaltung am Mittwoch, 25. M\u00e4rz 2026, von 10.00 bis 12.00 Uhr, im Rathaus Bergheim,<br \/>\nBethlehemer Stra\u00dfe 9-11, Ratssaal, nachgegangen werden. Nach einem Impulsvortrag werden das<br \/>\nSeniorenkonzept vorgestellt und die Angebote der Kreisstadt Bergheim unter die Lupe genommen.<\/p>\n<p>Anschlie\u00dfend bleibt gen\u00fcgend Zeit f\u00fcr Diskussion und Austausch. Alle Interessierten sind herzlich eingeladen. F\u00fcr eine bessere Organisation wird um Anmeldung gebeten:<br \/>\n02271\/89 278 \u2013 <a href=\"mailto:melissa.geray@bergheim.de\">melissa.geray@bergheim.de<\/a><\/p>\n","protected":false},"excerpt":{"rendered":"<p><strong>Informations- und Diskussionsveranstaltung am\u00a0 25.03.2026 im Rathaus<\/strong><\/p>\n<p>Die Kreisstadt Bergheim hat in den letzten Jahren viel auf den Weg gebracht, um das \u00c4lterwerden in Bergheim so angenehm wie m\u00f6glich zu gestalten. Dazu geh\u00f6ren Ortsbegehungen zur Barrierefreiheit, Pr\u00e4ventive Hausbesuche, finanzielle Unterst\u00fctzung f\u00fcr Angebote f\u00fcr Seniorinnen und Senioren zur St\u00e4rkung des sozialen Miteinanders, Ausbildung von ehrenamtlichen Seniorenbegleiter\/innen &hellip; <\/p>\n<p><a class=\"more-link btn\" href=\"https:\/\/unser-quartier.de\/stadt-bergheim\/2026\/03\/aelterwerden-in-bergheim\/\">Weiterlesen<\/a><\/p>\n","protected":false},"author":133,"featured_media":0,"comment_status":"closed","ping_status":"closed","sticky":false,"template":"","format":"standard","meta":{"_bbp_topic_count":0,"_bbp_reply_count":0,"_bbp_total_topic_count":0,"_bbp_total_reply_count":0,"_bbp_voice_count":0,"_bbp_anonymous_reply_count":0,"_bbp_topic_count_hidden":0,"_bbp_reply_count_hidden":0,"_bbp_forum_subforum_count":0,"jetpack_post_was_ever_published":false,"_jetpack_newsletter_access":"","_jetpack_dont_email_post_to_subs":false,"_jetpack_newsletter_tier_id":0,"_jetpack_memberships_contains_paywalled_content":false,"_jetpack_memberships_contains_paid_content":false,"footnotes":""},"categories":[63],"tags":[],"class_list":["post-35506","post","type-post","status-publish","format-standard","hentry","category-beratung","item-wrap"],"jetpack_sharing_enabled":true,"jetpack_featured_media_url":"","jetpack_shortlink":"https:\/\/wp.me\/p3vhfJ-9eG","jetpack_likes_enabled":true,"_links":{"self":[{"href":"https:\/\/unser-quartier.de\/stadt-bergheim\/wp-json\/wp\/v2\/posts\/35506","targetHints":{"allow":["GET"]}}],"collection":[{"href":"https:\/\/unser-quartier.de\/stadt-bergheim\/wp-json\/wp\/v2\/posts"}],"about":[{"href":"https:\/\/unser-quartier.de\/stadt-bergheim\/wp-json\/wp\/v2\/types\/post"}],"author":[{"embeddable":true,"href":"https:\/\/unser-quartier.de\/stadt-bergheim\/wp-json\/wp\/v2\/users\/133"}],"replies":[{"embeddable":true,"href":"https:\/\/unser-quartier.de\/stadt-bergheim\/wp-json\/wp\/v2\/comments?post=35506"}],"version-history":[{"count":1,"href":"https:\/\/unser-quartier.de\/stadt-bergheim\/wp-json\/wp\/v2\/posts\/35506\/revisions"}],"predecessor-version":[{"id":35507,"href":"https:\/\/unser-quartier.de\/stadt-bergheim\/wp-json\/wp\/v2\/posts\/35506\/revisions\/35507"}],"wp:attachment":[{"href":"https:\/\/unser-quartier.de\/stadt-bergheim\/wp-json\/wp\/v2\/media?parent=35506"}],"wp:term":[{"taxonomy":"category","embeddable":true,"href":"https:\/\/unser-quartier.de\/stadt-bergheim\/wp-json\/wp\/v2\/categories?post=35506"},{"taxonomy":"post_tag","embeddable":true,"href":"https:\/\/unser-quartier.de\/stadt-bergheim\/wp-json\/wp\/v2\/tags?post=35506"}],"curies":[{"name":"wp","href":"https:\/\/api.w.org\/{rel}","templated":true}]}}