{"id":35518,"date":"2026-03-12T15:46:30","date_gmt":"2026-03-12T14:46:30","guid":{"rendered":"https:\/\/unser-quartier.de\/stadt-bergheim\/?p=35518"},"modified":"2026-03-12T15:47:19","modified_gmt":"2026-03-12T14:47:19","slug":"zeitreisen-in-die-regionalgeschichte","status":"publish","type":"post","link":"https:\/\/unser-quartier.de\/stadt-bergheim\/2026\/03\/zeitreisen-in-die-regionalgeschichte\/","title":{"rendered":"Zeitreisen in die Regionalgeschichte"},"content":{"rendered":"<p><strong>Neues Online-Portal der Archive Rhein-Erft-Rur<\/strong><\/p>\n<div id=\"attachment_35519\" style=\"width: 238px\" class=\"wp-caption alignleft\"><img data-recalc-dims=\"1\" loading=\"lazy\" decoding=\"async\" aria-describedby=\"caption-attachment-35519\" data-attachment-id=\"35519\" data-permalink=\"https:\/\/unser-quartier.de\/stadt-bergheim\/2026\/03\/zeitreisen-in-die-regionalgeschichte\/img_2536\/\" data-orig-file=\"https:\/\/i0.wp.com\/unser-quartier.de\/stadt-bergheim\/files\/2026\/03\/IMG_2536.jpeg?fit=1024%2C768&amp;ssl=1\" data-orig-size=\"1024,768\" data-comments-opened=\"0\" data-image-meta=\"{&quot;aperture&quot;:&quot;0&quot;,&quot;credit&quot;:&quot;&quot;,&quot;camera&quot;:&quot;&quot;,&quot;caption&quot;:&quot;&quot;,&quot;created_timestamp&quot;:&quot;0&quot;,&quot;copyright&quot;:&quot;&quot;,&quot;focal_length&quot;:&quot;0&quot;,&quot;iso&quot;:&quot;0&quot;,&quot;shutter_speed&quot;:&quot;0&quot;,&quot;title&quot;:&quot;&quot;,&quot;orientation&quot;:&quot;1&quot;}\" data-image-title=\"IMG_2536\" data-image-description=\"\" data-image-caption=\"\" data-medium-file=\"https:\/\/i0.wp.com\/unser-quartier.de\/stadt-bergheim\/files\/2026\/03\/IMG_2536.jpeg?fit=300%2C225&amp;ssl=1\" data-large-file=\"https:\/\/i0.wp.com\/unser-quartier.de\/stadt-bergheim\/files\/2026\/03\/IMG_2536.jpeg?fit=770%2C578&amp;ssl=1\" class=\"wp-image-35519\" src=\"https:\/\/i0.wp.com\/unser-quartier.de\/stadt-bergheim\/files\/2026\/03\/IMG_2536.jpeg?resize=238%2C179&#038;ssl=1\" alt=\"\" width=\"238\" height=\"179\" srcset=\"https:\/\/i0.wp.com\/unser-quartier.de\/stadt-bergheim\/files\/2026\/03\/IMG_2536.jpeg?resize=300%2C225&amp;ssl=1 300w, https:\/\/i0.wp.com\/unser-quartier.de\/stadt-bergheim\/files\/2026\/03\/IMG_2536.jpeg?resize=150%2C113&amp;ssl=1 150w, https:\/\/i0.wp.com\/unser-quartier.de\/stadt-bergheim\/files\/2026\/03\/IMG_2536.jpeg?resize=768%2C576&amp;ssl=1 768w, https:\/\/i0.wp.com\/unser-quartier.de\/stadt-bergheim\/files\/2026\/03\/IMG_2536.jpeg?resize=770%2C578&amp;ssl=1 770w, https:\/\/i0.wp.com\/unser-quartier.de\/stadt-bergheim\/files\/2026\/03\/IMG_2536.jpeg?w=1024&amp;ssl=1 1024w\" sizes=\"auto, (max-width: 238px) 100vw, 238px\" \/><p id=\"caption-attachment-35519\" class=\"wp-caption-text\">Fotos: Andrea Flo\u00df<\/p><\/div>\n<p>Stadtarchive haben den Ruf, mit verstaubten Aktenbergen und unleserlichen Dokumenten in dunklen Kellern nur ein sehr spezielles Publikum anzuziehen. Dabei lagern in den Magazinen der Kreise Rhein-Erft und D\u00fcren Rur wahre Sch\u00e4tze mit einzigartigen Zeugnissen zur Regionalgeschichte.<\/p>\n<p>Anhand ausgew\u00e4hlter Best\u00e4nde erm\u00f6glicht ein neues, gemeinsam erarbeitetes Online-Portal einen modernen Zugang zu den historischen Quellen und macht sie in zwei virtuellen Ausstellungen \u00f6ffentlich zug\u00e4nglich. Mit einer feierlichen Veranstaltung im Ratssaal der Kreisstadt Bergheim wurde das Portal am Donnertag, 5. M\u00e4rz 2026 vorgestellt. An verschiedenen Medienstationen erhielten die Teilnehmenden anschlie\u00dfend Gelegenheit, die Inhalte selbst zu erkunden und auf Zeitreise zu gehen.<\/p>\n<div id=\"attachment_35520\" style=\"width: 232px\" class=\"wp-caption alignleft\"><img data-recalc-dims=\"1\" loading=\"lazy\" decoding=\"async\" aria-describedby=\"caption-attachment-35520\" data-attachment-id=\"35520\" data-permalink=\"https:\/\/unser-quartier.de\/stadt-bergheim\/2026\/03\/zeitreisen-in-die-regionalgeschichte\/img_2540\/\" data-orig-file=\"https:\/\/i0.wp.com\/unser-quartier.de\/stadt-bergheim\/files\/2026\/03\/IMG_2540.jpeg?fit=1024%2C768&amp;ssl=1\" data-orig-size=\"1024,768\" data-comments-opened=\"0\" data-image-meta=\"{&quot;aperture&quot;:&quot;0&quot;,&quot;credit&quot;:&quot;&quot;,&quot;camera&quot;:&quot;&quot;,&quot;caption&quot;:&quot;&quot;,&quot;created_timestamp&quot;:&quot;0&quot;,&quot;copyright&quot;:&quot;&quot;,&quot;focal_length&quot;:&quot;0&quot;,&quot;iso&quot;:&quot;0&quot;,&quot;shutter_speed&quot;:&quot;0&quot;,&quot;title&quot;:&quot;&quot;,&quot;orientation&quot;:&quot;1&quot;}\" data-image-title=\"IMG_2540\" data-image-description=\"\" data-image-caption=\"\" data-medium-file=\"https:\/\/i0.wp.com\/unser-quartier.de\/stadt-bergheim\/files\/2026\/03\/IMG_2540.jpeg?fit=300%2C225&amp;ssl=1\" data-large-file=\"https:\/\/i0.wp.com\/unser-quartier.de\/stadt-bergheim\/files\/2026\/03\/IMG_2540.jpeg?fit=770%2C578&amp;ssl=1\" class=\"wp-image-35520\" src=\"https:\/\/i0.wp.com\/unser-quartier.de\/stadt-bergheim\/files\/2026\/03\/IMG_2540.jpeg?resize=232%2C174&#038;ssl=1\" alt=\"\" width=\"232\" height=\"174\" srcset=\"https:\/\/i0.wp.com\/unser-quartier.de\/stadt-bergheim\/files\/2026\/03\/IMG_2540.jpeg?resize=300%2C225&amp;ssl=1 300w, https:\/\/i0.wp.com\/unser-quartier.de\/stadt-bergheim\/files\/2026\/03\/IMG_2540.jpeg?resize=150%2C113&amp;ssl=1 150w, https:\/\/i0.wp.com\/unser-quartier.de\/stadt-bergheim\/files\/2026\/03\/IMG_2540.jpeg?resize=768%2C576&amp;ssl=1 768w, https:\/\/i0.wp.com\/unser-quartier.de\/stadt-bergheim\/files\/2026\/03\/IMG_2540.jpeg?resize=770%2C578&amp;ssl=1 770w, https:\/\/i0.wp.com\/unser-quartier.de\/stadt-bergheim\/files\/2026\/03\/IMG_2540.jpeg?w=1024&amp;ssl=1 1024w\" sizes=\"auto, (max-width: 232px) 100vw, 232px\" \/><p id=\"caption-attachment-35520\" class=\"wp-caption-text\">Lena Delbach (Mitte r.), Leiterin des Bergheimer Stadtarchivs, geh\u00f6rt mit zum Ausstellungsteam.<\/p><\/div>\n<p>Die lebendige Vermittlung soll vor allem junge Menschen f\u00fcr die Heimatgeschichte begeistern, so Andrea Lehmann Pedyna, Dezernentin f\u00fcr Jugend, Bildung und Ordnung. Den Anfang machen zwei Themen: <strong>\u201eKrieg und Frieden. Die Region Rhein-Erft-Rur von 1944 \u2013 1946\u201c<\/strong> entstand anl\u00e4sslich des 80. Jahrestages des Kriegsendes und l\u00e4sst anhand von Fotografien, Dokumenten und Zeitzeugenberichten die letzten Monate des Zweiten Weltkriegs und die unmittelbare Nachkriegszeit in der Region zwischen Herbst 1944 und Sommer 1946 miterleben. Hunger, Elend und Tod, aber auch Hoffnung auf eine bessere Zukunft pr\u00e4gten diese Zeit. Die zweite Ausstellung <strong>\u201eShalom Chaverim. J\u00fcdisches Leben in der Region Rhein-Erft-Rur\u201c<\/strong> zeigt das kulturelle Leben in den Gemeinden ebenso wie Verfolgung, Verlust und Erinnerung. Erg\u00e4nzt wird das Online-Portal durch einen begleitenden Blog, in dem regelm\u00e4\u00dfig vertiefende Beitr\u00e4ge ver\u00f6ffentlicht werden.\u00a0Das Portal soll kontinuierlich erweitert werden.<\/p>\n<p>\u201eEs lohnt sich auf jeden Fall, sich mit unserer Geschichte auseinanderzusetzen\u201c, findet Mohammad Hossain Nejad, Sch\u00fcler des Geschwister-Scholl-Gymnasiums. F\u00fcr die Recherchen zu einer Facharbeit ist der 18-J\u00e4hrige tief ins Pulheimer Stadtarchiv eingetaucht und hat Schulchroniken aus Sinthern und Sinnersdorf durchforstet. Sch\u00fclerinnen und Sch\u00fclerinnen des Frechener Gymnasiums erforschten das Alltagsleben junger Menschen zwischen Herbst 1944 und Sommer 1946 und lernten, dass ihre Altersgenossen viel zu fr\u00fch erwachsen werden mussten \u2013 \u201ekeine Likes, kein Streaming, aber jede Menge Verantwortung\u201c, so ihr Fazit.<\/p>\n<p><a href=\"https:\/\/archive-rer.de\/\" rel=\"nofollow\">www.archive-rer.de <\/a><\/p>\n","protected":false},"excerpt":{"rendered":"<p><strong>Neues Online-Portal der Archive Rhein-Erft-Rur<\/strong><\/p>\n<p>Stadtarchive haben den Ruf, mit verstaubten Aktenbergen und unleserlichen Dokumenten in dunklen Kellern nur ein sehr spezielles Publikum anzuziehen. Dabei lagern in den Magazinen der Kreise Rhein-Erft und D\u00fcren Rur wahre Sch\u00e4tze mit einzigartigen Zeugnissen zur Regionalgeschichte.<\/p>\n<p>Anhand ausgew\u00e4hlter Best\u00e4nde erm\u00f6glicht ein neues, gemeinsam erarbeitetes Online-Portal einen modernen Zugang zu &hellip; <\/p>\n<p><a class=\"more-link btn\" href=\"https:\/\/unser-quartier.de\/stadt-bergheim\/2026\/03\/zeitreisen-in-die-regionalgeschichte\/\">Weiterlesen<\/a><\/p>\n","protected":false},"author":133,"featured_media":0,"comment_status":"closed","ping_status":"closed","sticky":false,"template":"","format":"standard","meta":{"_bbp_topic_count":0,"_bbp_reply_count":0,"_bbp_total_topic_count":0,"_bbp_total_reply_count":0,"_bbp_voice_count":0,"_bbp_anonymous_reply_count":0,"_bbp_topic_count_hidden":0,"_bbp_reply_count_hidden":0,"_bbp_forum_subforum_count":0,"jetpack_post_was_ever_published":false,"_jetpack_newsletter_access":"","_jetpack_dont_email_post_to_subs":false,"_jetpack_newsletter_tier_id":0,"_jetpack_memberships_contains_paywalled_content":false,"_jetpack_memberships_contains_paid_content":false,"footnotes":""},"categories":[1],"tags":[],"class_list":["post-35518","post","type-post","status-publish","format-standard","hentry","category-allgemein","item-wrap"],"jetpack_sharing_enabled":true,"jetpack_featured_media_url":"","jetpack_shortlink":"https:\/\/wp.me\/p3vhfJ-9eS","jetpack_likes_enabled":true,"_links":{"self":[{"href":"https:\/\/unser-quartier.de\/stadt-bergheim\/wp-json\/wp\/v2\/posts\/35518","targetHints":{"allow":["GET"]}}],"collection":[{"href":"https:\/\/unser-quartier.de\/stadt-bergheim\/wp-json\/wp\/v2\/posts"}],"about":[{"href":"https:\/\/unser-quartier.de\/stadt-bergheim\/wp-json\/wp\/v2\/types\/post"}],"author":[{"embeddable":true,"href":"https:\/\/unser-quartier.de\/stadt-bergheim\/wp-json\/wp\/v2\/users\/133"}],"replies":[{"embeddable":true,"href":"https:\/\/unser-quartier.de\/stadt-bergheim\/wp-json\/wp\/v2\/comments?post=35518"}],"version-history":[{"count":2,"href":"https:\/\/unser-quartier.de\/stadt-bergheim\/wp-json\/wp\/v2\/posts\/35518\/revisions"}],"predecessor-version":[{"id":35522,"href":"https:\/\/unser-quartier.de\/stadt-bergheim\/wp-json\/wp\/v2\/posts\/35518\/revisions\/35522"}],"wp:attachment":[{"href":"https:\/\/unser-quartier.de\/stadt-bergheim\/wp-json\/wp\/v2\/media?parent=35518"}],"wp:term":[{"taxonomy":"category","embeddable":true,"href":"https:\/\/unser-quartier.de\/stadt-bergheim\/wp-json\/wp\/v2\/categories?post=35518"},{"taxonomy":"post_tag","embeddable":true,"href":"https:\/\/unser-quartier.de\/stadt-bergheim\/wp-json\/wp\/v2\/tags?post=35518"}],"curies":[{"name":"wp","href":"https:\/\/api.w.org\/{rel}","templated":true}]}}