{"id":35526,"date":"2026-03-12T16:03:26","date_gmt":"2026-03-12T15:03:26","guid":{"rendered":"https:\/\/unser-quartier.de\/stadt-bergheim\/?p=35526"},"modified":"2026-03-12T16:03:26","modified_gmt":"2026-03-12T15:03:26","slug":"gemeinsam-puzzeln-in-der-stadtbibliothek-bergheim","status":"publish","type":"post","link":"https:\/\/unser-quartier.de\/stadt-bergheim\/2026\/03\/gemeinsam-puzzeln-in-der-stadtbibliothek-bergheim\/","title":{"rendered":"Gemeinsam puzzeln in der Stadtbibliothek Bergheim"},"content":{"rendered":"<p><strong>Neues Angebot im Rahmen von Inklusion und Teilhabe<\/strong><\/p>\n<p><img data-recalc-dims=\"1\" loading=\"lazy\" decoding=\"async\" data-attachment-id=\"35527\" data-permalink=\"https:\/\/unser-quartier.de\/stadt-bergheim\/2026\/03\/gemeinsam-puzzeln-in-der-stadtbibliothek-bergheim\/gemeinsam_puzzeln-002\/\" data-orig-file=\"https:\/\/i0.wp.com\/unser-quartier.de\/stadt-bergheim\/files\/2026\/03\/Gemeinsam_Puzzeln-002.jpg?fit=768%2C1024&amp;ssl=1\" data-orig-size=\"768,1024\" data-comments-opened=\"0\" data-image-meta=\"{&quot;aperture&quot;:&quot;0&quot;,&quot;credit&quot;:&quot;&quot;,&quot;camera&quot;:&quot;&quot;,&quot;caption&quot;:&quot;&quot;,&quot;created_timestamp&quot;:&quot;0&quot;,&quot;copyright&quot;:&quot;&quot;,&quot;focal_length&quot;:&quot;0&quot;,&quot;iso&quot;:&quot;0&quot;,&quot;shutter_speed&quot;:&quot;0&quot;,&quot;title&quot;:&quot;&quot;,&quot;orientation&quot;:&quot;0&quot;}\" data-image-title=\"Gemeinsam_Puzzeln (002)\" data-image-description=\"\" data-image-caption=\"\" data-medium-file=\"https:\/\/i0.wp.com\/unser-quartier.de\/stadt-bergheim\/files\/2026\/03\/Gemeinsam_Puzzeln-002.jpg?fit=225%2C300&amp;ssl=1\" data-large-file=\"https:\/\/i0.wp.com\/unser-quartier.de\/stadt-bergheim\/files\/2026\/03\/Gemeinsam_Puzzeln-002.jpg?fit=768%2C1024&amp;ssl=1\" class=\"alignleft wp-image-35527 size-medium\" src=\"https:\/\/i0.wp.com\/unser-quartier.de\/stadt-bergheim\/files\/2026\/03\/Gemeinsam_Puzzeln-002.jpg?resize=225%2C300&#038;ssl=1\" alt=\"\" width=\"225\" height=\"300\" srcset=\"https:\/\/i0.wp.com\/unser-quartier.de\/stadt-bergheim\/files\/2026\/03\/Gemeinsam_Puzzeln-002.jpg?resize=225%2C300&amp;ssl=1 225w, https:\/\/i0.wp.com\/unser-quartier.de\/stadt-bergheim\/files\/2026\/03\/Gemeinsam_Puzzeln-002.jpg?resize=113%2C150&amp;ssl=1 113w, https:\/\/i0.wp.com\/unser-quartier.de\/stadt-bergheim\/files\/2026\/03\/Gemeinsam_Puzzeln-002.jpg?w=768&amp;ssl=1 768w\" sizes=\"auto, (max-width: 225px) 100vw, 225px\" \/>Wenn Menschen gemeinsam handeln, st\u00e4rkt das das Miteinander und das nat\u00fcrliche Gesp\u00fcr<br \/>\nf\u00fcreinander \u2013 eine wesentliche Grundlage f\u00fcr ein gelingendes Zusammenleben. Die positive Wirkung<br \/>\ngemeinsamen Puzzelns hat auch eine Studie der Universit\u00e4t Wien belegt.<\/p>\n<p>\u201eWenn zwei Personen gemeinsam eine Aufgabe l\u00f6sen, synchronisieren sich ihre Bewegungen deutlich st\u00e4rker als bei Einzelarbeit. Kooperation fungiert als sozialer Klebstoff\u201c, fasst das Forschungsteam der<br \/>\nUniversit\u00e4t Wien zusammen.\u00a0 Die Abteilung Inklusion und Teilhabe der Kreisstadt Bergheim greift diese Erkenntnis auf und startet ein Puzzle-Projekt in Kooperation mit der Stadtbibliothek Bergheim. In der Bergheimer Stadtbibliothek besteht ab dem 18. M\u00e4rz die M\u00f6glichkeit, gemeinsam an einem Puzzle zu arbeiten.<\/p>\n<p>Der F\u00f6rderverein der Stadtbibliothek hat das erste Puzzle anfertigen lassen und zur Verf\u00fcgung gestellt. Es zeigt das Aachener Tor, das Bergheimer Wahrzeichen, im Fr\u00fchling.\u00a0 Interessierte finden zu den \u00d6ffnungszeiten im Erdgeschoss der Bibliothek einen Tisch, an dem sie an<br \/>\nder Aktion teilnehmen k\u00f6nnen.<\/p>\n<p>Auch eigene Puzzles k\u00f6nnen mitgebracht werden. Auf dem Tisch ist<br \/>\nPlatz f\u00fcr maximal zwei gr\u00f6\u00dfere Puzzle, die nebeneinander bearbeitet werden k\u00f6nnen.<br \/>\nAnfragen gerne per E-Mail an <a href=\"mailto:stadtbibliothek@bergheim.de\"><strong>stadtbibliothek@bergheim.de<\/strong><\/a> oder telefonisch unter 02271\/89380<\/p>\n","protected":false},"excerpt":{"rendered":"<p><strong>Neues Angebot im Rahmen von Inklusion und Teilhabe<\/strong><\/p>\n<p>Wenn Menschen gemeinsam handeln, st\u00e4rkt das das Miteinander und das nat\u00fcrliche Gesp\u00fcr f\u00fcreinander \u2013 eine wesentliche Grundlage f\u00fcr ein gelingendes Zusammenleben. Die positive Wirkung gemeinsamen Puzzelns hat auch eine Studie der Universit\u00e4t Wien belegt.<\/p>\n<p>\u201eWenn zwei Personen gemeinsam eine Aufgabe l\u00f6sen, synchronisieren sich ihre Bewegungen deutlich st\u00e4rker &hellip; <\/p>\n<p><a class=\"more-link btn\" href=\"https:\/\/unser-quartier.de\/stadt-bergheim\/2026\/03\/gemeinsam-puzzeln-in-der-stadtbibliothek-bergheim\/\">Weiterlesen<\/a><\/p>\n","protected":false},"author":133,"featured_media":0,"comment_status":"closed","ping_status":"closed","sticky":false,"template":"","format":"standard","meta":{"_bbp_topic_count":0,"_bbp_reply_count":0,"_bbp_total_topic_count":0,"_bbp_total_reply_count":0,"_bbp_voice_count":0,"_bbp_anonymous_reply_count":0,"_bbp_topic_count_hidden":0,"_bbp_reply_count_hidden":0,"_bbp_forum_subforum_count":0,"jetpack_post_was_ever_published":false,"_jetpack_newsletter_access":"","_jetpack_dont_email_post_to_subs":false,"_jetpack_newsletter_tier_id":0,"_jetpack_memberships_contains_paywalled_content":false,"_jetpack_memberships_contains_paid_content":false,"footnotes":""},"categories":[1,65],"tags":[],"class_list":["post-35526","post","type-post","status-publish","format-standard","hentry","category-allgemein","category-demenz","item-wrap"],"jetpack_sharing_enabled":true,"jetpack_featured_media_url":"","jetpack_shortlink":"https:\/\/wp.me\/p3vhfJ-9f0","jetpack_likes_enabled":true,"_links":{"self":[{"href":"https:\/\/unser-quartier.de\/stadt-bergheim\/wp-json\/wp\/v2\/posts\/35526","targetHints":{"allow":["GET"]}}],"collection":[{"href":"https:\/\/unser-quartier.de\/stadt-bergheim\/wp-json\/wp\/v2\/posts"}],"about":[{"href":"https:\/\/unser-quartier.de\/stadt-bergheim\/wp-json\/wp\/v2\/types\/post"}],"author":[{"embeddable":true,"href":"https:\/\/unser-quartier.de\/stadt-bergheim\/wp-json\/wp\/v2\/users\/133"}],"replies":[{"embeddable":true,"href":"https:\/\/unser-quartier.de\/stadt-bergheim\/wp-json\/wp\/v2\/comments?post=35526"}],"version-history":[{"count":1,"href":"https:\/\/unser-quartier.de\/stadt-bergheim\/wp-json\/wp\/v2\/posts\/35526\/revisions"}],"predecessor-version":[{"id":35528,"href":"https:\/\/unser-quartier.de\/stadt-bergheim\/wp-json\/wp\/v2\/posts\/35526\/revisions\/35528"}],"wp:attachment":[{"href":"https:\/\/unser-quartier.de\/stadt-bergheim\/wp-json\/wp\/v2\/media?parent=35526"}],"wp:term":[{"taxonomy":"category","embeddable":true,"href":"https:\/\/unser-quartier.de\/stadt-bergheim\/wp-json\/wp\/v2\/categories?post=35526"},{"taxonomy":"post_tag","embeddable":true,"href":"https:\/\/unser-quartier.de\/stadt-bergheim\/wp-json\/wp\/v2\/tags?post=35526"}],"curies":[{"name":"wp","href":"https:\/\/api.w.org\/{rel}","templated":true}]}}