{"id":35549,"date":"2026-03-18T11:47:02","date_gmt":"2026-03-18T10:47:02","guid":{"rendered":"https:\/\/unser-quartier.de\/stadt-bergheim\/?p=35549"},"modified":"2026-03-18T11:47:02","modified_gmt":"2026-03-18T10:47:02","slug":"aktive-ruhepausen-fuer-angehoerige","status":"publish","type":"post","link":"https:\/\/unser-quartier.de\/stadt-bergheim\/2026\/03\/aktive-ruhepausen-fuer-angehoerige\/","title":{"rendered":"Aktive Ruhepausen f\u00fcr Angeh\u00f6rige"},"content":{"rendered":"<p><strong>Ergebnisse aus dem Projekt am 24.04.2024 im Kreishaus<\/strong><\/p>\n<div id=\"attachment_35548\" style=\"width: 300px\" class=\"wp-caption alignleft\"><img data-recalc-dims=\"1\" loading=\"lazy\" decoding=\"async\" aria-describedby=\"caption-attachment-35548\" data-attachment-id=\"35548\" data-permalink=\"https:\/\/unser-quartier.de\/stadt-bergheim\/?attachment_id=35548\" data-orig-file=\"https:\/\/i0.wp.com\/unser-quartier.de\/stadt-bergheim\/files\/2026\/03\/IMG_5382.jpg?fit=1024%2C768&amp;ssl=1\" data-orig-size=\"1024,768\" data-comments-opened=\"0\" data-image-meta=\"{&quot;aperture&quot;:&quot;0&quot;,&quot;credit&quot;:&quot;&quot;,&quot;camera&quot;:&quot;&quot;,&quot;caption&quot;:&quot;&quot;,&quot;created_timestamp&quot;:&quot;1736852241&quot;,&quot;copyright&quot;:&quot;&quot;,&quot;focal_length&quot;:&quot;0&quot;,&quot;iso&quot;:&quot;0&quot;,&quot;shutter_speed&quot;:&quot;0&quot;,&quot;title&quot;:&quot;&quot;,&quot;orientation&quot;:&quot;1&quot;}\" data-image-title=\"IMG_5382\" data-image-description=\"\" data-image-caption=\"\" data-medium-file=\"https:\/\/i0.wp.com\/unser-quartier.de\/stadt-bergheim\/files\/2026\/03\/IMG_5382.jpg?fit=300%2C225&amp;ssl=1\" data-large-file=\"https:\/\/i0.wp.com\/unser-quartier.de\/stadt-bergheim\/files\/2026\/03\/IMG_5382.jpg?fit=770%2C578&amp;ssl=1\" class=\"wp-image-35548 size-medium\" src=\"https:\/\/i0.wp.com\/unser-quartier.de\/stadt-bergheim\/files\/2026\/03\/IMG_5382.jpg?resize=300%2C225&#038;ssl=1\" alt=\"\" width=\"300\" height=\"225\" srcset=\"https:\/\/i0.wp.com\/unser-quartier.de\/stadt-bergheim\/files\/2026\/03\/IMG_5382.jpg?resize=300%2C225&amp;ssl=1 300w, https:\/\/i0.wp.com\/unser-quartier.de\/stadt-bergheim\/files\/2026\/03\/IMG_5382.jpg?resize=150%2C113&amp;ssl=1 150w, https:\/\/i0.wp.com\/unser-quartier.de\/stadt-bergheim\/files\/2026\/03\/IMG_5382.jpg?resize=768%2C576&amp;ssl=1 768w, https:\/\/i0.wp.com\/unser-quartier.de\/stadt-bergheim\/files\/2026\/03\/IMG_5382.jpg?resize=770%2C578&amp;ssl=1 770w, https:\/\/i0.wp.com\/unser-quartier.de\/stadt-bergheim\/files\/2026\/03\/IMG_5382.jpg?w=1024&amp;ssl=1 1024w\" sizes=\"auto, (max-width: 300px) 100vw, 300px\" \/><p id=\"caption-attachment-35548\" class=\"wp-caption-text\">Betreuungsangebot der H\u00fcrther Gruppe F\u00fcreinander<\/p><\/div>\n<p>\u201eAktive Ruhepausen\u201c helfen pflegenden Angeh\u00f6rigen, selbst gesund zu bleiben und die eigenen Bed\u00fcrfnisse nicht aus den Augen zu verlieren. Gestartet 2023 von der Alzheimer Gesellschaft und dem Rhein-Erft-Kreis, steht das Pr\u00e4ventionsprojekt anl\u00e4sslich der Demenzwoche im Mittelpunkt einer Fachtagung. Unter dem Motto \u201eBegegnen, bewegen, ber\u00fchren\u201c k\u00f6nnen sich pflegende Angeh\u00f6rige, Demenzbetroffene, Pflegekr\u00e4fte und andere Interessierte am Freitag, 24. April 2026 von 10 bis 13 Uhr im Gro\u00dfen Sitzungungssaal im Kreishaus in Bergheim, Willy-Brandt-Platz 1 \u00fcber Erlebnisse und Ergebnisse des Projekts informieren. Auf dem Programm stehen die Themen Selbstf\u00fcrsorge und Resilienz, Gesundheitsf\u00f6rderung durch Eurhythmie und emotionale Aktivierung mit Tierbegegnungen. Um Anmeldung wird unter <a href=\"mailto:info@schreckling.eu\" rel=\"nofollow\">info@schreckling.eu<\/a> und <a href=\"mailto:pflegeselbsthilfe@gmx.de\" rel=\"nofollow\">pflegeselbsthilfe@gmx.de<\/a> gebeten.<\/p>\n<div id=\"attachment_35547\" style=\"width: 300px\" class=\"wp-caption alignleft\"><img data-recalc-dims=\"1\" loading=\"lazy\" decoding=\"async\" aria-describedby=\"caption-attachment-35547\" data-attachment-id=\"35547\" data-permalink=\"https:\/\/unser-quartier.de\/stadt-bergheim\/?attachment_id=35547\" data-orig-file=\"https:\/\/i0.wp.com\/unser-quartier.de\/stadt-bergheim\/files\/2026\/03\/image00025.jpg?fit=1024%2C768&amp;ssl=1\" data-orig-size=\"1024,768\" data-comments-opened=\"0\" data-image-meta=\"{&quot;aperture&quot;:&quot;0&quot;,&quot;credit&quot;:&quot;&quot;,&quot;camera&quot;:&quot;&quot;,&quot;caption&quot;:&quot;&quot;,&quot;created_timestamp&quot;:&quot;1754391268&quot;,&quot;copyright&quot;:&quot;&quot;,&quot;focal_length&quot;:&quot;0&quot;,&quot;iso&quot;:&quot;0&quot;,&quot;shutter_speed&quot;:&quot;0&quot;,&quot;title&quot;:&quot;&quot;,&quot;orientation&quot;:&quot;1&quot;}\" data-image-title=\"image00025\" data-image-description=\"\" data-image-caption=\"\" data-medium-file=\"https:\/\/i0.wp.com\/unser-quartier.de\/stadt-bergheim\/files\/2026\/03\/image00025.jpg?fit=300%2C225&amp;ssl=1\" data-large-file=\"https:\/\/i0.wp.com\/unser-quartier.de\/stadt-bergheim\/files\/2026\/03\/image00025.jpg?fit=770%2C578&amp;ssl=1\" class=\"wp-image-35547 size-medium\" src=\"https:\/\/i0.wp.com\/unser-quartier.de\/stadt-bergheim\/files\/2026\/03\/image00025.jpg?resize=300%2C225&#038;ssl=1\" alt=\"\" width=\"300\" height=\"225\" srcset=\"https:\/\/i0.wp.com\/unser-quartier.de\/stadt-bergheim\/files\/2026\/03\/image00025.jpg?resize=300%2C225&amp;ssl=1 300w, https:\/\/i0.wp.com\/unser-quartier.de\/stadt-bergheim\/files\/2026\/03\/image00025.jpg?resize=150%2C113&amp;ssl=1 150w, https:\/\/i0.wp.com\/unser-quartier.de\/stadt-bergheim\/files\/2026\/03\/image00025.jpg?resize=768%2C576&amp;ssl=1 768w, https:\/\/i0.wp.com\/unser-quartier.de\/stadt-bergheim\/files\/2026\/03\/image00025.jpg?resize=770%2C578&amp;ssl=1 770w, https:\/\/i0.wp.com\/unser-quartier.de\/stadt-bergheim\/files\/2026\/03\/image00025.jpg?w=1024&amp;ssl=1 1024w\" sizes=\"auto, (max-width: 300px) 100vw, 300px\" \/><p id=\"caption-attachment-35547\" class=\"wp-caption-text\">Ehrenmatliche erm\u00f6glichen Tierbegegnungen f\u00fcr Menschen mit Demenz<\/p><\/div>\n<p>\u201eWas sich wie ein Widerspruch anh\u00f6rt, ist unverzichtbar f\u00fcr die psychische und physische Gesundheit\u201c, so Dr. Sibylle Schreckling, stellvertretende Vorsitzende der Alzheimer Gesellschaft Rhein-Erft-Kreis. Eigene Bed\u00fcrfnisse w\u00fcrden oft hintenangestellt, was l\u00e4ngerfristig zu eigenen Erkrankungen und \u00dcberlastung f\u00fchren k\u00f6nne. \u201eHilfe anzunehmen sollte nicht als Schw\u00e4che angesehen werden, es ist wichtig, auch einmal etwas f\u00fcr sich zu tun und die Akkus wieder aufzuladen.\u201c\u00a0\u00a0Im s\u00fcdlichen Rhein-Erft-Kreis bieten verschiedene Gruppen Entlastungsangebote f\u00fcr pflegende Angeh\u00f6rige an. Dazu geh\u00f6ren Tischharfenkurse, Senioren-Erlebnistanz und eine Reha-Sportgruppe f\u00fcr Menschen mit und ohne Demenz. Einen Einstieg in Eurhythmie als Bewegungskunst und Therapieform vermittelt Iris-Poloczek-Jordan. Durch Freude an Bewegung, \u00dcbungen zur Raumorientierung und Rhythmisierung werden Stresssituationen vermieden und Ged\u00e4chtnis, Konzentration und Geschicklichkeit geschult.<\/p>\n<p><a href=\"https:\/\/www.alzheimer-gesellschaft-rhein-erft-kreis.de\" rel=\"nofollow\">www.alzheimer-gesellschaft-rhein-erft-kreis.de<\/a><\/p>\n","protected":false},"excerpt":{"rendered":"<p><strong>Ergebnisse aus dem Projekt am 24.04.2024 im Kreishaus<\/strong><\/p>\n<p>\u201eAktive Ruhepausen\u201c helfen pflegenden Angeh\u00f6rigen, selbst gesund zu bleiben und die eigenen Bed\u00fcrfnisse nicht aus den Augen zu verlieren. Gestartet 2023 von der Alzheimer Gesellschaft und dem Rhein-Erft-Kreis, steht das Pr\u00e4ventionsprojekt anl\u00e4sslich der Demenzwoche im Mittelpunkt einer Fachtagung. Unter dem Motto \u201eBegegnen, bewegen, ber\u00fchren\u201c k\u00f6nnen sich pflegende &hellip; <\/p>\n<p><a class=\"more-link btn\" href=\"https:\/\/unser-quartier.de\/stadt-bergheim\/2026\/03\/aktive-ruhepausen-fuer-angehoerige\/\">Weiterlesen<\/a><\/p>\n","protected":false},"author":133,"featured_media":0,"comment_status":"closed","ping_status":"closed","sticky":false,"template":"","format":"standard","meta":{"_bbp_topic_count":0,"_bbp_reply_count":0,"_bbp_total_topic_count":0,"_bbp_total_reply_count":0,"_bbp_voice_count":0,"_bbp_anonymous_reply_count":0,"_bbp_topic_count_hidden":0,"_bbp_reply_count_hidden":0,"_bbp_forum_subforum_count":0,"jetpack_post_was_ever_published":false,"_jetpack_newsletter_access":"","_jetpack_dont_email_post_to_subs":false,"_jetpack_newsletter_tier_id":0,"_jetpack_memberships_contains_paywalled_content":false,"_jetpack_memberships_contains_paid_content":false,"footnotes":""},"categories":[65],"tags":[],"class_list":["post-35549","post","type-post","status-publish","format-standard","hentry","category-demenz","item-wrap"],"jetpack_sharing_enabled":true,"jetpack_featured_media_url":"","jetpack_shortlink":"https:\/\/wp.me\/p3vhfJ-9fn","jetpack_likes_enabled":true,"_links":{"self":[{"href":"https:\/\/unser-quartier.de\/stadt-bergheim\/wp-json\/wp\/v2\/posts\/35549","targetHints":{"allow":["GET"]}}],"collection":[{"href":"https:\/\/unser-quartier.de\/stadt-bergheim\/wp-json\/wp\/v2\/posts"}],"about":[{"href":"https:\/\/unser-quartier.de\/stadt-bergheim\/wp-json\/wp\/v2\/types\/post"}],"author":[{"embeddable":true,"href":"https:\/\/unser-quartier.de\/stadt-bergheim\/wp-json\/wp\/v2\/users\/133"}],"replies":[{"embeddable":true,"href":"https:\/\/unser-quartier.de\/stadt-bergheim\/wp-json\/wp\/v2\/comments?post=35549"}],"version-history":[{"count":1,"href":"https:\/\/unser-quartier.de\/stadt-bergheim\/wp-json\/wp\/v2\/posts\/35549\/revisions"}],"predecessor-version":[{"id":35550,"href":"https:\/\/unser-quartier.de\/stadt-bergheim\/wp-json\/wp\/v2\/posts\/35549\/revisions\/35550"}],"wp:attachment":[{"href":"https:\/\/unser-quartier.de\/stadt-bergheim\/wp-json\/wp\/v2\/media?parent=35549"}],"wp:term":[{"taxonomy":"category","embeddable":true,"href":"https:\/\/unser-quartier.de\/stadt-bergheim\/wp-json\/wp\/v2\/categories?post=35549"},{"taxonomy":"post_tag","embeddable":true,"href":"https:\/\/unser-quartier.de\/stadt-bergheim\/wp-json\/wp\/v2\/tags?post=35549"}],"curies":[{"name":"wp","href":"https:\/\/api.w.org\/{rel}","templated":true}]}}