{"id":7342,"date":"2015-08-03T12:32:04","date_gmt":"2015-08-03T10:32:04","guid":{"rendered":"http:\/\/unser-quartier.de\/stadt-bergheim\/?p=7342"},"modified":"2015-08-03T16:15:03","modified_gmt":"2015-08-03T14:15:03","slug":"classic-days-auf-schloss-dyck","status":"publish","type":"post","link":"https:\/\/unser-quartier.de\/stadt-bergheim\/2015\/08\/classic-days-auf-schloss-dyck\/","title":{"rendered":"Classic Days auf Schloss Dyck"},"content":{"rendered":"<p><strong>Tr\u00e4ume auf vier R\u00e4dern<br \/>\n<\/strong><br \/>\nAm Wochenende konnte man auf Schloss Dyck im benachbarten J\u00fcchen tief in die motorisierte Vergangenheit eintauchen. Das wundersch\u00f6ne Wasserschloss westlich von Aldenhoven beherbergte wieder die renommierten Classic Days, bei denen sich Oldtimerfreunde aus aller Welt im feinen Ambiente trafen.<\/p>\n<p>Traumautos verschiedenster Hersteller und Baujahre sonnten sich beim nostalgischen Picknick im Park. Rennlegenden bis 1961 bretterten \u00fcber den Rundkurs \u00fcbers Dycker Feld vorbei an Schilf und historischer Bergahorn-Allee. Wippende Petticoats, Knickerbocker und Schirmm\u00fctzen f\u00fchrten geradewegs ins Wirtschaftswunderland, wo Bohnenkaffee, gebl\u00fcmte Klappst\u00fchle und der gute alte Davos-Schlitten auf dem Anh\u00e4nger Jugenderinnerungen wachriefen. Auch reichlich Prominenz wie Rennfahrer Sir Stirling Moss, Striezel Stuck, Jochen Mass und Frank Biela lie\u00dfen sich blicken.<\/p>\n<p>Da sieht man wieder, was ein bisschen Politur und die richtigen Ersatzteile bewirken k\u00f6nnen\u2026.alte Liebe rostet eben nicht!<\/p>\n<p>&nbsp;<\/p>\n<div class=\"tiled-gallery type-rectangular tiled-gallery-unresized\" data-original-width=\"770\" data-carousel-extra='{&quot;blog_id&quot;:38,&quot;permalink&quot;:&quot;https:\\\/\\\/unser-quartier.de\\\/stadt-bergheim\\\/2015\\\/08\\\/classic-days-auf-schloss-dyck\\\/&quot;,&quot;likes_blog_id&quot;:51783499}' itemscope itemtype=\"http:\/\/schema.org\/ImageGallery\" > <div class=\"gallery-row\" style=\"width: 770px; height: 579px;\" data-original-width=\"770\" data-original-height=\"579\" > <div class=\"gallery-group images-1\" style=\"width: 770px; height: 579px;\" data-original-width=\"770\" data-original-height=\"579\" > <div class=\"tiled-gallery-item tiled-gallery-item-large\" itemprop=\"associatedMedia\" itemscope itemtype=\"http:\/\/schema.org\/ImageObject\"> <a href=\"https:\/\/unser-quartier.de\/stadt-bergheim\/2015\/08\/classic-days-auf-schloss-dyck\/img_0939\/\" border=\"0\" itemprop=\"url\"> <meta itemprop=\"width\" content=\"766\"> <meta itemprop=\"height\" content=\"575\"> <img decoding=\"async\" class=\"\" data-attachment-id=\"7349\" data-orig-file=\"https:\/\/unser-quartier.de\/stadt-bergheim\/files\/2015\/08\/IMG_0939.jpg\" data-orig-size=\"1024,768\" data-comments-opened=\"\" data-image-meta=\"{&quot;aperture&quot;:&quot;0&quot;,&quot;credit&quot;:&quot;&quot;,&quot;camera&quot;:&quot;&quot;,&quot;caption&quot;:&quot;&quot;,&quot;created_timestamp&quot;:&quot;0&quot;,&quot;copyright&quot;:&quot;&quot;,&quot;focal_length&quot;:&quot;0&quot;,&quot;iso&quot;:&quot;0&quot;,&quot;shutter_speed&quot;:&quot;0&quot;,&quot;title&quot;:&quot;&quot;,&quot;orientation&quot;:&quot;0&quot;}\" data-image-title=\"IMG_0939\" data-image-description=\"\" data-medium-file=\"https:\/\/i0.wp.com\/unser-quartier.de\/stadt-bergheim\/files\/2015\/08\/IMG_0939.jpg?fit=300%2C225&#038;ssl=1\" data-large-file=\"https:\/\/i0.wp.com\/unser-quartier.de\/stadt-bergheim\/files\/2015\/08\/IMG_0939.jpg?fit=770%2C578&#038;ssl=1\" src=\"https:\/\/i0.wp.com\/unser-quartier.de\/stadt-bergheim\/files\/2015\/08\/IMG_0939.jpg?w=766&#038;h=575&#038;ssl=1\" srcset=\"https:\/\/i0.wp.com\/unser-quartier.de\/stadt-bergheim\/files\/2015\/08\/IMG_0939.jpg?w=1024&amp;ssl=1 1024w, https:\/\/i0.wp.com\/unser-quartier.de\/stadt-bergheim\/files\/2015\/08\/IMG_0939.jpg?resize=150%2C113&amp;ssl=1 150w, https:\/\/i0.wp.com\/unser-quartier.de\/stadt-bergheim\/files\/2015\/08\/IMG_0939.jpg?resize=300%2C225&amp;ssl=1 300w\" width=\"766\" height=\"575\" loading=\"lazy\" data-original-width=\"766\" data-original-height=\"575\" itemprop=\"http:\/\/schema.org\/image\" title=\"IMG_0939\" alt=\"Auf Schloss Dyck\" style=\"width: 766px; height: 575px;\" \/> <\/a> <div class=\"tiled-gallery-caption\" itemprop=\"caption description\"> Auf Schloss Dyck <\/div> <\/div> <\/div> <!-- close group --> <\/div> <!-- close row --> <\/div>\n","protected":false},"excerpt":{"rendered":"<p><strong>Tr\u00e4ume auf vier R\u00e4dern <\/strong> Am Wochenende konnte man auf Schloss Dyck im benachbarten J\u00fcchen tief in die motorisierte Vergangenheit eintauchen. Das wundersch\u00f6ne Wasserschloss westlich von Aldenhoven beherbergte wieder die renommierten Classic Days, bei denen sich Oldtimerfreunde aus aller Welt im feinen Ambiente trafen.<\/p>\n<p>Traumautos verschiedenster Hersteller und Baujahre sonnten sich beim nostalgischen Picknick im &hellip; <\/p>\n<p><a class=\"more-link btn\" href=\"https:\/\/unser-quartier.de\/stadt-bergheim\/2015\/08\/classic-days-auf-schloss-dyck\/\">Weiterlesen<\/a><\/p>\n","protected":false},"author":133,"featured_media":0,"comment_status":"open","ping_status":"open","sticky":false,"template":"","format":"standard","meta":{"_bbp_topic_count":0,"_bbp_reply_count":0,"_bbp_total_topic_count":0,"_bbp_total_reply_count":0,"_bbp_voice_count":0,"_bbp_anonymous_reply_count":0,"_bbp_topic_count_hidden":0,"_bbp_reply_count_hidden":0,"_bbp_forum_subforum_count":0,"jetpack_post_was_ever_published":false,"_jetpack_newsletter_access":"","_jetpack_dont_email_post_to_subs":false,"_jetpack_newsletter_tier_id":0,"_jetpack_memberships_contains_paywalled_content":false,"_jetpack_memberships_contains_paid_content":false,"footnotes":""},"categories":[75],"tags":[],"class_list":["post-7342","post","type-post","status-publish","format-standard","hentry","category-buntes-brett","item-wrap"],"jetpack_sharing_enabled":true,"jetpack_featured_media_url":"","jetpack_shortlink":"https:\/\/wp.me\/p3vhfJ-1Uq","jetpack_likes_enabled":true,"_links":{"self":[{"href":"https:\/\/unser-quartier.de\/stadt-bergheim\/wp-json\/wp\/v2\/posts\/7342","targetHints":{"allow":["GET"]}}],"collection":[{"href":"https:\/\/unser-quartier.de\/stadt-bergheim\/wp-json\/wp\/v2\/posts"}],"about":[{"href":"https:\/\/unser-quartier.de\/stadt-bergheim\/wp-json\/wp\/v2\/types\/post"}],"author":[{"embeddable":true,"href":"https:\/\/unser-quartier.de\/stadt-bergheim\/wp-json\/wp\/v2\/users\/133"}],"replies":[{"embeddable":true,"href":"https:\/\/unser-quartier.de\/stadt-bergheim\/wp-json\/wp\/v2\/comments?post=7342"}],"version-history":[{"count":0,"href":"https:\/\/unser-quartier.de\/stadt-bergheim\/wp-json\/wp\/v2\/posts\/7342\/revisions"}],"wp:attachment":[{"href":"https:\/\/unser-quartier.de\/stadt-bergheim\/wp-json\/wp\/v2\/media?parent=7342"}],"wp:term":[{"taxonomy":"category","embeddable":true,"href":"https:\/\/unser-quartier.de\/stadt-bergheim\/wp-json\/wp\/v2\/categories?post=7342"},{"taxonomy":"post_tag","embeddable":true,"href":"https:\/\/unser-quartier.de\/stadt-bergheim\/wp-json\/wp\/v2\/tags?post=7342"}],"curies":[{"name":"wp","href":"https:\/\/api.w.org\/{rel}","templated":true}]}}