{"id":7862,"date":"2015-09-22T13:06:15","date_gmt":"2015-09-22T11:06:15","guid":{"rendered":"http:\/\/unser-quartier.de\/stadt-bergheim\/?p=7862"},"modified":"2015-09-22T13:06:15","modified_gmt":"2015-09-22T11:06:15","slug":"glessen-wie-es-frueher-war","status":"publish","type":"post","link":"https:\/\/unser-quartier.de\/stadt-bergheim\/2015\/09\/glessen-wie-es-frueher-war\/","title":{"rendered":"Glessen wie es fr\u00fcher war"},"content":{"rendered":"<p><strong>Filmemacher Horst Haufschild pr\u00e4sentierte alte Filme neu digitalisiert<\/strong><\/p>\n<p><a href=\"https:\/\/i0.wp.com\/unser-quartier.de\/stadt-bergheim\/files\/2015\/09\/20150918_182742_resized.jpg?ssl=1\"><img data-recalc-dims=\"1\" loading=\"lazy\" decoding=\"async\" data-attachment-id=\"7863\" data-permalink=\"https:\/\/unser-quartier.de\/stadt-bergheim\/2015\/09\/glessen-wie-es-frueher-war\/20150918_182742_resized\/\" data-orig-file=\"https:\/\/i0.wp.com\/unser-quartier.de\/stadt-bergheim\/files\/2015\/09\/20150918_182742_resized.jpg?fit=1024%2C576&amp;ssl=1\" data-orig-size=\"1024,576\" data-comments-opened=\"0\" data-image-meta=\"{&quot;aperture&quot;:&quot;0&quot;,&quot;credit&quot;:&quot;&quot;,&quot;camera&quot;:&quot;&quot;,&quot;caption&quot;:&quot;&quot;,&quot;created_timestamp&quot;:&quot;0&quot;,&quot;copyright&quot;:&quot;&quot;,&quot;focal_length&quot;:&quot;0&quot;,&quot;iso&quot;:&quot;0&quot;,&quot;shutter_speed&quot;:&quot;0&quot;,&quot;title&quot;:&quot;&quot;,&quot;orientation&quot;:&quot;0&quot;}\" data-image-title=\"20150918_182742_resized\" data-image-description=\"\" data-image-caption=\"\" data-medium-file=\"https:\/\/i0.wp.com\/unser-quartier.de\/stadt-bergheim\/files\/2015\/09\/20150918_182742_resized.jpg?fit=300%2C169&amp;ssl=1\" data-large-file=\"https:\/\/i0.wp.com\/unser-quartier.de\/stadt-bergheim\/files\/2015\/09\/20150918_182742_resized.jpg?fit=770%2C433&amp;ssl=1\" class=\"alignleft wp-image-7863 \" src=\"https:\/\/i0.wp.com\/unser-quartier.de\/stadt-bergheim\/files\/2015\/09\/20150918_182742_resized.jpg?resize=162%2C91&#038;ssl=1\" alt=\"20150918_182742_resized\" width=\"162\" height=\"91\" srcset=\"https:\/\/i0.wp.com\/unser-quartier.de\/stadt-bergheim\/files\/2015\/09\/20150918_182742_resized.jpg?resize=300%2C169&amp;ssl=1 300w, https:\/\/i0.wp.com\/unser-quartier.de\/stadt-bergheim\/files\/2015\/09\/20150918_182742_resized.jpg?resize=150%2C84&amp;ssl=1 150w, https:\/\/i0.wp.com\/unser-quartier.de\/stadt-bergheim\/files\/2015\/09\/20150918_182742_resized.jpg?w=1024&amp;ssl=1 1024w\" sizes=\"auto, (max-width: 162px) 100vw, 162px\" \/><\/a>Die Enstehung des Feuerwehrger\u00e4tehauses, das 50-j\u00e4hrige Jubil\u00e4um der Freiwilligen Feuerwehr Glessen und das erste Radrennen \u201eRund um den Wasserturm\u201c vom ehemaligen Radsportclub Glessen bereitete Filmemacher Haufschild digital auf. Bis auf den letzten Sitz und im Gang des Katholischen Pfarrheims standen Jung- und Alt-Glessener, um die \u201eneuen\u201c alten Filme zu sehen.<\/p>\n<p><a href=\"https:\/\/i0.wp.com\/unser-quartier.de\/stadt-bergheim\/files\/2015\/09\/20150918_194002_resized.jpg?ssl=1\"><img data-recalc-dims=\"1\" loading=\"lazy\" decoding=\"async\" data-attachment-id=\"7865\" data-permalink=\"https:\/\/unser-quartier.de\/stadt-bergheim\/2015\/09\/glessen-wie-es-frueher-war\/20150918_194002_resized\/\" data-orig-file=\"https:\/\/i0.wp.com\/unser-quartier.de\/stadt-bergheim\/files\/2015\/09\/20150918_194002_resized.jpg?fit=1024%2C576&amp;ssl=1\" data-orig-size=\"1024,576\" data-comments-opened=\"0\" data-image-meta=\"{&quot;aperture&quot;:&quot;0&quot;,&quot;credit&quot;:&quot;&quot;,&quot;camera&quot;:&quot;&quot;,&quot;caption&quot;:&quot;&quot;,&quot;created_timestamp&quot;:&quot;0&quot;,&quot;copyright&quot;:&quot;&quot;,&quot;focal_length&quot;:&quot;0&quot;,&quot;iso&quot;:&quot;0&quot;,&quot;shutter_speed&quot;:&quot;0&quot;,&quot;title&quot;:&quot;&quot;,&quot;orientation&quot;:&quot;0&quot;}\" data-image-title=\"20150918_194002_resized\" data-image-description=\"\" data-image-caption=\"\" data-medium-file=\"https:\/\/i0.wp.com\/unser-quartier.de\/stadt-bergheim\/files\/2015\/09\/20150918_194002_resized.jpg?fit=300%2C169&amp;ssl=1\" data-large-file=\"https:\/\/i0.wp.com\/unser-quartier.de\/stadt-bergheim\/files\/2015\/09\/20150918_194002_resized.jpg?fit=770%2C433&amp;ssl=1\" class=\"alignright wp-image-7865 \" src=\"https:\/\/i0.wp.com\/unser-quartier.de\/stadt-bergheim\/files\/2015\/09\/20150918_194002_resized.jpg?resize=148%2C83&#038;ssl=1\" alt=\"20150918_194002_resized\" width=\"148\" height=\"83\" srcset=\"https:\/\/i0.wp.com\/unser-quartier.de\/stadt-bergheim\/files\/2015\/09\/20150918_194002_resized.jpg?resize=300%2C169&amp;ssl=1 300w, https:\/\/i0.wp.com\/unser-quartier.de\/stadt-bergheim\/files\/2015\/09\/20150918_194002_resized.jpg?resize=150%2C84&amp;ssl=1 150w, https:\/\/i0.wp.com\/unser-quartier.de\/stadt-bergheim\/files\/2015\/09\/20150918_194002_resized.jpg?w=1024&amp;ssl=1 1024w\" sizes=\"auto, (max-width: 148px) 100vw, 148px\" \/><\/a>Die Geschichte des Feuerwehrger\u00e4tehauses war eine Dokumentation von Jupp Wolter,\u00a0 der den Bau vom ersten Spatenstich 1982 bis zur Einweihung 1984 dokumentiert hatte. F\u00fcr viele Alt-Glessener war dies eine Reise in die Vergangenheit. Immer wieder ging ein Raunen durch den Saal bei Situationen, die in guter Erinnerung geblieben sind oder Pers\u00f6nlichkeiten, die heute nicht mehr unter uns weilen. F\u00fcr die Jung-Glessener war es ein informativer Abend, konnten sie doch ihren Ort sehen wie er vor 30 Jahren war.<\/p>\n<p><a href=\"https:\/\/i0.wp.com\/unser-quartier.de\/stadt-bergheim\/files\/2015\/09\/20150918_193416_resized.jpg?ssl=1\"><img data-recalc-dims=\"1\" loading=\"lazy\" decoding=\"async\" data-attachment-id=\"7864\" data-permalink=\"https:\/\/unser-quartier.de\/stadt-bergheim\/2015\/09\/glessen-wie-es-frueher-war\/20150918_193416_resized\/\" data-orig-file=\"https:\/\/i0.wp.com\/unser-quartier.de\/stadt-bergheim\/files\/2015\/09\/20150918_193416_resized.jpg?fit=1024%2C576&amp;ssl=1\" data-orig-size=\"1024,576\" data-comments-opened=\"0\" data-image-meta=\"{&quot;aperture&quot;:&quot;0&quot;,&quot;credit&quot;:&quot;&quot;,&quot;camera&quot;:&quot;&quot;,&quot;caption&quot;:&quot;&quot;,&quot;created_timestamp&quot;:&quot;0&quot;,&quot;copyright&quot;:&quot;&quot;,&quot;focal_length&quot;:&quot;0&quot;,&quot;iso&quot;:&quot;0&quot;,&quot;shutter_speed&quot;:&quot;0&quot;,&quot;title&quot;:&quot;&quot;,&quot;orientation&quot;:&quot;0&quot;}\" data-image-title=\"20150918_193416_resized\" data-image-description=\"\" data-image-caption=\"\" data-medium-file=\"https:\/\/i0.wp.com\/unser-quartier.de\/stadt-bergheim\/files\/2015\/09\/20150918_193416_resized.jpg?fit=300%2C169&amp;ssl=1\" data-large-file=\"https:\/\/i0.wp.com\/unser-quartier.de\/stadt-bergheim\/files\/2015\/09\/20150918_193416_resized.jpg?fit=770%2C433&amp;ssl=1\" class=\"alignleft wp-image-7864\" src=\"https:\/\/i0.wp.com\/unser-quartier.de\/stadt-bergheim\/files\/2015\/09\/20150918_193416_resized.jpg?resize=177%2C100&#038;ssl=1\" alt=\"20150918_193416_resized\" width=\"177\" height=\"100\" srcset=\"https:\/\/i0.wp.com\/unser-quartier.de\/stadt-bergheim\/files\/2015\/09\/20150918_193416_resized.jpg?resize=300%2C169&amp;ssl=1 300w, https:\/\/i0.wp.com\/unser-quartier.de\/stadt-bergheim\/files\/2015\/09\/20150918_193416_resized.jpg?resize=150%2C84&amp;ssl=1 150w, https:\/\/i0.wp.com\/unser-quartier.de\/stadt-bergheim\/files\/2015\/09\/20150918_193416_resized.jpg?w=1024&amp;ssl=1 1024w\" sizes=\"auto, (max-width: 177px) 100vw, 177px\" \/><\/a>Auch B\u00fcrgermeisterin Maria Pfordt, Ortsb\u00fcrgermeisterin Anne Keller sowie Vertreter der Freiwilligen Feuerwehr und der Dorfgemeinschaft Glessen waren begeistert und bedankten sich bei Horst Haufschild f\u00fcr die \u00dcberarbeitung und bei Anni Wolter, der Ehefrau des bereits verstorbenen Jupp Wolters, f\u00fcr das Bildmaterial. Es war ein sehr sch\u00f6ner und kurzweiliger Abend mit K\u00f6lsch sowie s\u00fc\u00dfen und herzhaften Leckereien &#8211; ein herzliches Dankesch\u00f6n an Maria und Horst Haufschild.<\/p>\n<p>Text und Fotos von Heiko M\u00f6ller, Glessen<\/p>\n","protected":false},"excerpt":{"rendered":"<p><strong>Filmemacher Horst Haufschild pr\u00e4sentierte alte Filme neu digitalisiert<\/strong><\/p>\n<p>Die Enstehung des Feuerwehrger\u00e4tehauses, das 50-j\u00e4hrige Jubil\u00e4um der Freiwilligen Feuerwehr Glessen und das erste Radrennen \u201eRund um den Wasserturm\u201c vom ehemaligen Radsportclub Glessen bereitete Filmemacher Haufschild digital auf. Bis auf den letzten Sitz und im Gang des Katholischen Pfarrheims standen Jung- und Alt-Glessener, um die \u201eneuen\u201c alten &hellip; <\/p>\n<p><a class=\"more-link btn\" href=\"https:\/\/unser-quartier.de\/stadt-bergheim\/2015\/09\/glessen-wie-es-frueher-war\/\">Weiterlesen<\/a><\/p>\n","protected":false},"author":133,"featured_media":0,"comment_status":"open","ping_status":"open","sticky":false,"template":"","format":"standard","meta":{"_bbp_topic_count":0,"_bbp_reply_count":0,"_bbp_total_topic_count":0,"_bbp_total_reply_count":0,"_bbp_voice_count":0,"_bbp_anonymous_reply_count":0,"_bbp_topic_count_hidden":0,"_bbp_reply_count_hidden":0,"_bbp_forum_subforum_count":0,"jetpack_post_was_ever_published":false,"_jetpack_newsletter_access":"","_jetpack_dont_email_post_to_subs":false,"_jetpack_newsletter_tier_id":0,"_jetpack_memberships_contains_paywalled_content":false,"_jetpack_memberships_contains_paid_content":false,"footnotes":""},"categories":[1],"tags":[],"class_list":["post-7862","post","type-post","status-publish","format-standard","hentry","category-allgemein","item-wrap"],"jetpack_sharing_enabled":true,"jetpack_featured_media_url":"","jetpack_shortlink":"https:\/\/wp.me\/p3vhfJ-22O","jetpack_likes_enabled":true,"_links":{"self":[{"href":"https:\/\/unser-quartier.de\/stadt-bergheim\/wp-json\/wp\/v2\/posts\/7862","targetHints":{"allow":["GET"]}}],"collection":[{"href":"https:\/\/unser-quartier.de\/stadt-bergheim\/wp-json\/wp\/v2\/posts"}],"about":[{"href":"https:\/\/unser-quartier.de\/stadt-bergheim\/wp-json\/wp\/v2\/types\/post"}],"author":[{"embeddable":true,"href":"https:\/\/unser-quartier.de\/stadt-bergheim\/wp-json\/wp\/v2\/users\/133"}],"replies":[{"embeddable":true,"href":"https:\/\/unser-quartier.de\/stadt-bergheim\/wp-json\/wp\/v2\/comments?post=7862"}],"version-history":[{"count":0,"href":"https:\/\/unser-quartier.de\/stadt-bergheim\/wp-json\/wp\/v2\/posts\/7862\/revisions"}],"wp:attachment":[{"href":"https:\/\/unser-quartier.de\/stadt-bergheim\/wp-json\/wp\/v2\/media?parent=7862"}],"wp:term":[{"taxonomy":"category","embeddable":true,"href":"https:\/\/unser-quartier.de\/stadt-bergheim\/wp-json\/wp\/v2\/categories?post=7862"},{"taxonomy":"post_tag","embeddable":true,"href":"https:\/\/unser-quartier.de\/stadt-bergheim\/wp-json\/wp\/v2\/tags?post=7862"}],"curies":[{"name":"wp","href":"https:\/\/api.w.org\/{rel}","templated":true}]}}