{"id":7979,"date":"2015-10-01T12:12:48","date_gmt":"2015-10-01T10:12:48","guid":{"rendered":"http:\/\/unser-quartier.de\/stadt-bergheim\/?p=7979"},"modified":"2015-10-23T22:33:01","modified_gmt":"2015-10-23T20:33:01","slug":"wie-seid-ihr-nach-bergheim-gekommen","status":"publish","type":"post","link":"https:\/\/unser-quartier.de\/stadt-bergheim\/2015\/10\/wie-seid-ihr-nach-bergheim-gekommen\/","title":{"rendered":"Wie seid Ihr nach Bergheim gekommen?"},"content":{"rendered":"<p><strong>B\u00fcrgerinnen &amp; B\u00fcrger erz\u00e4hlen <\/strong><br \/>\n<strong>Aktion zur Veranstaltungswoche &#8220;Bergheim lebt Vielfalt &#8211;<br \/>\nwillkommen in unserer Stadt!<\/strong><\/p>\n<p><em>\u201eSu simmer all he hinjekumme, mir sprechen h\u00fcck all dieselve Sproch. <\/em><br \/>\n<em>Mir han dodurch su vill jewonne.<\/em><br \/>\n<em> Mir sin wie mer sin, mir Jecke am Rhing\u201c,<br \/>\n<\/em><br \/>\nsingen die Bl\u00e4ck F\u00f6\u00f6ss in ihrem gro\u00dfen Hit \u201eStammbaum\u201c. Egal ob \u201estolzer R\u00f6mer\u201c, ne Franzus, \u201ene Pimock\u201c oder \u201eus Palermo\u201c, \u201eGrieche, T\u00fcrke, Jude, Moslem un Buddhist\u201c &#8211; jeder Dritte der rund 63.000 Bergheimerinnen und Bergheimer hat eine Zuwanderungsgeschichte. Migration nach Bergheim hat es im Laufe der Geschichte immer schon gegeben \u2013 und <strong>\u201eDat es jet , wo mer stolz drop sin\u201c.<\/strong><\/p>\n<p>\u00dcber 100 Nationen bereichern das Leben in unserer Stadt. In Kindertageseinrichtungen, Schulen, am Arbeitsplatz und in der Freizeit ist das Zusammenleben der Kulturen l\u00e4ngst Alltag geworden. Aber auch die Fl\u00fcchtlinge, die vor Krieg, Gewalt und Not geflohen sind, hoffen aktuell hier bei uns vielleicht ein neues Zuhause zu finden. Die B\u00fcrgerinnen und B\u00fcrger der Kreisstadt Bergheim nehmen sich mit gro\u00dfem Engagement und Unterst\u00fctzung der Verwaltung dieser gro\u00dfen Aufgabe an und hei\u00dfen die Menschen willkommen.<\/p>\n<p><strong>Schicken Sie uns Ihre Geschichten!<\/strong><\/p>\n<p>F\u00fcr die Zukunft gilt es, die Integration der Fl\u00fcchtlinge gezielt zu f\u00f6rdern sowie die Belange der Menschen vor Ort weiterhin fest im Blick zu haben. Gemeinsam f\u00fcr ein friedvolles Zusammenleben der Kulturen einzustehen <strong><span style=\"color: #0000ff\">war<\/span><\/strong> das Ziel der<a href=\"http:\/\/wp.me\/p3vhfJ-24x\"> Veranstaltungswoche \u201eBergheim lebt Vielfalt!\u201c vom 19. bis 23. Oktober 2015<\/a>.<\/p>\n<p>Unter dem Motto \u201eWillkommen in unserer Stadt\u201c bieten zahlreiche Veranstaltungen Informationen, Begegnungen und Austausch. Am Thementag \u201eFlucht &amp; Asyl\u201c (Mittwoch, 21.10.2015, 14-18 Uhr im Medio) besteht in verschiedenen Foren und dem Erz\u00e4hlcaf\u00e9 die M\u00f6glichkeit dazu.<\/p>\n<p>Das Seniorenportal sucht Menschen, die bereit sind, von ihren ersten Schritten in einer fremden Stadt zu erz\u00e4hlen. Was hat Ihnen damals geholfen, in Bergheim heimisch zu werden? Teilen Sie Ihre Erinnerungen mit uns &#8211; Interessenten melden sich bei<\/p>\n<p><em><a href=\"https:\/\/i0.wp.com\/unser-quartier.de\/stadt-bergheim\/files\/2015\/10\/Logo_Vielfalt.jpg?ssl=1\"><img data-recalc-dims=\"1\" loading=\"lazy\" decoding=\"async\" data-attachment-id=\"7977\" data-permalink=\"https:\/\/unser-quartier.de\/stadt-bergheim\/2015\/10\/bergheim-lebt-vielfalt\/logo_vielfalt\/\" data-orig-file=\"https:\/\/i0.wp.com\/unser-quartier.de\/stadt-bergheim\/files\/2015\/10\/Logo_Vielfalt.jpg?fit=108%2C108&amp;ssl=1\" data-orig-size=\"108,108\" data-comments-opened=\"0\" data-image-meta=\"{&quot;aperture&quot;:&quot;0&quot;,&quot;credit&quot;:&quot;&quot;,&quot;camera&quot;:&quot;&quot;,&quot;caption&quot;:&quot;&quot;,&quot;created_timestamp&quot;:&quot;0&quot;,&quot;copyright&quot;:&quot;&quot;,&quot;focal_length&quot;:&quot;0&quot;,&quot;iso&quot;:&quot;0&quot;,&quot;shutter_speed&quot;:&quot;0&quot;,&quot;title&quot;:&quot;&quot;,&quot;orientation&quot;:&quot;0&quot;}\" data-image-title=\"Logo_Vielfalt\" data-image-description=\"\" data-image-caption=\"\" data-medium-file=\"https:\/\/i0.wp.com\/unser-quartier.de\/stadt-bergheim\/files\/2015\/10\/Logo_Vielfalt.jpg?fit=108%2C108&amp;ssl=1\" data-large-file=\"https:\/\/i0.wp.com\/unser-quartier.de\/stadt-bergheim\/files\/2015\/10\/Logo_Vielfalt.jpg?fit=108%2C108&amp;ssl=1\" class=\"alignright wp-image-7977 size-full\" src=\"https:\/\/i0.wp.com\/unser-quartier.de\/stadt-bergheim\/files\/2015\/10\/Logo_Vielfalt.jpg?resize=108%2C108&#038;ssl=1\" alt=\"Logo_Vielfalt\" width=\"108\" height=\"108\" \/><\/a>Kreisstadt Bergheim<\/em><br \/>\n<em>Karin Neugebauer<\/em><br \/>\n<em>Integrationsbeauftragte<\/em><br \/>\n<em>Telefon 02271\/89-588 <\/em><br \/>\n<em>E-Mail: <strong><a href=\"mailto:karin.neugebauer@bergheim.de\">karin.neugebauer@bergheim.de<\/a><\/strong><\/em><br \/>\n<a href=\"http:\/\/www.bergheim.de\">www.bergheim.de<\/a><\/p>\n<p>oder schicken uns Ihre Geschichten zur Ver\u00f6ffentlichung unter <a href=\"mailto:senioren-online@gmx.de\">senioren-online@gmx.de.<\/a><\/p>\n","protected":false},"excerpt":{"rendered":"<p><strong>B\u00fcrgerinnen &amp; B\u00fcrger erz\u00e4hlen <\/strong> <strong>Aktion zur Veranstaltungswoche &#8220;Bergheim lebt Vielfalt &#8211; willkommen in unserer Stadt!<\/strong><\/p>\n<p>\u201eSu simmer all he hinjekumme, mir sprechen h\u00fcck all dieselve Sproch. Mir han dodurch su vill jewonne. Mir sin wie mer sin, mir Jecke am Rhing\u201c, singen die Bl\u00e4ck F\u00f6\u00f6ss in ihrem gro\u00dfen Hit \u201eStammbaum\u201c. Egal ob \u201estolzer R\u00f6mer\u201c, &hellip; <\/p>\n<p><a class=\"more-link btn\" href=\"https:\/\/unser-quartier.de\/stadt-bergheim\/2015\/10\/wie-seid-ihr-nach-bergheim-gekommen\/\">Weiterlesen<\/a><\/p>\n","protected":false},"author":133,"featured_media":0,"comment_status":"open","ping_status":"open","sticky":false,"template":"","format":"standard","meta":{"_bbp_topic_count":0,"_bbp_reply_count":0,"_bbp_total_topic_count":0,"_bbp_total_reply_count":0,"_bbp_voice_count":0,"_bbp_anonymous_reply_count":0,"_bbp_topic_count_hidden":0,"_bbp_reply_count_hidden":0,"_bbp_forum_subforum_count":0,"jetpack_post_was_ever_published":false,"_jetpack_newsletter_access":"","_jetpack_dont_email_post_to_subs":false,"_jetpack_newsletter_tier_id":0,"_jetpack_memberships_contains_paywalled_content":false,"_jetpack_memberships_contains_paid_content":false,"footnotes":""},"categories":[1],"tags":[],"class_list":["post-7979","post","type-post","status-publish","format-standard","hentry","category-allgemein","item-wrap"],"jetpack_sharing_enabled":true,"jetpack_featured_media_url":"","jetpack_shortlink":"https:\/\/wp.me\/p3vhfJ-24H","jetpack_likes_enabled":true,"_links":{"self":[{"href":"https:\/\/unser-quartier.de\/stadt-bergheim\/wp-json\/wp\/v2\/posts\/7979","targetHints":{"allow":["GET"]}}],"collection":[{"href":"https:\/\/unser-quartier.de\/stadt-bergheim\/wp-json\/wp\/v2\/posts"}],"about":[{"href":"https:\/\/unser-quartier.de\/stadt-bergheim\/wp-json\/wp\/v2\/types\/post"}],"author":[{"embeddable":true,"href":"https:\/\/unser-quartier.de\/stadt-bergheim\/wp-json\/wp\/v2\/users\/133"}],"replies":[{"embeddable":true,"href":"https:\/\/unser-quartier.de\/stadt-bergheim\/wp-json\/wp\/v2\/comments?post=7979"}],"version-history":[{"count":0,"href":"https:\/\/unser-quartier.de\/stadt-bergheim\/wp-json\/wp\/v2\/posts\/7979\/revisions"}],"wp:attachment":[{"href":"https:\/\/unser-quartier.de\/stadt-bergheim\/wp-json\/wp\/v2\/media?parent=7979"}],"wp:term":[{"taxonomy":"category","embeddable":true,"href":"https:\/\/unser-quartier.de\/stadt-bergheim\/wp-json\/wp\/v2\/categories?post=7979"},{"taxonomy":"post_tag","embeddable":true,"href":"https:\/\/unser-quartier.de\/stadt-bergheim\/wp-json\/wp\/v2\/tags?post=7979"}],"curies":[{"name":"wp","href":"https:\/\/api.w.org\/{rel}","templated":true}]}}