{"id":8105,"date":"2015-10-11T19:38:42","date_gmt":"2015-10-11T17:38:42","guid":{"rendered":"http:\/\/unser-quartier.de\/stadt-bergheim\/?p=8105"},"modified":"2015-10-11T19:39:26","modified_gmt":"2015-10-11T17:39:26","slug":"denkt-darueber-nach","status":"publish","type":"post","link":"https:\/\/unser-quartier.de\/stadt-bergheim\/2015\/10\/denkt-darueber-nach\/","title":{"rendered":"Denkt dar\u00fcber nach&#8230;"},"content":{"rendered":"<p><span style=\"font-size: 12pt\">\u201e Das Versiegen des Blutes, das die Arterien, die das Herz und die anderen K\u00f6rperteile ern\u00e4hrt, ist die Ursache f\u00fcr das versiegen alter Menschen. Ihre Arterien sind vertrocknet, zusammengeschrumpft und welk. Die Arterien und Venen bei den alten Leuten bekommen eine so dicke Haut, dass diese den Durchgang des Blutes verschlie\u00dft\u201c.<\/span><br \/>\n<span style=\"font-size: 12pt\">Diese Worte schrieb vor \u00fcber f\u00fcnfhundert Jahre der Maler Leonardo da Vinci. Leonardo hatte die Adern alter Menschen verglichen mit denen von einem kleinen Kind und stellte fest, dass durch die Ablagerungen bei den alten Menschen das Blut nicht mehr richtig flie\u00dfen konnte. Er hatte an die drei\u00dfig Leichen seziert und deshalb konnte er mit diesen Worten eine Krankheit beschreiben, die erst dreihundert Jahre sp\u00e4ter den Namen Arteriosklerose bekommen sollte.<\/span><br \/>\n<span style=\"font-size: 12pt\">Ein Krankheitsbild, das wir heute sehr gut kennen und die Ursache f\u00fcr eine Vielzahl von Krankheiten sein kann, allen voran Herzinfarkt, Schlaganfall und Alzheimer. Durch die zu fette und fleischreiche Ern\u00e4hrung haben sich bei den meisten alten Menschen die Adern und Venen \u00fcber Jahrzehnte durch Ablagerungen verengt und die Organe, die auf den Blutstrom angewiesen sind, k\u00f6nnen ihr Arbeit nicht mehr richtig ausf\u00fchren.<\/span><br \/>\n<span style=\"font-size: 12pt\">Was hat sich da abgelagert? Allgemein Plaque genannt, besteht diese Verdickung aus Kalk, Fett und andere Bestandteile. Der K\u00f6rper kann diesen Abfall nicht abtransportieren und lagert ihn im K\u00f6rper ab, genauso wird der \u00fcbersch\u00fcssige Kalk in den Gelenken deponiert, was dann Rheuma und Arthritis verursachen kann. Was k\u00f6nnen wir tun um diese krank machende Prozesse zu verhindern oder r\u00fcckg\u00e4ngig zu machen?<\/span><br \/>\n<span style=\"font-size: 12pt\">Wir sollten unseren K\u00f6rper regelm\u00e4\u00dfig ents\u00e4uern. Wenn wir die Kaffeemaschine oder andere Ger\u00e4te entkalken wollen, nehmen wir Zitronens\u00e4ure oder Essig, das sollte dann auch den K\u00f6rper helfen, sich zu reinigen. Regelm\u00e4\u00dfig frisch ausgepressten Zitronensaft oder einen L\u00f6ffel Apfelessig in einem Glas Wasser wirkt schon Wunder, am besten jeden Morgen vor dem Fr\u00fchst\u00fcck. F\u00fcr unsere Gro\u00dfm\u00fctter war Kaisernatron ein Allzweckmittel. Auch wir k\u00f6nnen es einsetzen, um die S\u00e4uren im K\u00f6rper los zu werden. Jeden Morgen ein Teel\u00f6ffel im Wasser aufgel\u00f6st gen\u00fcgt, um den K\u00f6rper durch zu putzen. Am besten Zitronens\u00e4ure, Apfelessig und Natron im Wechsel. F\u00fchlt man sich dann wieder fitter, legt man eine Pause ein.<\/span><br \/>\n<span style=\"font-size: 12pt\">Es m\u00fcssen nicht immer teure Medikamente sein, die uns helfen wieder gesund zu werden. Besser, man l\u00e4sst es gar nicht erst soweit kommen und beugt dem Alterungsprozess vor durch regelm\u00e4\u00dfige Reinigung und Ents\u00e4uerung. <\/span><\/p>\n<p><span style=\"font-size: 12pt\">Viel Erfolg und gute Reinigung w\u00fcnscht\u00a0Margriet Dreyer<\/span><\/p>\n","protected":false},"excerpt":{"rendered":"<p>\u201e Das Versiegen des Blutes, das die Arterien, die das Herz und die anderen K\u00f6rperteile ern\u00e4hrt, ist die Ursache f\u00fcr das versiegen alter Menschen. Ihre Arterien sind vertrocknet, zusammengeschrumpft und welk. Die Arterien und Venen bei den alten Leuten bekommen eine so dicke Haut, dass diese den Durchgang des Blutes verschlie\u00dft\u201c. Diese Worte schrieb vor &hellip; <\/p>\n<p><a class=\"more-link btn\" href=\"https:\/\/unser-quartier.de\/stadt-bergheim\/2015\/10\/denkt-darueber-nach\/\">Weiterlesen<\/a><\/p>\n","protected":false},"author":48,"featured_media":0,"comment_status":"open","ping_status":"open","sticky":false,"template":"","format":"standard","meta":{"_bbp_topic_count":0,"_bbp_reply_count":0,"_bbp_total_topic_count":0,"_bbp_total_reply_count":0,"_bbp_voice_count":0,"_bbp_anonymous_reply_count":0,"_bbp_topic_count_hidden":0,"_bbp_reply_count_hidden":0,"_bbp_forum_subforum_count":0,"jetpack_post_was_ever_published":false,"_jetpack_newsletter_access":"","_jetpack_dont_email_post_to_subs":false,"_jetpack_newsletter_tier_id":0,"_jetpack_memberships_contains_paywalled_content":false,"_jetpack_memberships_contains_paid_content":false,"footnotes":""},"categories":[1,66],"tags":[],"class_list":["post-8105","post","type-post","status-publish","format-standard","hentry","category-allgemein","category-gesundheit","item-wrap"],"jetpack_sharing_enabled":true,"jetpack_featured_media_url":"","jetpack_shortlink":"https:\/\/wp.me\/p3vhfJ-26J","jetpack_likes_enabled":true,"_links":{"self":[{"href":"https:\/\/unser-quartier.de\/stadt-bergheim\/wp-json\/wp\/v2\/posts\/8105","targetHints":{"allow":["GET"]}}],"collection":[{"href":"https:\/\/unser-quartier.de\/stadt-bergheim\/wp-json\/wp\/v2\/posts"}],"about":[{"href":"https:\/\/unser-quartier.de\/stadt-bergheim\/wp-json\/wp\/v2\/types\/post"}],"author":[{"embeddable":true,"href":"https:\/\/unser-quartier.de\/stadt-bergheim\/wp-json\/wp\/v2\/users\/48"}],"replies":[{"embeddable":true,"href":"https:\/\/unser-quartier.de\/stadt-bergheim\/wp-json\/wp\/v2\/comments?post=8105"}],"version-history":[{"count":0,"href":"https:\/\/unser-quartier.de\/stadt-bergheim\/wp-json\/wp\/v2\/posts\/8105\/revisions"}],"wp:attachment":[{"href":"https:\/\/unser-quartier.de\/stadt-bergheim\/wp-json\/wp\/v2\/media?parent=8105"}],"wp:term":[{"taxonomy":"category","embeddable":true,"href":"https:\/\/unser-quartier.de\/stadt-bergheim\/wp-json\/wp\/v2\/categories?post=8105"},{"taxonomy":"post_tag","embeddable":true,"href":"https:\/\/unser-quartier.de\/stadt-bergheim\/wp-json\/wp\/v2\/tags?post=8105"}],"curies":[{"name":"wp","href":"https:\/\/api.w.org\/{rel}","templated":true}]}}