{"id":9737,"date":"2018-02-04T10:00:13","date_gmt":"2018-02-04T09:00:13","guid":{"rendered":"http:\/\/unser-quartier.de\/stadt-bergheim\/?p=9737"},"modified":"2018-02-04T10:30:57","modified_gmt":"2018-02-04T09:30:57","slug":"alt-sind-immer-nur-die-anderen","status":"publish","type":"post","link":"https:\/\/unser-quartier.de\/stadt-bergheim\/2018\/02\/alt-sind-immer-nur-die-anderen\/","title":{"rendered":"Alt sind immer nur die anderen"},"content":{"rendered":"<p><span style=\"font-size: 20px;font-family: arial, helvetica, sans-serif\">Wir bekommen immer wieder R\u00fcckmeldungen von Menschen, die das Seniorenportal Bergheim zwar toll finden, sich aber niemals zur Zielgruppe z\u00e4hlen w\u00fcrden. Jeder will alt werden, aber keiner will alt sein. \u00c4lter werden immer nur die anderen\u2026daf\u00fcr haben wir vom Online-Team nat\u00fcrlich vollstes Verst\u00e4ndnis.<\/span><\/p>\n<p><span style=\"font-size: 20px;font-family: arial, helvetica, sans-serif\">Man ist immer nur so alt wie man sich f\u00fchlt. Aber \u00e4lter werden wir nat\u00fcrlich alle irgendwie. Deshalb sind wir ja auch die besten Fachleute in eigener Sache. Jeder von uns hat Eltern, Freunde, Bekannte, Senioren in der Nachbarschaft, die vielleicht nicht so fit am Computer sind und vielleicht einmal Hilfe oder einen Rat brauchen. Deshalb richtet sich unser Angebot an alle, die mal einen Tipp suchen, sich informieren oder einfach teilhaben wollen am bunten Leben in unserer sch\u00f6nen Stadt Bergheim \u2013 Best Ager oder Silver Surfer, Greise und Gruftis, UHUs und \u00dcHUs, Friedshofsblonde und St\u00fctzstrumpffraktion, Rastlose und Ruhest\u00e4ndler, Alte und Junggebliebene<\/span><\/p>\n<p><span style=\"font-size: 20px;font-family: arial, helvetica, sans-serif\"><strong>\u2013 hier seid Ihr richtig!<\/strong><\/span><\/p>\n<p><span style=\"font-size: 20px;font-family: arial, helvetica, sans-serif\">Von Andrea Flo\u00df<\/span><\/p>\n<p><span style=\"font-family: arial, helvetica, sans-serif;font-size: 20px\">Und jetzt mit einer neuen Gruppe:<\/span><\/p>\n<p><span style=\"font-family: arial, helvetica, sans-serif;font-size: 20px\">Gemeinsam geht\u2018s besser<\/span><\/p>\n<p><span style=\"font-family: arial, helvetica, sans-serif;font-size: 20px\">Macht mit!<\/span><\/p>\n<p><span style=\"font-family: arial, helvetica, sans-serif;font-size: 20px\">w\u00fcnscht sich &#8230;<\/span><\/p>\n<p><span style=\"font-family: arial, helvetica, sans-serif;font-size: 20px\">Koordinator Hans-J\u00fcrgen Knabben<\/span><\/p>\n<p>&nbsp;<\/p>\n","protected":false},"excerpt":{"rendered":"<p>Wir bekommen immer wieder R\u00fcckmeldungen von Menschen, die das Seniorenportal Bergheim zwar toll finden, sich aber niemals zur Zielgruppe z\u00e4hlen w\u00fcrden. Jeder will alt werden, aber keiner will alt sein. \u00c4lter werden immer nur die anderen\u2026daf\u00fcr haben wir vom Online-Team nat\u00fcrlich vollstes Verst\u00e4ndnis.<\/p>\n<p>Man ist immer nur so alt wie man sich f\u00fchlt. Aber \u00e4lter &hellip; <\/p>\n<p><a class=\"more-link btn\" href=\"https:\/\/unser-quartier.de\/stadt-bergheim\/2018\/02\/alt-sind-immer-nur-die-anderen\/\">Weiterlesen<\/a><\/p>\n","protected":false},"author":133,"featured_media":0,"comment_status":"open","ping_status":"open","sticky":false,"template":"","format":"standard","meta":{"_bbp_topic_count":0,"_bbp_reply_count":0,"_bbp_total_topic_count":0,"_bbp_total_reply_count":0,"_bbp_voice_count":0,"_bbp_anonymous_reply_count":0,"_bbp_topic_count_hidden":0,"_bbp_reply_count_hidden":0,"_bbp_forum_subforum_count":0,"jetpack_post_was_ever_published":false,"_jetpack_newsletter_access":"","_jetpack_dont_email_post_to_subs":false,"_jetpack_newsletter_tier_id":0,"_jetpack_memberships_contains_paywalled_content":false,"_jetpack_memberships_contains_paid_content":false,"footnotes":""},"categories":[75],"tags":[],"class_list":["post-9737","post","type-post","status-publish","format-standard","hentry","category-buntes-brett","item-wrap"],"jetpack_sharing_enabled":true,"jetpack_featured_media_url":"","jetpack_shortlink":"https:\/\/wp.me\/p3vhfJ-2x3","jetpack_likes_enabled":true,"_links":{"self":[{"href":"https:\/\/unser-quartier.de\/stadt-bergheim\/wp-json\/wp\/v2\/posts\/9737","targetHints":{"allow":["GET"]}}],"collection":[{"href":"https:\/\/unser-quartier.de\/stadt-bergheim\/wp-json\/wp\/v2\/posts"}],"about":[{"href":"https:\/\/unser-quartier.de\/stadt-bergheim\/wp-json\/wp\/v2\/types\/post"}],"author":[{"embeddable":true,"href":"https:\/\/unser-quartier.de\/stadt-bergheim\/wp-json\/wp\/v2\/users\/133"}],"replies":[{"embeddable":true,"href":"https:\/\/unser-quartier.de\/stadt-bergheim\/wp-json\/wp\/v2\/comments?post=9737"}],"version-history":[{"count":0,"href":"https:\/\/unser-quartier.de\/stadt-bergheim\/wp-json\/wp\/v2\/posts\/9737\/revisions"}],"wp:attachment":[{"href":"https:\/\/unser-quartier.de\/stadt-bergheim\/wp-json\/wp\/v2\/media?parent=9737"}],"wp:term":[{"taxonomy":"category","embeddable":true,"href":"https:\/\/unser-quartier.de\/stadt-bergheim\/wp-json\/wp\/v2\/categories?post=9737"},{"taxonomy":"post_tag","embeddable":true,"href":"https:\/\/unser-quartier.de\/stadt-bergheim\/wp-json\/wp\/v2\/tags?post=9737"}],"curies":[{"name":"wp","href":"https:\/\/api.w.org\/{rel}","templated":true}]}}